{"id":9982,"date":"2025-01-14T15:19:30","date_gmt":"2025-01-14T14:19:30","guid":{"rendered":"https:\/\/www.tui.pl\/blog\/?p=9982"},"modified":"2025-01-17T08:41:52","modified_gmt":"2025-01-17T07:41:52","slug":"czy-do-portugalii-potrzebny-jest-paszport-dowod","status":"publish","type":"post","link":"https:\/\/www.tui.pl\/blog\/czy-do-portugalii-potrzebny-jest-paszport-dowod\/","title":{"rendered":"Czy do Portugalii potrzebny jest paszport lub dow\u00f3d osobisty?"},"content":{"rendered":"\n<p>Podr\u00f3\u017c do Portugalii, jednego z najpi\u0119kniejszych kraj\u00f3w Europy, jest dla polskich turyst\u00f3w wzgl\u0119dnie \u0142atwa, je\u015bli chodzi o kwestie administracyjne. Warto jednak pami\u0119ta\u0107 o kilku innych kwestiach dotycz\u0105cych pobytu w tym pa\u0144stwie, je\u015bli chodzi o wymagane dokumenty. Czy do Portugalii potrzebny jest paszport? A mo\u017ce wystarczy dow\u00f3d osobisty? Wyja\u015bniamy!<\/p>\n\n\n\n<h2 class=\"wp-block-heading\">Wymagane dokumenty podr\u00f3\u017cy do Portugalii<\/h2>\n\n\n\n<p>Podr\u00f3\u017c do Portugalii dla obywateli Unii Europejskiej, w tym Polski, jest wyj\u0105tkowo prosta dzi\u0119ki przynale\u017cno\u015bci do strefy Schengen. Wystarczy mie\u0107 przy sobie podstawowe dokumenty. Dow\u00f3d osobisty jest wystarczaj\u0105cy dla wi\u0119kszo\u015bci podr\u00f3\u017cnych, zw\u0142aszcza na kr\u00f3tkie wyjazdy turystyczne do 90 dni. Paszport jest r\u00f3wnie\u017c honorowany, ale nie jest konieczny, je\u015bli posiadasz dow\u00f3d osobisty\u200b.<\/p>\n\n\n\n<p>Dokumentem podr\u00f3\u017cy uprawniaj\u0105cym do przekroczenia granicy i pobytu na terenie kraju jest aktualny dow\u00f3d osobisty. Dotyczy to zar\u00f3wno cz\u0119\u015bci kontynentalnej terytorium Portugalii, jak i region\u00f3w autonomicznych, takich jak <a href=\"https:\/\/www.tui.pl\/wypoczynek\/portugalia\/madera\" target=\"_blank\" data-type=\"link\" data-id=\"https:\/\/www.tui.pl\/wypoczynek\/portugalia\/madera\" rel=\"noreferrer noopener\">Madera<\/a>. Wa\u017cne jest, aby dokument by\u0142 aktualny przez ca\u0142y okres planowanego pobytu.<\/p>\n\n\n\n<p>Je\u015bli planujesz pobyt d\u0142u\u017cszy ni\u017c 90 dni, musisz zarejestrowa\u0107 si\u0119 w lokalnym urz\u0119dzie miasta (Camara Municipal) lub w urz\u0119dzie ds. cudzoziemc\u00f3w i granic (SEF), aby uzyska\u0107 za\u015bwiadczenie o zarejestrowaniu pobytu obywatela UE lub kart\u0119 pobytu. Do tego niezb\u0119dne jest posiadanie ubezpieczenia zdrowotnego oraz \u015brodk\u00f3w na pokrycie koszt\u00f3w utrzymania\u200b\u200b.<\/p>\n\n\n\n<p>W przypadku podr\u00f3\u017cy samochodem, bardzo wa\u017cna jest polisa OC. Je\u015bli policja stwierdzi brak wa\u017cnej polisy, mo\u017ce ukara\u0107 kierowc\u0119 mandatem w wysoko\u015bci od 500 do 2500 EUR, a tak\u017ce zatrzyma\u0107 pojazd do czasu wyja\u015bnienia i op\u0142acenia wszelkich koszt\u00f3w zwi\u0105zanych z przywr\u00f3ceniem wa\u017cno\u015bci polisy ubezpieczeniowej.<\/p>\n\n\n\n<figure class=\"wp-block-image size-full\"><img loading=\"lazy\" decoding=\"async\" width=\"1000\" height=\"666\" src=\"https:\/\/www.tui.pl\/blog\/wp-content\/uploads\/2025\/01\/shutterstock_2057117525.jpg\" alt=\"Czy do Portugalii potrzebny jest paszport - Portimao\" class=\"wp-image-9978\" title=\"\" srcset=\"https:\/\/www.tui.pl\/blog\/wp-content\/uploads\/2025\/01\/shutterstock_2057117525.jpg 1000w, https:\/\/www.tui.pl\/blog\/wp-content\/uploads\/2025\/01\/shutterstock_2057117525-600x400.jpg 600w, https:\/\/www.tui.pl\/blog\/wp-content\/uploads\/2025\/01\/shutterstock_2057117525-768x511.jpg 768w, https:\/\/www.tui.pl\/blog\/wp-content\/uploads\/2025\/01\/shutterstock_2057117525-585x390.jpg 585w, https:\/\/www.tui.pl\/blog\/wp-content\/uploads\/2025\/01\/shutterstock_2057117525-263x175.jpg 263w\" sizes=\"auto, (max-width: 1000px) 100vw, 1000px\" \/><\/figure>\n\n\n\n<h2 class=\"wp-block-heading\">Ubezpieczenie zdrowotne w Portugalii<\/h2>\n\n\n\n<p>Przed zaplanowaniem pobytu w Portugalii warto zadba\u0107 o zapewnienie sobie odpowiedniego <a href=\"https:\/\/www.tui.pl\/ubezpieczenia-turystyczne\" target=\"_blank\" data-type=\"link\" data-id=\"https:\/\/www.tui.pl\/ubezpieczenia-turystyczne\" rel=\"noreferrer noopener\">ubezpieczenia podr\u00f3\u017cnego<\/a>, kt\u00f3re uprawnia do korzystania ze \u015bwiadcze\u0144 medycznych w publicznych plac\u00f3wkach zdrowotnych bez ponoszenia koszt\u00f3w. Dzi\u0119ki temu mo\u017cna te\u017c zapewni\u0107 sobie podstawow\u0105 pomoc medyczn\u0105, kt\u00f3rej zakres uzale\u017cniony jest od wykupionego pakietu\u200b.<\/p>\n\n\n\n<p>Dodatkowe ubezpieczenie prywatne mo\u017ce obejmowa\u0107 koszty leczenia w prywatnych szpitalach i klinikach, specjalistyczny transport medyczny, a tak\u017ce pokrycie koszt\u00f3w zwi\u0105zanych z powa\u017cnymi wypadkami lub chorobami. Warto rozwa\u017cy\u0107 taki wariant, aby mie\u0107 pewno\u015b\u0107, \u017ce wszystkie ewentualne koszty b\u0119d\u0105 pokryte\u200b\u200b.<\/p>\n\n\n\n<p>Posiadanie wa\u017cnego ubezpieczenia zdrowotnego jest r\u00f3wnie\u017c wymagane przy ubieganiu si\u0119 o za\u015bwiadczenie o zarejestrowaniu pobytu obywatela UE lub kart\u0119 pobytu. Dokument ten jest niezb\u0119dny przy pobycie przekraczaj\u0105cym 90 dni\u200b.<\/p>\n\n\n\n<h2 class=\"wp-block-heading\">Bezpiecze\u0144stwo i dokumenty podr\u00f3\u017cy w Portugalii<\/h2>\n\n\n\n<p>Podczas podr\u00f3\u017cy do Portugalii zaleca si\u0119 posiadanie zar\u00f3wno dowodu osobistego, jak i paszportu, chocia\u017c formalnie wystarczy jeden z tych dokument\u00f3w. Warto jednak rozwa\u017cy\u0107 zabranie obu dokument\u00f3w i przechowywanie ich w osobnych miejscach, aby zminimalizowa\u0107 ryzyko problem\u00f3w w przypadku kradzie\u017cy\u200b\u200b.<\/p>\n\n\n\n<p><a href=\"https:\/\/www.tui.pl\/wypoczynek\/portugalia\" target=\"_blank\" data-type=\"link\" data-id=\"https:\/\/www.tui.pl\/wypoczynek\/portugalia\" rel=\"noreferrer noopener\">Portugalia<\/a> jest bezpiecznym krajem, jednak jak wsz\u0119dzie, istnieje ryzyko drobnych kradzie\u017cy, zw\u0142aszcza w miejscach turystycznych. Zaleca si\u0119 zachowanie ostro\u017cno\u015bci i unikanie pozostawiania warto\u015bciowych przedmiot\u00f3w w widocznych miejscach\u200b. W przypadku d\u0142u\u017cszego pobytu, przekraczaj\u0105cego 90 dni, nale\u017cy zg\u0142osi\u0107 si\u0119 do lokalnego urz\u0119du i uzyska\u0107 za\u015bwiadczenie o zarejestrowaniu pobytu. Proces ten obejmuje przedstawienie dowodu osobistego lub paszportu oraz udokumentowanie posiadania ubezpieczenia zdrowotnego i \u015brodk\u00f3w na utrzymanie\u200b.<\/p>\n\n\n\n<figure class=\"wp-block-image size-full\"><img loading=\"lazy\" decoding=\"async\" width=\"1000\" height=\"667\" src=\"https:\/\/www.tui.pl\/blog\/wp-content\/uploads\/2025\/01\/shutterstock_2468665563.jpg\" alt=\"Czy do Portugalii potrzebny jest paszport - Cabo De Larano\" class=\"wp-image-9981\" title=\"\" srcset=\"https:\/\/www.tui.pl\/blog\/wp-content\/uploads\/2025\/01\/shutterstock_2468665563.jpg 1000w, https:\/\/www.tui.pl\/blog\/wp-content\/uploads\/2025\/01\/shutterstock_2468665563-600x400.jpg 600w, https:\/\/www.tui.pl\/blog\/wp-content\/uploads\/2025\/01\/shutterstock_2468665563-768x512.jpg 768w, https:\/\/www.tui.pl\/blog\/wp-content\/uploads\/2025\/01\/shutterstock_2468665563-585x390.jpg 585w, https:\/\/www.tui.pl\/blog\/wp-content\/uploads\/2025\/01\/shutterstock_2468665563-263x175.jpg 263w\" sizes=\"auto, (max-width: 1000px) 100vw, 1000px\" \/><\/figure>\n\n\n\n<h2 class=\"wp-block-heading\">Dzia\u0142alno\u015b\u0107 gospodarcza i prawa obywateli UE w Portugalii<\/h2>\n\n\n\n<p>Obywatele Unii Europejskiej maj\u0105 prawo prowadzenia dzia\u0142alno\u015bci gospodarczej na terenie Portugalii bez konieczno\u015bci spe\u0142niania dodatkowych warunk\u00f3w. Mo\u017cna za\u0142o\u017cy\u0107 firm\u0119, podj\u0105\u0107 prac\u0119 lub studiowa\u0107, pod warunkiem posiadania wa\u017cnego dowodu osobistego lub paszportu.<\/p>\n\n\n\n<p>Je\u015bli planujesz d\u0142u\u017cszy pobyt w Portugalii w celu prowadzenia dzia\u0142alno\u015bci gospodarczej, dodatkowo trzeba zarejestrowa\u0107 si\u0119 w lokalnym urz\u0119dzie i uzyska\u0107 odpowiednie dokumenty pobytowe. Wymagane b\u0119dzie udokumentowanie posiadania ubezpieczenia zdrowotnego oraz \u015brodk\u00f3w na pokrycie koszt\u00f3w utrzymania\u200b\u200b.<\/p>\n\n\n\n<p>Prawo do swobodnego przemieszczania si\u0119 i podejmowania pracy jest jednym z fundament\u00f3w Unii Europejskiej, co znacz\u0105co u\u0142atwia \u017cycie obywatelom pa\u0144stw cz\u0142onkowskich. W Portugalii przepisy te s\u0105 \u015bci\u015ble przestrzegane, a to umo\u017cliwia \u0142atwe osiedlanie si\u0119 i prowadzenie dzia\u0142alno\u015bci gospodarczej\u200b.<\/p>\n\n\n\n<h2 class=\"wp-block-heading\">Dost\u0119p do opieki zdrowotnej na terytorium Portugalii<\/h2>\n\n\n\n<p>Portugalia w wielu miejscach w kraju mo\u017ce si\u0119 pochwali\u0107 rozbudowan\u0105 sieci\u0105 publicznych plac\u00f3wek opieki zdrowotnej, z kt\u00f3rych mog\u0105 korzysta\u0107 obywatele UE posiadaj\u0105cy Europejsk\u0105 Kart\u0119 Ubezpieczenia Zdrowotnego (EKUZ). Karta ta uprawnia do podstawowej pomocy medycznej w nag\u0142ych przypadkach, jednak nie obejmuje wszystkich koszt\u00f3w leczenia\u200b\u200b.<\/p>\n\n\n\n<p>Publiczne us\u0142ugi medyczne w Portugalii s\u0105 cz\u0119\u015bciowo p\u0142atne, co oznacza, \u017ce nawet posiadaj\u0105c EKUZ, mo\u017cna by\u0107 zobowi\u0105zanym do op\u0142acenia pewnych koszt\u00f3w administracyjnych. Na przyk\u0142ad, wizyta w przychodni publicznej kosztuje oko\u0142o 5 euro, a wizyta na ostrym dy\u017curze oko\u0142o 20 euro\u200b. Dla pe\u0142nego pokrycia koszt\u00f3w leczenia zaleca si\u0119 wykupienie dodatkowego ubezpieczenia prywatnego, kt\u00f3re pokryje koszty leczenia w prywatnych plac\u00f3wkach oraz dodatkowe us\u0142ugi medyczne, takie jak transport medyczny czy specjalistyczne konsultacje.<\/p>\n\n\n\n<h2 class=\"wp-block-heading\">Znaczenie dowodu osobistego w podr\u00f3\u017cach po UE<\/h2>\n\n\n\n<p>Dow\u00f3d osobisty jest nie tylko dokumentem to\u017csamo\u015bci, ale r\u00f3wnie\u017c kluczowym dokumentem podr\u00f3\u017cy dla obywateli Unii Europejskiej. Umo\u017cliwia on swobodne przemieszczanie si\u0119 i pobyt na terenie innych pa\u0144stw cz\u0142onkowskich bez konieczno\u015bci spe\u0142niania dodatkowych formalno\u015bci. Prawo to obejmuje r\u00f3wnie\u017c cz\u0142onk\u00f3w rodziny obywatela UE, niezale\u017cnie od ich przynale\u017cno\u015bci pa\u0144stwowej\u200b\u200b.<\/p>\n\n\n\n<p>Dow\u00f3d osobisty jest r\u00f3wnie\u017c wymagany przy wje\u017adzie do Portugalii dla obywateli innych pa\u0144stw cz\u0142onkowskich UE, w tym Polski. W przypadku dzieci wymagane jest posiadanie tymczasowego dowodu osobistego lub paszportu\u200b. Nale\u017cy pami\u0119ta\u0107, \u017ce ograniczenia swobodnego przemieszczania si\u0119 mog\u0105 wyst\u0105pi\u0107 w wyj\u0105tkowych sytuacjach, na przyk\u0142ad ze wzgl\u0119du na zasady polityki bezpiecze\u0144stwa lub zdrowia publicznego. W takich przypadkach w\u0142adze mog\u0105 wymaga\u0107 dodatkowych dokument\u00f3w lub za\u015bwiadcze\u0144.<\/p>\n\n\n\n<figure class=\"wp-block-image size-full\"><img loading=\"lazy\" decoding=\"async\" width=\"1000\" height=\"666\" src=\"https:\/\/www.tui.pl\/blog\/wp-content\/uploads\/2025\/01\/shutterstock_2463213909.jpg\" alt=\"Czy do Portugalii potrzebny jest paszport - Praia Da Marinha\" class=\"wp-image-9980\" title=\"\" srcset=\"https:\/\/www.tui.pl\/blog\/wp-content\/uploads\/2025\/01\/shutterstock_2463213909.jpg 1000w, https:\/\/www.tui.pl\/blog\/wp-content\/uploads\/2025\/01\/shutterstock_2463213909-600x400.jpg 600w, https:\/\/www.tui.pl\/blog\/wp-content\/uploads\/2025\/01\/shutterstock_2463213909-768x511.jpg 768w, https:\/\/www.tui.pl\/blog\/wp-content\/uploads\/2025\/01\/shutterstock_2463213909-585x390.jpg 585w, https:\/\/www.tui.pl\/blog\/wp-content\/uploads\/2025\/01\/shutterstock_2463213909-263x175.jpg 263w\" sizes=\"auto, (max-width: 1000px) 100vw, 1000px\" \/><\/figure>\n","protected":false},"excerpt":{"rendered":"<p>Podr\u00f3\u017c do Portugalii, jednego z najpi\u0119kniejszych kraj\u00f3w Europy, jest dla polskich turyst\u00f3w wzgl\u0119dnie \u0142atwa, je\u015bli chodzi o kwestie administracyjne. Warto jednak pami\u0119ta\u0107 o kilku innych kwestiach dotycz\u0105cych pobytu w tym&hellip;<\/p>\n","protected":false},"author":49,"featured_media":9979,"comment_status":"closed","ping_status":"closed","sticky":false,"template":"","format":"standard","meta":{"_lmt_disableupdate":"","_lmt_disable":"","footnotes":""},"categories":[9,182,30],"tags":[735,745,761],"class_list":["post-9982","post","type-post","status-publish","format-standard","has-post-thumbnail","hentry","category-europa","category-podroze","category-portugalia","tag-ciekawostki","tag-gdzie-na-wakacje","tag-przewodnik"],"home_img_url":"https:\/\/www.tui.pl\/blog\/wp-content\/uploads\/2025\/01\/shutterstock_2289334813-585x390.jpg","home_img_alt":"Czy do Portugalii potrzebny jest paszport - Praia","_links":{"self":[{"href":"https:\/\/www.tui.pl\/blog\/wp-json\/wp\/v2\/posts\/9982","targetHints":{"allow":["GET"]}}],"collection":[{"href":"https:\/\/www.tui.pl\/blog\/wp-json\/wp\/v2\/posts"}],"about":[{"href":"https:\/\/www.tui.pl\/blog\/wp-json\/wp\/v2\/types\/post"}],"author":[{"embeddable":true,"href":"https:\/\/www.tui.pl\/blog\/wp-json\/wp\/v2\/users\/49"}],"replies":[{"embeddable":true,"href":"https:\/\/www.tui.pl\/blog\/wp-json\/wp\/v2\/comments?post=9982"}],"version-history":[{"count":2,"href":"https:\/\/www.tui.pl\/blog\/wp-json\/wp\/v2\/posts\/9982\/revisions"}],"predecessor-version":[{"id":10046,"href":"https:\/\/www.tui.pl\/blog\/wp-json\/wp\/v2\/posts\/9982\/revisions\/10046"}],"wp:featuredmedia":[{"embeddable":true,"href":"https:\/\/www.tui.pl\/blog\/wp-json\/wp\/v2\/media\/9979"}],"wp:attachment":[{"href":"https:\/\/www.tui.pl\/blog\/wp-json\/wp\/v2\/media?parent=9982"}],"wp:term":[{"taxonomy":"category","embeddable":true,"href":"https:\/\/www.tui.pl\/blog\/wp-json\/wp\/v2\/categories?post=9982"},{"taxonomy":"post_tag","embeddable":true,"href":"https:\/\/www.tui.pl\/blog\/wp-json\/wp\/v2\/tags?post=9982"}],"curies":[{"name":"wp","href":"https:\/\/api.w.org\/{rel}","templated":true}]}}