{"id":9892,"date":"2024-12-20T10:24:49","date_gmt":"2024-12-20T09:24:49","guid":{"rendered":"https:\/\/www.tui.pl\/blog\/?p=9892"},"modified":"2024-12-23T11:47:20","modified_gmt":"2024-12-23T10:47:20","slug":"start-sezonu-zima-2025-2026-first-minute-dla-stalych-klientow","status":"publish","type":"post","link":"https:\/\/www.tui.pl\/blog\/start-sezonu-zima-2025-2026-first-minute-dla-stalych-klientow\/","title":{"rendered":"Start sezonu Zima 2025\/2026 First Minute\u00ae dla sta\u0142ych klient\u00f3w!"},"content":{"rendered":"\n<p>Ko\u0144c\u00f3wka grudnia to \u015bwietny czas na zaplanowanie wakacji z wyprzedzeniem. TUI udost\u0119pni\u0142o do sprzeda\u017cy <a href=\"https:\/\/www.tui.pl\/321przedsprzedaz?pm_source=blog&amp;pm_name=banner_w2526przedsprzedaz&amp;q=%3Aprice%3AbyPlane%3AT%3AadditionalType%3AGT03%2523TUZ-W2526%3AdF%3A6%3AdT%3A15%3AstartDate%3A01.11.2025%3AendDate%3A30.04.2026%3ActAdult%3A2%3ActChild%3A0%3AminHotelCategory%3AdefaultHotelCategory%3AtripAdvisorRating%3AdefaultTripAdvisorRating%3Abeach_distance%3AdefaultBeachDistance%3AtripType%3AWS&amp;fullPrice=false\" target=\"_blank\" rel=\"noreferrer noopener\">pierwsze oferty tylko dla sta\u0142ych klient\u00f3w<\/a> na sezon <strong>Zima 2025\/2026 First Minute\u00ae<\/strong>. Oznacza to, \u017ce oferta dost\u0119pna jest po zalogowaniu do <a href=\"https:\/\/www.tui.pl\/mytui\/logowanie\" target=\"_blank\" rel=\"noreferrer noopener\"><strong>myTUI<\/strong><\/a> dla klient\u00f3w posiadaj\u0105cych co najmniej jedn\u0105 historyczn\u0105 b\u0105d\u017a nadchodz\u0105c\u0105 rezerwacj\u0119. W ramach przedsprzeda\u017cy przygotowali\u015bmy starannie wyselekcjonowane obiekty w najpopularniejszych kierunkach wakacyjnych! <\/p>\n\n\n\n<p>Promocja trwa <strong>od 19.12.2024 do 08.01.2025 roku<\/strong>. Zarezerwuj wymarzony urlop ju\u017c dzi\u015b i zyskaj Pakiet Benefit\u00f3w Gratis:<\/p>\n\n\n\n<ul class=\"wp-block-list\">\n<li><strong>Zaliczka tylko 5% <\/strong>\u2013 dop\u0142ata dopiero na 25 dni przed wyjazdem!<\/li>\n\n\n\n<li><strong>Pakiet Elastyczny Premium GRATIS<\/strong> \u2013 zyskujesz mo\u017cliwo\u015b\u0107 nieograniczonej liczby zmian rezerwacji do 25 dni przed wyjazdem, w ramach tego samego sezonu oraz jednej zmiany na inny sezon.<\/li>\n\n\n\n<li><strong>Gwarancja Niezmienno\u015bci Ceny GRATIS <\/strong>\u2013 dzi\u0119ki takiej us\u0142udze masz pewno\u015b\u0107, \u017ce cena rezerwacji nie zmieni si\u0119, nawet je\u017celi zostanie podniesiona przez TUI innym klientom (dotyczy m.in. kurs\u00f3w walut, op\u0142at lotniskowych i portowych).<\/li>\n<\/ul>\n\n\n\n<p>Wybierz wymarzon\u0105 destynacj\u0119 spo\u015br\u00f3d najpi\u0119kniejszych zak\u0105tk\u00f3w \u015bwiata. Gdzie mo\u017cesz pojecha\u0107 w ramach oferty Zima 2025\/2026 First Minute? Oto pierwsze dost\u0119pne kierunki: <strong><a href=\"https:\/\/www.tui.pl\/wypoczynek\/dominikana\" target=\"_blank\" rel=\"noreferrer noopener\">Dominikana<\/a>, <a href=\"https:\/\/www.tui.pl\/wypoczynek\/egipt\" target=\"_blank\" rel=\"noreferrer noopener\">Egipt<\/a>, <a href=\"https:\/\/www.tui.pl\/wypoczynek\/wyspy-kanaryjskie\/fuerteventura\" target=\"_blank\" rel=\"noreferrer noopener\">Fuerteventura<\/a>, <a href=\"https:\/\/www.tui.pl\/wypoczynek\/wyspy-kanaryjskie\/gran-canaria\" target=\"_blank\" rel=\"noreferrer noopener\">Gran Canaria<\/a>, <a href=\"https:\/\/www.tui.pl\/wypoczynek\/kenia\" target=\"_blank\" rel=\"noreferrer noopener\">Kenia<\/a>, <a href=\"https:\/\/www.tui.pl\/wypoczynek\/portugalia\/madera\" target=\"_blank\" rel=\"noreferrer noopener\">Madera<\/a>, <a href=\"https:\/\/www.tui.pl\/wypoczynek\/maroko\" target=\"_blank\" rel=\"noreferrer noopener\">Maroko<\/a>, <a href=\"https:\/\/www.tui.pl\/wypoczynek\/mauritius\" target=\"_blank\" rel=\"noreferrer noopener\">Mauritius<\/a>, <a href=\"https:\/\/www.tui.pl\/wypoczynek\/meksyk\" target=\"_blank\" rel=\"noreferrer noopener\">Meksyk<\/a>, <a href=\"https:\/\/www.tui.pl\/wypoczynek\/wyspy-kanaryjskie\/lanzarote\" target=\"_blank\" rel=\"noreferrer noopener\">Lanzarote<\/a>, <a href=\"https:\/\/www.tui.pl\/wypoczynek\/wyspy-kanaryjskie\/teneryfa\" target=\"_blank\" rel=\"noreferrer noopener\">Teneryfa<\/a>, <a href=\"https:\/\/www.tui.pl\/wypoczynek\/turcja\" target=\"_blank\" rel=\"noreferrer noopener\">Turcja,<\/a> <a href=\"https:\/\/www.tui.pl\/wypoczynek\/wyspy-zielonego-przyladka\" target=\"_blank\" rel=\"noreferrer noopener\">Wyspy Zielonego Przyl\u0105dka<\/a>, <a href=\"https:\/\/www.tui.pl\/wypoczynek\/zanzibar\" target=\"_blank\" rel=\"noreferrer noopener\">Zanzibar<\/a>, <a href=\"https:\/\/www.tui.pl\/wypoczynek\/zjednoczone-emiraty-arabskie\" target=\"_blank\" rel=\"noreferrer noopener\">Zjednoczone Emiraty Arabskie<\/a>.<\/strong><\/p>\n\n\n\n<h3 class=\"wp-block-heading\"><strong>Dlaczego warto kupowa\u0107 w First Minute w TUI?<\/strong><\/h3>\n\n\n\n<p>Kupowanie wakacji First Minute oferuje szereg istotnych korzy\u015bci. Przede wszystkim rezerwacja z wyprzedzeniem zapewnia znacznie ni\u017csze ceny oraz atrakcyjne rabaty w por\u00f3wnaniu do ofert dost\u0119pnych w p\u00f3\u017aniejszym terminie. Klienci mog\u0105 liczy\u0107 na nisk\u0105 zaliczk\u0119, wynosz\u0105c\u0105 zaledwie 5% oraz dodatkowe benefity.<\/p>\n\n\n\n<p>Najwi\u0119ksz\u0105 zalet\u0105 wczesnej rezerwacji jest du\u017ca dost\u0119pno\u015b\u0107 kierunk\u00f3w, termin\u00f3w i najlepszych hoteli. Ma to szczeg\u00f3lne znaczenie przy planowaniu wakacji rodzinnych, gdy zale\u017cy nam na konkretnym standardzie zakwaterowania czy dogodnych godzinach przelotu. First Minute to tak\u017ce spok\u00f3j i komfort psychiczny \u2013 zyskujemy pewno\u015b\u0107, \u017ce nasz wymarzony urlop jest ju\u017c zarezerwowany, a wszystkie koszty zosta\u0142y precyzyjnie okre\u015blone i nie ulegn\u0105 zmianie do dnia wyjazdu.<\/p>\n\n\n\n<p><strong>Zach\u0119camy do regularnego sprawdzania oferty First Minute, kt\u00f3r\u0105 stale wzbogacamy o nowe, atrakcyjne kierunki i najlepsze hotele.<\/strong><\/p>\n","protected":false},"excerpt":{"rendered":"<p>Ko\u0144c\u00f3wka grudnia to \u015bwietny czas na zaplanowanie wakacji z wyprzedzeniem. TUI udost\u0119pni\u0142o do sprzeda\u017cy pierwsze oferty tylko dla sta\u0142ych klient\u00f3w na sezon Zima 2025\/2026 First Minute\u00ae. Oznacza to, \u017ce oferta&hellip;<\/p>\n","protected":false},"author":52,"featured_media":9893,"comment_status":"closed","ping_status":"closed","sticky":false,"template":"","format":"standard","meta":{"_lmt_disableupdate":"","_lmt_disable":"","footnotes":""},"categories":[182],"tags":[745,766,767],"class_list":["post-9892","post","type-post","status-publish","format-standard","has-post-thumbnail","hentry","category-podroze","tag-gdzie-na-wakacje","tag-wakacje-z-tui","tag-wakacje-zima"],"home_img_url":"https:\/\/www.tui.pl\/blog\/wp-content\/uploads\/2024\/12\/shutterstock_2499811857-1-585x390.jpg","home_img_alt":"Fuertaventura to idealna destynacja na opcj\u0119 Zima 2025\/2026 First Minute\u00ae.","_links":{"self":[{"href":"https:\/\/www.tui.pl\/blog\/wp-json\/wp\/v2\/posts\/9892","targetHints":{"allow":["GET"]}}],"collection":[{"href":"https:\/\/www.tui.pl\/blog\/wp-json\/wp\/v2\/posts"}],"about":[{"href":"https:\/\/www.tui.pl\/blog\/wp-json\/wp\/v2\/types\/post"}],"author":[{"embeddable":true,"href":"https:\/\/www.tui.pl\/blog\/wp-json\/wp\/v2\/users\/52"}],"replies":[{"embeddable":true,"href":"https:\/\/www.tui.pl\/blog\/wp-json\/wp\/v2\/comments?post=9892"}],"version-history":[{"count":14,"href":"https:\/\/www.tui.pl\/blog\/wp-json\/wp\/v2\/posts\/9892\/revisions"}],"predecessor-version":[{"id":10739,"href":"https:\/\/www.tui.pl\/blog\/wp-json\/wp\/v2\/posts\/9892\/revisions\/10739"}],"wp:featuredmedia":[{"embeddable":true,"href":"https:\/\/www.tui.pl\/blog\/wp-json\/wp\/v2\/media\/9893"}],"wp:attachment":[{"href":"https:\/\/www.tui.pl\/blog\/wp-json\/wp\/v2\/media?parent=9892"}],"wp:term":[{"taxonomy":"category","embeddable":true,"href":"https:\/\/www.tui.pl\/blog\/wp-json\/wp\/v2\/categories?post=9892"},{"taxonomy":"post_tag","embeddable":true,"href":"https:\/\/www.tui.pl\/blog\/wp-json\/wp\/v2\/tags?post=9892"}],"curies":[{"name":"wp","href":"https:\/\/api.w.org\/{rel}","templated":true}]}}