{"id":9698,"date":"2025-12-29T15:31:00","date_gmt":"2025-12-29T14:31:00","guid":{"rendered":"https:\/\/www.tui.pl\/blog\/?p=9698"},"modified":"2026-01-09T16:03:31","modified_gmt":"2026-01-09T15:03:31","slug":"czy-do-niemiec-potrzebny-jest-paszport","status":"publish","type":"post","link":"https:\/\/www.tui.pl\/blog\/czy-do-niemiec-potrzebny-jest-paszport\/","title":{"rendered":"Czy do Niemiec potrzebny jest paszport w 2026 roku?"},"content":{"rendered":"\n<p>Odkrywanie Niemiec, czyli kraju s\u0142yn\u0105cego z malowniczych krajobraz\u00f3w, zabytkowych zamk\u00f3w i t\u0119tni\u0105cych \u017cyciem miast mo\u017ce by\u0107 znakomitym pomys\u0142em na kr\u00f3tki, ale i d\u0142u\u017cszy wyjazd. Przed planowaniem podr\u00f3\u017cy, dobrze jest zaznajomi\u0107 si\u0119 z wymogami formalnymi. Czy do Niemiec potrzebny jest paszport? A mo\u017ce wystarczy dow\u00f3d? Wyja\u015bniamy.<\/p>\n\n\n\n<h2 class=\"wp-block-heading\">Niemcy &#8211; maj\u0105cy mn\u00f3stwo do zaoferowania s\u0105siad Polski<\/h2>\n\n\n\n<p><a href=\"https:\/\/www.tui.pl\/wypoczynek\/niemcy\" target=\"_blank\" data-type=\"link\" data-id=\"https:\/\/www.tui.pl\/wypoczynek\/niemcy\" rel=\"noreferrer noopener\">Niemcy <\/a>mog\u0105 si\u0119 pochwali\u0107 wyj\u0105tkow\u0105 r\u00f3\u017cnorodno\u015bci\u0105 atrakcji \u2013 od historycznych miast, takich jak <a href=\"https:\/\/www.tui.pl\/wypoczynek\/niemcy\/berlin\" target=\"_blank\" data-type=\"link\" data-id=\"https:\/\/www.tui.pl\/wypoczynek\/niemcy\/berlin\" rel=\"noreferrer noopener\">Berlin<\/a>, Monachium czy <a href=\"https:\/\/www.tui.pl\/wypoczynek\/niemcy\/drezno\" target=\"_blank\" data-type=\"link\" data-id=\"https:\/\/www.tui.pl\/wypoczynek\/niemcy\/drezno\" rel=\"noreferrer noopener\">Drezno<\/a>, po malownicze krajobrazy <a href=\"https:\/\/www.tui.pl\/atrakcje\/schwarzwald\/culture-and-traditions-private-hike-through-the-black-forest-249943\" target=\"_blank\" data-type=\"link\" data-id=\"https:\/\/www.tui.pl\/atrakcje\/schwarzwald\/culture-and-traditions-private-hike-through-the-black-forest-249943\" rel=\"noreferrer noopener\">Schwarzwaldu<\/a>, <a href=\"https:\/\/www.tui.pl\/atrakcje\/salzburg\/orle-gniazdo-kopalnie-soli-i-alpy-bawarskie-podczas-calodniowej-wycieczki-z-salzburga-143901\" target=\"_blank\" data-type=\"link\" data-id=\"https:\/\/www.tui.pl\/atrakcje\/salzburg\/orle-gniazdo-kopalnie-soli-i-alpy-bawarskie-podczas-calodniowej-wycieczki-z-salzburga-143901\" rel=\"noreferrer noopener\">Alpy Bawarskie<\/a> oraz liczne zamki. Dzi\u0119ki rozwini\u0119tej infrastrukturze turystycznej, swobodnemu przemieszczaniu si\u0119 w strefie Schengen i dogodnym po\u0142\u0105czeniom komunikacyjnym, nasz zachodni s\u0105siad jest bardzo \u0142atwo dost\u0119pny, je\u015bli chodzi o eksplorowanie najpi\u0119kniejszych zak\u0105tk\u00f3w kraju.<\/p>\n\n\n\n<p>Przed podr\u00f3\u017c\u0105 warto upewni\u0107 si\u0119, \u017ce spe\u0142niamy wszystkie aktualne wymogi wjazdowe i posiadamy niezb\u0119dne dokumenty. Niezale\u017cnie od tego, czy podr\u00f3\u017cujemy na kr\u00f3tki urlop, czy planujemy d\u0142u\u017cszy pobyt, Niemcy przyk\u0142adaj\u0105 du\u017c\u0105 wag\u0119 do przestrzegania regulacji zwi\u0105zanych z przekraczaniem granicy.<\/p>\n\n\n\n<figure class=\"wp-block-image size-full\"><img loading=\"lazy\" decoding=\"async\" width=\"1000\" height=\"667\" src=\"https:\/\/www.tui.pl\/blog\/wp-content\/uploads\/2024\/12\/shutterstock_2458443867.jpg\" alt=\"Czy do Niemiec potrzebny jest paszport - Mainz\" class=\"wp-image-9696\" title=\"\" srcset=\"https:\/\/www.tui.pl\/blog\/wp-content\/uploads\/2024\/12\/shutterstock_2458443867.jpg 1000w, https:\/\/www.tui.pl\/blog\/wp-content\/uploads\/2024\/12\/shutterstock_2458443867-600x400.jpg 600w, https:\/\/www.tui.pl\/blog\/wp-content\/uploads\/2024\/12\/shutterstock_2458443867-768x512.jpg 768w, https:\/\/www.tui.pl\/blog\/wp-content\/uploads\/2024\/12\/shutterstock_2458443867-585x390.jpg 585w, https:\/\/www.tui.pl\/blog\/wp-content\/uploads\/2024\/12\/shutterstock_2458443867-263x175.jpg 263w\" sizes=\"auto, (max-width: 1000px) 100vw, 1000px\" \/><\/figure>\n\n\n\n<h2 class=\"wp-block-heading\">Czy do Niemiec potrzebny jest paszport czy wystarczy dow\u00f3d?<\/h2>\n\n\n\n<p>Obywatele Polski mog\u0105 wje\u017cd\u017ca\u0107 na terytorium Niemiec zar\u00f3wno na podstawie wa\u017cnego dowodu osobistego, jak i paszportu. Podr\u00f3\u017cuj\u0105cy maj\u0105 pe\u0142n\u0105 dowolno\u015b\u0107 &#8211; je\u015bli tylko kt\u00f3rykolwiek z tych dokument\u00f3w jest wa\u017cny, mog\u0105 wjecha\u0107 do naszego zachodniego s\u0105siada.<\/p>\n\n\n\n<h2 class=\"wp-block-heading\">Wymagania dotycz\u0105ce dowodu: jak d\u0142ugo musi by\u0107 wa\u017cny?<\/h2>\n\n\n\n<p>Aby wjecha\u0107 do Niemiec, obywatele Polski mog\u0105 mie\u0107 przy sobie wa\u017cny dow\u00f3d osobisty lub paszport. Wa\u017cno\u015b\u0107 dokumentu musi obejmowa\u0107 ca\u0142y okres planowanego pobytu w Niemczech, jednak nie jest okre\u015blony minimalny okres wa\u017cno\u015bci wykraczaj\u0105cy poza dat\u0119 wyjazdu.<\/p>\n\n\n\n<h2 class=\"wp-block-heading\">Czy do Niemiec potrzebny jest paszport dla dziecka?<\/h2>\n\n\n\n<p>Ka\u017cde dziecko, niezale\u017cnie od wieku, podr\u00f3\u017cuj\u0105ce do Niemiec musi posiada\u0107 w\u0142asny dokument to\u017csamo\u015bci. Mo\u017ce to by\u0107 wa\u017cny dow\u00f3d osobisty lub paszport. Inne dokumenty, takie jak legitymacja szkolna czy akt urodzenia, nie uprawniaj\u0105 do przekraczania granicy.<\/p>\n\n\n\n<p>W przypadku podr\u00f3\u017cy dziecka z osob\u0105 trzeci\u0105, czyli osob\u0105 nieuprawnion\u0105 do sprawowania w\u0142adzy rodzicielskiej, zaleca si\u0119 posiadanie notarialnie po\u015bwiadczonej zgody rodzic\u00f3w lub opiekun\u00f3w prawnych na podr\u00f3\u017c dziecka. Zgoda ta powinna by\u0107 przet\u0142umaczona na j\u0119zyk niemiecki.<\/p>\n\n\n\n<h2 class=\"wp-block-heading\">Podr\u00f3\u017c do Niemiec, a paszport tymczasowy<\/h2>\n\n\n\n<p>Paszport tymczasowy jest akceptowany jako dokument podr\u00f3\u017cy przy przekraczaniu granicy Niemiec. Podobnie jak w przypadku pozosta\u0142ych dokument\u00f3w to\u017csamo\u015bci, warto przed wyjazdem upewni\u0107 si\u0119 co do jego wa\u017cno\u015bci (ca\u0142y okres pobytu).<\/p>\n\n\n\n<p>O paszport tymczasowy mo\u017cna ubiega\u0107 si\u0119 w sytuacjach nag\u0142ych, takich jak pilna podr\u00f3\u017c s\u0142u\u017cbowa, sprawy rodzinne czy utrata paszportu, a tak\u017ce gdy nie ma mo\u017cliwo\u015bci oczekiwania na wydanie paszportu biometrycznego. Wniosek o wydanie mo\u017cna z\u0142o\u017cy\u0107 w dowolnym punkcie paszportowym, niezale\u017cnie od miejsca zameldowania, a za granic\u0105 w polskim konsulacie w\u0142a\u015bciwym dla miejsca pobytu.<\/p>\n\n\n\n<figure class=\"wp-block-image size-full\"><img loading=\"lazy\" decoding=\"async\" width=\"1000\" height=\"665\" src=\"https:\/\/www.tui.pl\/blog\/wp-content\/uploads\/2024\/12\/shutterstock_2508726843.jpg\" alt=\"Czy do Niemiec potrzebny jest paszport - dokument\" class=\"wp-image-9697\" title=\"\" srcset=\"https:\/\/www.tui.pl\/blog\/wp-content\/uploads\/2024\/12\/shutterstock_2508726843.jpg 1000w, https:\/\/www.tui.pl\/blog\/wp-content\/uploads\/2024\/12\/shutterstock_2508726843-600x399.jpg 600w, https:\/\/www.tui.pl\/blog\/wp-content\/uploads\/2024\/12\/shutterstock_2508726843-768x511.jpg 768w, https:\/\/www.tui.pl\/blog\/wp-content\/uploads\/2024\/12\/shutterstock_2508726843-585x389.jpg 585w, https:\/\/www.tui.pl\/blog\/wp-content\/uploads\/2024\/12\/shutterstock_2508726843-263x175.jpg 263w\" sizes=\"auto, (max-width: 1000px) 100vw, 1000px\" \/><\/figure>\n\n\n\n<h2 class=\"wp-block-heading\">D\u0142u\u017cszy pobyt w Niemczech &#8211; czy potrzebna jest wiza?<\/h2>\n\n\n\n<p>Obywatele Polski, jako cz\u0142onkowie Unii Europejskiej, maj\u0105 prawo do swobodnego przemieszczania si\u0119 i przebywania na terytorium innych pa\u0144stw cz\u0142onkowskich UE, w tym Niemiec. Zgodnie z przepisami UE, Polacy mog\u0105 przebywa\u0107 w Niemczech bez konieczno\u015bci uzyskania wizy lub innego pozwolenia na pobyt do 90 dni w okresie 180 dni.<\/p>\n\n\n\n<p>Je\u015bli planuj\u0105 pobyt d\u0142u\u017cszy ni\u017c 90 dni, musz\u0105 zarejestrowa\u0107 swoje miejsce zamieszkania w odpowiednim urz\u0119dzie niemieckim, zwanym Einwohnermeldeamt. W zale\u017cno\u015bci od celu pobytu, mog\u0105 by\u0107 zobowi\u0105zani do przedstawienia dowodu posiadania \u015brodk\u00f3w finansowych, ubezpieczenia zdrowotnego oraz celu pobytu, np. pracy, edukacji czy rezydentury.<\/p>\n\n\n\n<h2 class=\"wp-block-heading\">Czy m\u00f3j pies potrzebuje paszportu lec\u0105c do Niemiec?<\/h2>\n\n\n\n<p>Planuj\u0105c podr\u00f3\u017c z czworonogiem do Niemiec, nale\u017cy spe\u0142ni\u0107 okre\u015blone wymogi. Ka\u017cdy pies musi posiada\u0107 europejski paszport dla zwierz\u0105t domowych, kt\u00f3ry mo\u017cna uzyska\u0107 u upowa\u017cnionego lekarza weterynarii. Paszport ten zawiera informacje o szczepieniach, w tym o obowi\u0105zkowym szczepieniu przeciwko w\u015bciekli\u017anie.<\/p>\n\n\n\n<p>Zwierz\u0119 musi by\u0107 zidentyfikowane za pomoc\u0105 mikroczipu zgodnego z norm\u0105 ISO 11784 lub 11785. Alternatywnie, czytelny tatua\u017c wykonany przed 3 lipca 2011 roku jest r\u00f3wnie\u017c akceptowany. Ponadto pies musi by\u0107 zaszczepiony przeciwko w\u015bciekli\u017anie. W przypadku pierwszego szczepienia uzyskuje ono wa\u017cno\u015b\u0107 po up\u0142ywie 21 dni od jego dokonania.<\/p>\n\n\n\n<h2 class=\"wp-block-heading\">Jak przygotowa\u0107 si\u0119 do wyjazdu do Niemiec?<\/h2>\n\n\n\n<p>Przed udaniem si\u0119 za nasz\u0105 zachodni\u0105 granic\u0105 warto zadba\u0107 o prywatne <a href=\"https:\/\/www.tui.pl\/ubezpieczenia-turystyczne\" target=\"_blank\" data-type=\"link\" data-id=\"https:\/\/www.tui.pl\/ubezpieczenia-turystyczne\" rel=\"noreferrer noopener\">ubezpieczenie turystyczne<\/a>. Pokrywa ona koszty leczenia w nag\u0142ych przypadkach czy transportu medycznego, dlatego rozwa\u017cenie takiej polisy, niezale\u017cnie od celu wizyty w Niemczech, jest dobrym pomys\u0142em. Ubezpieczenie zdrowotne mo\u017ce obejmowa\u0107 szerszy zakres us\u0142ug i opieki zdrowotnej, takich jak koszty pobytu w szpitalu czy pokrycie koszt\u00f3w transportu do Polski.<\/p>\n\n\n\n<p>Planuj\u0105c przemieszczanie si\u0119 samochodem, dobrze jest sprawdzi\u0107 wymagania dotycz\u0105ce prawa jazdy oraz dokument\u00f3w pojazdu. W Niemczech uznawane s\u0105 polski dow\u00f3d rejestracyjny i polskie prawo jazdy, dlatego nie ma potrzeby ich t\u0142umaczenia ani wymiany na niemieckie dokumenty. Nale\u017cy jednak pami\u0119ta\u0107, \u017ce w przypadku d\u0142u\u017cszego pobytu, w niekt\u00f3rych sytuacjach mo\u017ce by\u0107 wymagane zarejestrowanie pojazdu w niemieckich urz\u0119dach lub przystosowanie go do lokalnych wymog\u00f3w technicznych.<\/p>\n\n\n\n<p>Znajomo\u015b\u0107 j\u0119zyka niemieckiego wcale nie musi, ale mo\u017ce znacznie u\u0142atwi\u0107 codzienne \u017cycie, zw\u0142aszcza w kontaktach urz\u0119dowych lub podczas sytuacji awaryjnych. W wi\u0119kszych miastach wiele os\u00f3b pos\u0142uguje si\u0119 j\u0119zykiem angielskim, jednak w mniejszych miejscowo\u015bciach umiej\u0119tno\u015b\u0107 komunikacji po niemiecku mo\u017ce okaza\u0107 si\u0119 bardzo przydatna. Warto r\u00f3wnie\u017c zapozna\u0107 si\u0119 z niemieckimi normami spo\u0142ecznymi &#8211; s\u0105 to g\u0142\u00f3wnie punktualno\u015b\u0107 i szacunek dla przestrzeni publicznej, kt\u00f3re s\u0105 istotnymi elementami niemieckiej kultury.<\/p>\n\n\n\n<figure class=\"wp-block-image size-full\"><img loading=\"lazy\" decoding=\"async\" width=\"1000\" height=\"667\" src=\"https:\/\/www.tui.pl\/blog\/wp-content\/uploads\/2024\/12\/shutterstock_2354320571.jpg\" alt=\"Czy do Niemiec potrzebny jest paszport - Cochem\" class=\"wp-image-9695\" title=\"\" srcset=\"https:\/\/www.tui.pl\/blog\/wp-content\/uploads\/2024\/12\/shutterstock_2354320571.jpg 1000w, https:\/\/www.tui.pl\/blog\/wp-content\/uploads\/2024\/12\/shutterstock_2354320571-600x400.jpg 600w, https:\/\/www.tui.pl\/blog\/wp-content\/uploads\/2024\/12\/shutterstock_2354320571-768x512.jpg 768w, https:\/\/www.tui.pl\/blog\/wp-content\/uploads\/2024\/12\/shutterstock_2354320571-585x390.jpg 585w, https:\/\/www.tui.pl\/blog\/wp-content\/uploads\/2024\/12\/shutterstock_2354320571-263x175.jpg 263w\" sizes=\"auto, (max-width: 1000px) 100vw, 1000px\" \/><\/figure>\n","protected":false},"excerpt":{"rendered":"<p>Odkrywanie Niemiec, czyli kraju s\u0142yn\u0105cego z malowniczych krajobraz\u00f3w, zabytkowych zamk\u00f3w i t\u0119tni\u0105cych \u017cyciem miast mo\u017ce by\u0107 znakomitym pomys\u0142em na kr\u00f3tki, ale i d\u0142u\u017cszy wyjazd. Przed planowaniem podr\u00f3\u017cy, dobrze jest zaznajomi\u0107&hellip;<\/p>\n","protected":false},"author":54,"featured_media":9694,"comment_status":"closed","ping_status":"closed","sticky":false,"template":"","format":"standard","meta":{"_lmt_disableupdate":"","_lmt_disable":"","footnotes":""},"categories":[9,419,182],"tags":[735,745,761],"class_list":["post-9698","post","type-post","status-publish","format-standard","has-post-thumbnail","hentry","category-europa","category-niemcy","category-podroze","tag-ciekawostki","tag-gdzie-na-wakacje","tag-przewodnik"],"home_img_url":"https:\/\/www.tui.pl\/blog\/wp-content\/uploads\/2024\/12\/shutterstock_2093024545-585x390.jpg","home_img_alt":"Czy do Niemiec potrzebny jest paszport - Bacharach","_links":{"self":[{"href":"https:\/\/www.tui.pl\/blog\/wp-json\/wp\/v2\/posts\/9698","targetHints":{"allow":["GET"]}}],"collection":[{"href":"https:\/\/www.tui.pl\/blog\/wp-json\/wp\/v2\/posts"}],"about":[{"href":"https:\/\/www.tui.pl\/blog\/wp-json\/wp\/v2\/types\/post"}],"author":[{"embeddable":true,"href":"https:\/\/www.tui.pl\/blog\/wp-json\/wp\/v2\/users\/54"}],"replies":[{"embeddable":true,"href":"https:\/\/www.tui.pl\/blog\/wp-json\/wp\/v2\/comments?post=9698"}],"version-history":[{"count":2,"href":"https:\/\/www.tui.pl\/blog\/wp-json\/wp\/v2\/posts\/9698\/revisions"}],"predecessor-version":[{"id":12410,"href":"https:\/\/www.tui.pl\/blog\/wp-json\/wp\/v2\/posts\/9698\/revisions\/12410"}],"wp:featuredmedia":[{"embeddable":true,"href":"https:\/\/www.tui.pl\/blog\/wp-json\/wp\/v2\/media\/9694"}],"wp:attachment":[{"href":"https:\/\/www.tui.pl\/blog\/wp-json\/wp\/v2\/media?parent=9698"}],"wp:term":[{"taxonomy":"category","embeddable":true,"href":"https:\/\/www.tui.pl\/blog\/wp-json\/wp\/v2\/categories?post=9698"},{"taxonomy":"post_tag","embeddable":true,"href":"https:\/\/www.tui.pl\/blog\/wp-json\/wp\/v2\/tags?post=9698"}],"curies":[{"name":"wp","href":"https:\/\/api.w.org\/{rel}","templated":true}]}}