{"id":8524,"date":"2024-07-15T18:05:47","date_gmt":"2024-07-15T16:05:47","guid":{"rendered":"https:\/\/www.tui.pl\/blog\/?p=8524"},"modified":"2024-07-15T18:05:48","modified_gmt":"2024-07-15T16:05:48","slug":"lizbona-atrakcje-co-warto-zobaczyc","status":"publish","type":"post","link":"https:\/\/www.tui.pl\/blog\/lizbona-atrakcje-co-warto-zobaczyc\/","title":{"rendered":"Lizbona, atrakcje i najpi\u0119kniejsze miejsca. Co warto zobaczy\u0107 w stolicy Portugalii?"},"content":{"rendered":"\n<p>Lizbona zachwyca na ka\u017cdym kroku. Zawdzi\u0119cza to cudownemu klimatowi, wielu urokliwym uliczkom i zak\u0105tkom, a przy tym szeregowi atrakcji. Stolica Portugalii jest jedn\u0105 z najpi\u0119kniejszych w Europie, o czym ka\u017cdy powinien si\u0119 przekona\u0107 chocia\u017c raz. Co wi\u0119cej, je\u015bli celem twojej podr\u00f3\u017cy jest Lizbona, atrakcje spotkasz na ka\u017cdym kroku, niezale\u017cnie od preferencji i upodoba\u0144.<\/p>\n\n\n\n<h2 class=\"wp-block-heading\">Elevador de Santa Justa \u2013 ikoniczna winda w centrum Lizbony<\/h2>\n\n\n\n<p>Elevador de Santa Justa to jeden z najbardziej charakterystycznych zabytk\u00f3w portugalskiej stolicy. Ta kultowa winda zbudowana zosta\u0142a na pocz\u0105tku XX wieku przez Raoula Mesniera du Ponsard, ucznia Gustave&#8217;a Eiffela. Wyr\u00f3\u017cnia si\u0119 neogotyckim stylem i misternymi \u017celaznymi zdobieniami, a od pocz\u0105tku jej celem by\u0142o po\u0142\u0105czenie ni\u017cej po\u0142o\u017conych ulic Baixa z wy\u017csz\u0105 dzielnic\u0105 Bairro Alto, co znacz\u0105co u\u0142atwia\u0142o poruszanie si\u0119 po stromych wzg\u00f3rzach miasta. Wsp\u00f3\u0142cze\u015bnie ta per\u0142a centrum Lizbony s\u0142u\u017cy ona g\u0142\u00f3wnie turystom, kt\u00f3rzy podziwiaj\u0105 z jej szczytu zapieraj\u0105ce dech w piersiach widoki na ca\u0142e miasto, w tym na Rossio, zamek \u015bw. Jerzego oraz rzek\u0119 Tag.<\/p>\n\n\n\n<p>Warto uda\u0107 si\u0119 na przeja\u017cd\u017ck\u0119 wind\u0105 o wczesnych godzinach porannych lub p\u00f3\u017anym wieczorem, aby unikn\u0105\u0107 d\u0142ugich kolejek. Bilet w jedn\u0105 stron\u0119 kosztuje oko\u0142o 5 euro, ale posiadacze karty Viva Viagem mog\u0105 skorzysta\u0107 z windy bez dodatkowych op\u0142at. Na szczycie znajduje si\u0119 kawiarnia, gdzie mo\u017cna odpocz\u0105\u0107 przy fili\u017cance portugalskiej kawy, podziwiaj\u0105c panoram\u0119 Lizbony. Dodatkow\u0105 atrakcj\u0105 jest pobliski plac Largo do Carmo z ruinami klasztoru Carmo, kt\u00f3re s\u0105 \u015bwiadectwem tragicznego trz\u0119sienia ziemi z 1755 roku\u200b.<\/p>\n\n\n\n<figure class=\"wp-block-image size-full\"><img loading=\"lazy\" decoding=\"async\" width=\"1000\" height=\"667\" src=\"https:\/\/www.tui.pl\/blog\/wp-content\/uploads\/2024\/07\/shutterstock_1670751760.jpg\" alt=\"Lizbona atrakcje - wie\u017ca\" class=\"wp-image-8520\" title=\"\" srcset=\"https:\/\/www.tui.pl\/blog\/wp-content\/uploads\/2024\/07\/shutterstock_1670751760.jpg 1000w, https:\/\/www.tui.pl\/blog\/wp-content\/uploads\/2024\/07\/shutterstock_1670751760-600x400.jpg 600w, https:\/\/www.tui.pl\/blog\/wp-content\/uploads\/2024\/07\/shutterstock_1670751760-768x512.jpg 768w, https:\/\/www.tui.pl\/blog\/wp-content\/uploads\/2024\/07\/shutterstock_1670751760-585x390.jpg 585w, https:\/\/www.tui.pl\/blog\/wp-content\/uploads\/2024\/07\/shutterstock_1670751760-263x175.jpg 263w\" sizes=\"auto, (max-width: 1000px) 100vw, 1000px\" \/><\/figure>\n\n\n\n<h2 class=\"wp-block-heading\">Torre de Bel\u00e9m \u2013 symbol morskiej pot\u0119gi Portugalii<\/h2>\n\n\n\n<p>Torre de Bel\u00e9m to wpisana na list\u0119 \u015bwiatowego dziedzictwa UNESCO majestatyczna wie\u017ca, kt\u00f3r\u0105 zbudowano w XVI wieku. Niegdy\u015b pe\u0142ni\u0142a rol\u0119 stra\u017cnicy na rzece Tag i by\u0142a jednym z g\u0142\u00f3wnych element\u00f3w obrony miasta. Jej architektura \u0142\u0105czy w sobie elementy manueli\u0144skiego stylu gotyckiego z renesansowymi zdobieniami. Zwiedzaj\u0105cy mog\u0105 odkrywa\u0107 liczne komnaty i tarasy, a tak\u017ce podziwia\u0107 widoki na rzek\u0119 i okolic\u0119 z jej szczytu.<\/p>\n\n\n\n<p>Warto odwiedzi\u0107 Torre de Belem w ramach szerszego planu zwiedzania dzielnicy Bel\u00e9m, gdzie znajduj\u0105 si\u0119 r\u00f3wnie\u017c klasztor Hieronimit\u00f3w oraz Pomnik Odkrywc\u00f3w. Dzielnica ta jest pe\u0142na historycznych i kulturowych atrakcji, kt\u00f3re pozwalaj\u0105 lepiej zrozumie\u0107 bogat\u0105 przesz\u0142o\u015b\u0107 <a href=\"https:\/\/www.tui.pl\/wypoczynek\/portugalia\" target=\"_blank\" data-type=\"link\" data-id=\"https:\/\/www.tui.pl\/wypoczynek\/portugalia\" rel=\"noreferrer noopener\">Portugalii <\/a>jako pot\u0119gi morskiej. Torre de Bel\u00e9m jest otwarta dla zwiedzaj\u0105cych codziennie, a wst\u0119p kosztuje oko\u0142o 6 euro.<\/p>\n\n\n\n<h2 class=\"wp-block-heading\">Zwiedzanie Lizbony tramwajem \u2013 linia 28<\/h2>\n\n\n\n<p>Tramwaj numer 28 to nieod\u0142\u0105czny element lizbo\u0144skiego krajobrazu i jeden z najlepszych sposob\u00f3w na zwiedzanie miasta. Jego trasa wiedzie przez najstarsze i najbardziej malownicze dzielnice Lizbony, w tym Alfama, Baixa i Gra\u00e7a, oferuj\u0105c niezapomniane widoki na w\u0105skie uliczki, kolorowe kamienice i historyczne zabytki.<\/p>\n\n\n\n<p>Podczas podr\u00f3\u017cy tramwajem 28 mo\u017cna tak\u017ce zobaczy\u0107 wiele z najwa\u017cniejszych atrakcji Lizbony, takich jak Katedra S\u00e9, Zamek \u015bw. Jerzego oraz punkt widokowy Miradouro de Santa Luzia. Podr\u00f3\u017c jest r\u00f3wnie\u017c doskona\u0142ym sposobem na poczucie atmosfery miasta i jego mieszka\u0144c\u00f3w. Bilet na przejazd kosztuje oko\u0142o 3 euro, ale warto zainwestowa\u0107 w kart\u0119 Viva Viagem, kt\u00f3ra umo\u017cliwia korzystanie z r\u00f3\u017cnych \u015brodk\u00f3w transportu miejskiego przez ca\u0142y dzie\u0144\u200b.<\/p>\n\n\n\n<figure class=\"wp-block-image size-full\"><img loading=\"lazy\" decoding=\"async\" width=\"1000\" height=\"667\" src=\"https:\/\/www.tui.pl\/blog\/wp-content\/uploads\/2024\/07\/shutterstock_2313513911.jpg\" alt=\"Lizbona atrakcje - tramwaj\" class=\"wp-image-8523\" title=\"\" srcset=\"https:\/\/www.tui.pl\/blog\/wp-content\/uploads\/2024\/07\/shutterstock_2313513911.jpg 1000w, https:\/\/www.tui.pl\/blog\/wp-content\/uploads\/2024\/07\/shutterstock_2313513911-600x400.jpg 600w, https:\/\/www.tui.pl\/blog\/wp-content\/uploads\/2024\/07\/shutterstock_2313513911-768x512.jpg 768w, https:\/\/www.tui.pl\/blog\/wp-content\/uploads\/2024\/07\/shutterstock_2313513911-585x390.jpg 585w, https:\/\/www.tui.pl\/blog\/wp-content\/uploads\/2024\/07\/shutterstock_2313513911-263x175.jpg 263w\" sizes=\"auto, (max-width: 1000px) 100vw, 1000px\" \/><\/figure>\n\n\n\n<h2 class=\"wp-block-heading\">Castelo de S\u00e3o Jorge \u2013 zamek na szczycie wzg\u00f3rza<\/h2>\n\n\n\n<p>Zamek \u015bw. Jerzego to jedna z najbardziej imponuj\u0105cych budowli w Lizbonie, g\u00f3ruj\u0105ca nad miastem ze szczytu jednego z jego siedmiu wzg\u00f3rz. Po\u0142o\u017cony niedaleko centrum miasta zamek ma d\u0142ug\u0105 i bogat\u0105 histori\u0119, si\u0119gaj\u0105c\u0105 czas\u00f3w rzymskich, a nast\u0119pnie maureta\u0144skich. Wsp\u00f3\u0142czesny wygl\u0105d zawdzi\u0119cza rekonstrukcjom przeprowadzonym w XX wieku, kt\u00f3re przywr\u00f3ci\u0142y mu dawn\u0105 \u015bwietno\u015b\u0107\u200b.<\/p>\n\n\n\n<p>Odwiedzaj\u0105cy zamek mog\u0105 spacerowa\u0107 po jego murach obronnych, podziwia\u0107 widoki na panoram\u0119 miasta oraz zwiedza\u0107 muzeum archeologiczne, kt\u00f3re mie\u015bci si\u0119 na jego terenie. Szczeg\u00f3lnie malownicze s\u0105 ogrody zamkowe, pe\u0142ne egzotycznych ro\u015blin i drzew, gdzie mo\u017cna odpocz\u0105\u0107 w cieniu i cieszy\u0107 si\u0119 spokojem tego historycznego miejsca.<\/p>\n\n\n\n<h2 class=\"wp-block-heading\">Klasztor Hieronimit\u00f3w \u2013 majestatyczna budowla w dzielnicy Bel\u00e9m<\/h2>\n\n\n\n<p>Klasztor Hieronimit\u00f3w, jeden z najwa\u017cniejszych zabytk\u00f3w Lizbony, to arcydzie\u0142o stylu manueli\u0144skiego, wzniesione w XVI wieku na cze\u015b\u0107 odkry\u0107 geograficznych Vasco da Gamy. Budowla ta jest nie tylko miejscem spoczynku s\u0142ynnego odkrywcy, ale tak\u017ce symbolem z\u0142otego wieku Portugalii. Wn\u0119trza klasztoru zachwycaj\u0105 bogactwem zdobie\u0144, witra\u017cami i rze\u017abami, kt\u00f3re przedstawiaj\u0105 sceny z \u017cycia \u015bw. Hieronima oraz motywy morskie\u200b. Opr\u00f3cz samego klasztoru, warto r\u00f3wnie\u017c zobaczy\u0107 znajduj\u0105ce si\u0119 na jego terenie muzeum, kt\u00f3re prezentuje histori\u0119 i kultur\u0119 Portugalii. Obiekt ten wpisano na list\u0119 \u015bwiatowego dziedzictwa UNESCO i jest jednym z najcz\u0119\u015bciej odwiedzanych zabytk\u00f3w w Lizbonie.<\/p>\n\n\n\n<h2 class=\"wp-block-heading\">Pra\u00e7a do Com\u00e9rcio \u2013 serce stolicy Portugalii<\/h2>\n\n\n\n<p>Pra\u00e7a do Com\u00e9rcio nale\u017cy do grona najwi\u0119kszych i najbardziej imponuj\u0105cych plac\u00f3w w Lizbonie. Znajduje si\u0119 nad brzegiem rzeki Tag i otoczony jest eleganckimi budynkami z charakterystycznymi \u017c\u00f3\u0142tymi fasadami. W centralnej cz\u0119\u015bci placu stoi pomnik kr\u00f3la J\u00f3zefa I, a przez \u0142uk triumfalny Rua Augusta prowadzi g\u0142\u00f3wna ulica handlowa miasta\u200b.<\/p>\n\n\n\n<p>Plac ten pe\u0142ni\u0142 kiedy\u015b funkcj\u0119 pa\u0142acu kr\u00f3lewskiego, kt\u00f3ry zosta\u0142 zniszczony podczas trz\u0119sienia ziemi w 1755 roku. Obecnie jest to popularne miejsce spotka\u0144 zar\u00f3wno mieszka\u0144c\u00f3w, jak i turyst\u00f3w, kt\u00f3rzy mog\u0105 odpocz\u0105\u0107 w jednej z licznych kawiarni lub restauracji, podziwiaj\u0105c widoki na rzek\u0119 i miasto. Pra\u00e7a do Com\u00e9rcio jest tak\u017ce miejscem wielu wydarze\u0144 kulturalnych i koncert\u00f3w.<\/p>\n\n\n\n<figure class=\"wp-block-image size-full\"><img loading=\"lazy\" decoding=\"async\" width=\"1000\" height=\"750\" src=\"https:\/\/www.tui.pl\/blog\/wp-content\/uploads\/2024\/07\/shutterstock_1854743374.jpg\" alt=\"Lizbona atrakcje - plac\" class=\"wp-image-8522\" title=\"\" srcset=\"https:\/\/www.tui.pl\/blog\/wp-content\/uploads\/2024\/07\/shutterstock_1854743374.jpg 1000w, https:\/\/www.tui.pl\/blog\/wp-content\/uploads\/2024\/07\/shutterstock_1854743374-600x450.jpg 600w, https:\/\/www.tui.pl\/blog\/wp-content\/uploads\/2024\/07\/shutterstock_1854743374-768x576.jpg 768w, https:\/\/www.tui.pl\/blog\/wp-content\/uploads\/2024\/07\/shutterstock_1854743374-585x439.jpg 585w\" sizes=\"auto, (max-width: 1000px) 100vw, 1000px\" \/><\/figure>\n\n\n\n<h2 class=\"wp-block-heading\">Najstarsza dzielnica Lizbony \u2013 Alfama<\/h2>\n\n\n\n<p>Alfama to najstarsza dzielnica Lizbony i jedna z naj\u0142adniejszych cz\u0119\u015bci miasta. Jest pe\u0142na w\u0105skich, kr\u0119tych uliczek, kt\u00f3re kryj\u0105 w sobie wiele niespodzianek. To tutaj mo\u017cna poczu\u0107 autentyczny klimat miasta, odwiedzaj\u0105c lokalne tawerny, gdzie wieczorami rozbrzmiewa tradycyjna muzyka fado. Alfama jest r\u00f3wnie\u017c domem dla wielu zabytk\u00f3w, w tym Katedry S\u00e9, kt\u00f3ra jest najstarszym ko\u015bcio\u0142em w Lizbonie, oraz imponuj\u0105cego zamku \u015bw. Jerzego\u200b\u200b.<\/p>\n\n\n\n<p>Spaceruj\u0105c po Alfamie, warto zwr\u00f3ci\u0107 uwag\u0119 na liczne miradouros \u2013 punkty widokowe, z kt\u00f3rych roztaczaj\u0105 si\u0119 przepi\u0119kne widoki na miasto i rzek\u0119. Jednym z najpopularniejszych jest Miradouro de Santa Luzia, sk\u0105d mo\u017cna podziwia\u0107 kolorowe dachy i w\u0105skie uliczki dzielnicy. Alfama to tak\u017ce idealne miejsce na degustacj\u0119 lokalnych przysmak\u00f3w, takich jak pastel de nata czy bacalhau \u00e0 Br\u00e1s.<\/p>\n\n\n\n<h2 class=\"wp-block-heading\">Muzeum Powoz\u00f3w \u2013 unikatowa kolekcja w dzielnicy Bel\u00e9m<\/h2>\n\n\n\n<p>Muzeum Powoz\u00f3w mie\u015bci si\u0119 w dawnym kr\u00f3lewskim Pa\u0142acu Bel\u00e9m i posiada najwi\u0119ksz\u0105 na \u015bwiecie kolekcj\u0119 historycznych powoz\u00f3w i karoc. Obejmuje ona pojazdy od XVI do XIX wieku, u\u017cywane przez portugalsk\u0105 rodzin\u0119 kr\u00f3lewsk\u0105 oraz arystokracj\u0119. Ka\u017cdy eksponat opatrzony jest szczeg\u00f3\u0142owym opisem, dzi\u0119ki czemu zwiedzaj\u0105cy mog\u0105 w pe\u0142ni zrozumie\u0107 histori\u0119 i kontekst tych wspania\u0142ych pojazd\u00f3w. W\u015br\u00f3d najwa\u017cniejszych eksponat\u00f3w mo\u017cna znale\u017a\u0107 pow\u00f3z u\u017cywany przez kr\u00f3la Jana V na jego koronacj\u0119, a tak\u017ce pow\u00f3z u\u017cywany przez Mari\u0119 Antonin\u0119 w czasie jej podr\u00f3\u017cy do Portugalii.<\/p>\n","protected":false},"excerpt":{"rendered":"<p>Lizbona zachwyca na ka\u017cdym kroku. Zawdzi\u0119cza to cudownemu klimatowi, wielu urokliwym uliczkom i zak\u0105tkom, a przy tym szeregowi atrakcji. Stolica Portugalii jest jedn\u0105 z najpi\u0119kniejszych w Europie, o czym ka\u017cdy&hellip;<\/p>\n","protected":false},"author":49,"featured_media":8521,"comment_status":"closed","ping_status":"closed","sticky":false,"template":"","format":"standard","meta":{"_lmt_disableupdate":"","_lmt_disable":"","footnotes":""},"categories":[9,285,182,30],"tags":[735,745,761],"class_list":["post-8524","post","type-post","status-publish","format-standard","has-post-thumbnail","hentry","category-europa","category-lizbona","category-podroze","category-portugalia","tag-ciekawostki","tag-gdzie-na-wakacje","tag-przewodnik"],"home_img_url":"https:\/\/www.tui.pl\/blog\/wp-content\/uploads\/2024\/07\/shutterstock_1686651370-585x390.jpg","home_img_alt":"Lizbona atrakcje - zamek","_links":{"self":[{"href":"https:\/\/www.tui.pl\/blog\/wp-json\/wp\/v2\/posts\/8524","targetHints":{"allow":["GET"]}}],"collection":[{"href":"https:\/\/www.tui.pl\/blog\/wp-json\/wp\/v2\/posts"}],"about":[{"href":"https:\/\/www.tui.pl\/blog\/wp-json\/wp\/v2\/types\/post"}],"author":[{"embeddable":true,"href":"https:\/\/www.tui.pl\/blog\/wp-json\/wp\/v2\/users\/49"}],"replies":[{"embeddable":true,"href":"https:\/\/www.tui.pl\/blog\/wp-json\/wp\/v2\/comments?post=8524"}],"version-history":[{"count":1,"href":"https:\/\/www.tui.pl\/blog\/wp-json\/wp\/v2\/posts\/8524\/revisions"}],"predecessor-version":[{"id":8525,"href":"https:\/\/www.tui.pl\/blog\/wp-json\/wp\/v2\/posts\/8524\/revisions\/8525"}],"wp:featuredmedia":[{"embeddable":true,"href":"https:\/\/www.tui.pl\/blog\/wp-json\/wp\/v2\/media\/8521"}],"wp:attachment":[{"href":"https:\/\/www.tui.pl\/blog\/wp-json\/wp\/v2\/media?parent=8524"}],"wp:term":[{"taxonomy":"category","embeddable":true,"href":"https:\/\/www.tui.pl\/blog\/wp-json\/wp\/v2\/categories?post=8524"},{"taxonomy":"post_tag","embeddable":true,"href":"https:\/\/www.tui.pl\/blog\/wp-json\/wp\/v2\/tags?post=8524"}],"curies":[{"name":"wp","href":"https:\/\/api.w.org\/{rel}","templated":true}]}}