{"id":8273,"date":"2024-06-25T10:12:04","date_gmt":"2024-06-25T08:12:04","guid":{"rendered":"https:\/\/www.tui.pl\/blog\/?p=8273"},"modified":"2024-06-25T13:51:51","modified_gmt":"2024-06-25T11:51:51","slug":"wakacje-pilkarzy-gdzie-je-spedzaja","status":"publish","type":"post","link":"https:\/\/www.tui.pl\/blog\/wakacje-pilkarzy-gdzie-je-spedzaja\/","title":{"rendered":"Wakacje pi\u0142karzy reprezentacji Polski. Gdzie polscy pi\u0142karze sp\u0119dzaj\u0105 wakacje?"},"content":{"rendered":"\n<p>Wakacje polskich pi\u0142karzy mog\u0105 si\u0119 kojarzy\u0107 z przepychem, luksusem i niesamowitymi miejscami. Wbrew pozorom, gwiazdy naszej dru\u017cyny narodowej sp\u0119dzaj\u0105 wolny czas r\u00f3wnie\u017c w krajach, kt\u00f3re s\u0105 doskonale znane innym turystom. Jak wygl\u0105daj\u0105 wakacje pi\u0142karzy? Gdzie odpoczywaj\u0105 nasi kadrowicze? Sprawd\u017amy, gdzie byli przed rokiem i gdzie mog\u0105 uda\u0107 si\u0119 r\u00f3wnie\u017c i w tym roku.<\/p>\n\n\n\n<h2 class=\"wp-block-heading\">Gdzie polscy ligowcy \u0142aduj\u0105 akumulatory?<\/h2>\n\n\n\n<p>Pi\u0142karze Ekstraklasy zazwyczaj ko\u0144cz\u0105 sezon w drugiej po\u0142owie maja. Potem czeka ich jeszcze Gala Ekstraklasy i o ile nie dostaj\u0105 powo\u0142ania na du\u017c\u0105 imprez\u0119 reprezentacyjn\u0105, mog\u0105 si\u0119 uda\u0107 na urlop wypoczynkowy. Wakacje sp\u0119dzaj\u0105 w r\u00f3\u017cnych miejscach &#8211; zar\u00f3wno w Polsce, jak i innych zak\u0105tkach \u015bwiata. Przed rozpocz\u0119ciem sezonu i spotkania ze swoimi kadrami, ligowcy \u0142aduj\u0105 akumulatory cz\u0119sto w lokalizacjach, kt\u00f3re s\u0105 znane r\u00f3wnie\u017c innym turystom.<\/p>\n\n\n\n<p>Nie inaczej ni\u017c zawodnicy graj\u0105cy w innych krajach, pi\u0142karze Ekstraklasy podczas przerwy pomi\u0119dzy sezonami korzystaj\u0105 z kilku tygodni urlopu. Kamil Grosicki z Pogoni Szczecin, Taras Romanczuk z Jagiellonii Bia\u0142ystok czy Bartosz Salamon z Lecha Pozna\u0144 zapewne wezm\u0105 pod uwag\u0119 typowo wakacyjne kierunki, jak <a href=\"https:\/\/www.tui.pl\/wypoczynek\/grecja\" target=\"_blank\" data-type=\"link\" data-id=\"https:\/\/www.tui.pl\/wypoczynek\/grecja\" rel=\"noreferrer noopener\">Grecja<\/a>, <a href=\"https:\/\/www.tui.pl\/wypoczynek\/wlochy\" target=\"_blank\" data-type=\"link\" data-id=\"https:\/\/www.tui.pl\/wypoczynek\/wlochy\" rel=\"noreferrer noopener\">W\u0142ochy<\/a>, <a href=\"https:\/\/www.tui.pl\/wypoczynek\/cypr\" data-type=\"link\" data-id=\"https:\/\/www.tui.pl\/wypoczynek\/cypr\">Cypr <\/a>czy <a href=\"https:\/\/www.tui.pl\/wypoczynek\/hiszpania\" target=\"_blank\" data-type=\"link\" data-id=\"https:\/\/www.tui.pl\/wypoczynek\/hiszpania\" rel=\"noreferrer noopener\">Hiszpania<\/a>. Bior\u0105c pod uwag\u0119 poprzednie wakacje, jedni wybyli do europejskich destynacji, za\u015b drudzy postawili na bardziej egzotyczne miejsca, jak <a href=\"https:\/\/www.tui.pl\/wypoczynek\/zanzibar\" target=\"_blank\" data-type=\"link\" data-id=\"https:\/\/www.tui.pl\/wypoczynek\/zanzibar\" rel=\"noreferrer noopener\">Zanzibar<\/a>, <a href=\"https:\/\/www.tui.pl\/wypoczynek\/malediwy\" target=\"_blank\" data-type=\"link\" data-id=\"https:\/\/www.tui.pl\/wypoczynek\/malediwy\" rel=\"noreferrer noopener\">Malediwy <\/a>czy <a href=\"https:\/\/www.tui.pl\/wypoczynek\/sri-lanka\" target=\"_blank\" data-type=\"link\" data-id=\"https:\/\/www.tui.pl\/wypoczynek\/sri-lanka\" rel=\"noreferrer noopener\">Sri Lanka<\/a>.<\/p>\n\n\n\n<p>Co prawda niekt\u00f3rzy ligowcy \u0107wicz\u0105 nawet w trakcie wakacji, ale jak ka\u017cdy, okres ten stanowi dla nich czas odpoczynku i na\u0142adowania ,,baterii&#8221; na kolejny sezon. To samo dotyczy wyjazd\u00f3w na drugi koniec \u015bwiata &#8211; jedni wypoczywaj\u0105 aktywnie, udaj\u0105c si\u0119 np. na g\u00f3rskie w\u0119dr\u00f3wki czy do hotelowych si\u0142owni, a inni, jeszcze przed rozpocz\u0119ciem przygotowa\u0144 do nowego sezonu, wol\u0105 spotka\u0107 dawno niewidzianych znajomych czy odda\u0107 si\u0119 urokowi danego miejsca.<\/p>\n\n\n\n<h2 class=\"wp-block-heading\">Gdzie odpoczywa Robert Lewandowski?<\/h2>\n\n\n\n<p>Przed rokiem Robert Lewandowski z rodzin\u0105 udali si\u0119 na urlop wypoczynkowy do Turcji, czym ch\u0119tnie dzieli\u0142 si\u0119 w mediach spo\u0142eczno\u015bciowych. Ich wyb\u00f3r pad\u0142 na Antaly\u0119, czyli popularny kurort w\u015br\u00f3d wielu polskich podr\u00f3\u017cnych. Nie mo\u017cna si\u0119 dziwi\u0107 temu wyborowi &#8211; region ten przyci\u0105ga pi\u0119knymi kurortami, luksusowymi hotelami, pi\u0119knymi pla\u017cami i wieloma innymi atrakcjami dla doros\u0142ych, ale i dzieci. Zatrzymali si\u0119 w hotelu <a href=\"https:\/\/www.tui.pl\/wypoczynek\/turcja\/riwiera-turecka\/regnum-carya-ayt31051\" target=\"_blank\" data-type=\"link\" data-id=\"https:\/\/www.tui.pl\/wypoczynek\/turcja\/riwiera-turecka\/regnum-carya-ayt31051\" rel=\"noreferrer noopener\">Regnum Carya<\/a>, a czas sp\u0119dzali mi\u0119dzy innymi w s\u0142ynnym <a href=\"https:\/\/www.tui.pl\/atrakcje\/antalya\/bilet-do-parku-tematycznego-the-land-of-legends-dla-antalyi-236303\" target=\"_blank\" data-type=\"link\" data-id=\"https:\/\/www.tui.pl\/atrakcje\/antalya\/bilet-do-parku-tematycznego-the-land-of-legends-dla-antalyi-236303\" rel=\"noreferrer noopener\">parku rozrywki The Land of Legends<\/a>.<\/p>\n\n\n\n<p>Antalya, per\u0142a <a href=\"https:\/\/www.tui.pl\/wypoczynek\/turcja\/riwiera-turecka\" target=\"_blank\" data-type=\"link\" data-id=\"https:\/\/www.tui.pl\/wypoczynek\/turcja\/riwiera-turecka\" rel=\"noreferrer noopener\">Tureckiej Riwiery<\/a>, to skarbnica naturalnego pi\u0119kna i historycznych cud\u00f3w. Jedn\u0105 z jej najwa\u017cniejszych atrakcji jest staro\u017cytne miasto Aspendos, kt\u00f3re mo\u017ce pochwali\u0107 si\u0119 niezwykle dobrze zachowanym teatrem rzymskim. Teatr ten, zbudowany w II wieku n.e., jest jednym z najwspanialszych przyk\u0142ad\u00f3w architektury rzymskiej na \u015bwiecie i wci\u0105\u017c jest wykorzystywany do organizacji przedstawie\u0144 i koncert\u00f3w. Inn\u0105 atrakcj\u0105 jest Stare Miasto (Kalei\u00e7i) z w\u0105skimi, brukowanymi uliczkami, osma\u0144skimi domami i licznymi zabytkowymi budowlami, takimi jak Brama Hadriana.<\/p>\n\n\n\n<p>Dla mi\u0142o\u015bnik\u00f3w natury, obowi\u0105zkowa jest wizyta w Wodospadach D\u00fcden. Te malownicze formacje znajduj\u0105 si\u0119 w dw\u00f3ch miejscach: g\u00f3rny wodospad, otoczony bujn\u0105 zieleni\u0105, i dolny wodospad, kt\u00f3ry spektakularnie spada z klifu do Morza \u015ar\u00f3dziemnego. Antalya oferuje r\u00f3wnie\u017c pi\u0119kne pla\u017ce, takie jak Lara i Konyaalt\u0131, kt\u00f3re przyci\u0105gaj\u0105 turyst\u00f3w z ca\u0142ego \u015bwiata swoim bia\u0142ym piaskiem i krystalicznie czyst\u0105 wod\u0105. To idealne miejsce na relaks i korzystanie z urok\u00f3w tureckiego s\u0142o\u0144ca.<\/p>\n\n\n\n<figure class=\"wp-block-image size-full\"><img loading=\"lazy\" decoding=\"async\" width=\"1000\" height=\"667\" src=\"https:\/\/www.tui.pl\/blog\/wp-content\/uploads\/2024\/06\/shutterstock_2416716633.jpg\" alt=\"Wakacje pi\u0142karzy - Antalya\" class=\"wp-image-8274\" title=\"\" srcset=\"https:\/\/www.tui.pl\/blog\/wp-content\/uploads\/2024\/06\/shutterstock_2416716633.jpg 1000w, https:\/\/www.tui.pl\/blog\/wp-content\/uploads\/2024\/06\/shutterstock_2416716633-600x400.jpg 600w, https:\/\/www.tui.pl\/blog\/wp-content\/uploads\/2024\/06\/shutterstock_2416716633-768x512.jpg 768w, https:\/\/www.tui.pl\/blog\/wp-content\/uploads\/2024\/06\/shutterstock_2416716633-585x390.jpg 585w, https:\/\/www.tui.pl\/blog\/wp-content\/uploads\/2024\/06\/shutterstock_2416716633-263x175.jpg 263w\" sizes=\"auto, (max-width: 1000px) 100vw, 1000px\" \/><\/figure>\n\n\n\n<h2 class=\"wp-block-heading\">,,Hiszpa\u0144skie&#8221; wakacje Wojciecha Szcz\u0119snego<\/h2>\n\n\n\n<p>Podstawowy bramkarz reprezentacji Polski, Wojciech Szcz\u0119sny nie opu\u015bci\u0142 Europy i wraz z rodzin\u0105 odpoczywali na Ibizie. Hiszpa\u0144ska wyspa przyci\u0105ga na wiele sposob\u00f3w &#8211; to nie tylko miejsce znane z dobrej zabawy i imprez, ale przede wszystkim z pi\u0119knej pogody, wspania\u0142ych pla\u017cy i innych atrakcji, kt\u00f3re gwarantuj\u0105 \u015bwietne wakacje. Szcz\u0119sny ch\u0119tnie dzieli\u0142 si\u0119 zdj\u0119ciami z wypoczynku w sieci, a wyb\u00f3r w\u0142a\u015bnie Ibizy potwierdza, \u017ce to jedno z jego ulubionych miejsc na regeneracj\u0119 po d\u0142ugim sezonie.<\/p>\n\n\n\n<p><a href=\"https:\/\/www.tui.pl\/wypoczynek\/hiszpania\/ibiza\" target=\"_blank\" data-type=\"link\" data-id=\"https:\/\/www.tui.pl\/wypoczynek\/hiszpania\/ibiza\" rel=\"noreferrer noopener\">Ibiza <\/a>jest jedn\u0105 z najbardziej znanych wysp Balear\u00f3w, a tak\u017ce miejscem, kt\u00f3re oferuje co\u015b dla ka\u017cdego. S\u0142ynie przede wszystkim z \u017cycia nocnego &#8211; kluby takie jak Pacha, Amnesia czy Ushua\u00efa s\u0105 znane na ca\u0142ym \u015bwiecie i przyci\u0105gaj\u0105 mi\u0142o\u015bnik\u00f3w muzyki elektronicznej. Jednak Ibiza to nie tylko imprezy; wyspa oferuje r\u00f3wnie\u017c przepi\u0119kne pla\u017ce, takie jak Cala Comte, Cala Bassa czy Playa d&#8217;en Bossa, gdzie mo\u017cna cieszy\u0107 si\u0119 krystalicznie czyst\u0105 wod\u0105 i z\u0142otym piaskiem.<\/p>\n\n\n\n<p>Dla tych, kt\u00f3rzy szukaj\u0105 spokoju i kontaktu z natur\u0105, Ibiza oferuje malownicze trasy piesze, takie jak ta prowadz\u0105ca do wie\u017cy Torre de Savinar, sk\u0105d roztacza si\u0119 zapieraj\u0105cy dech w piersiach widok na wysp\u0119 Es Vedr\u00e0. Mi\u0142o\u015bnicy historii mog\u0105 odwiedzi\u0107 Dalt Vila, stare miasto Ibizy, kt\u00f3re jest wpisane na list\u0119 \u015bwiatowego dziedzictwa UNESCO. To miejsce pe\u0142ne w\u0105skich uliczek, zabytkowych budynk\u00f3w i uroczych kawiarni, idealne na spokojne spacery i odkrywanie bogatej kultury wyspy.<\/p>\n\n\n\n<figure class=\"wp-block-image size-full\"><img loading=\"lazy\" decoding=\"async\" width=\"1000\" height=\"667\" src=\"https:\/\/www.tui.pl\/blog\/wp-content\/uploads\/2024\/06\/shutterstock_2221277673.jpg\" alt=\"Wakacje pi\u0142karzy - Ibiza\" class=\"wp-image-8275\" title=\"\" srcset=\"https:\/\/www.tui.pl\/blog\/wp-content\/uploads\/2024\/06\/shutterstock_2221277673.jpg 1000w, https:\/\/www.tui.pl\/blog\/wp-content\/uploads\/2024\/06\/shutterstock_2221277673-600x400.jpg 600w, https:\/\/www.tui.pl\/blog\/wp-content\/uploads\/2024\/06\/shutterstock_2221277673-768x512.jpg 768w, https:\/\/www.tui.pl\/blog\/wp-content\/uploads\/2024\/06\/shutterstock_2221277673-585x390.jpg 585w, https:\/\/www.tui.pl\/blog\/wp-content\/uploads\/2024\/06\/shutterstock_2221277673-263x175.jpg 263w\" sizes=\"auto, (max-width: 1000px) 100vw, 1000px\" \/><\/figure>\n\n\n\n<h2 class=\"wp-block-heading\">Grecja popularna w\u015br\u00f3d polskich pi\u0142karzy<\/h2>\n\n\n\n<p>Grecki kierunek na wakacje obra\u0142 natomiast Krzysztof Pi\u0105tek. W ubieg\u0142ym roku napastnik reprezentacji Polski wypoczywa\u0142 wraz z \u017con\u0105 na <a href=\"https:\/\/www.tui.pl\/wypoczynek\/grecja\/rodos\" target=\"_blank\" data-type=\"link\" data-id=\"https:\/\/www.tui.pl\/wypoczynek\/grecja\/rodos\" rel=\"noreferrer noopener\">Rodos<\/a>, czyli kolejnym z najpopularniejszych miejsc wakacyjnych Polak\u00f3w. Wyb\u00f3r nie mo\u017ce dziwi\u0107 &#8211; pi\u0119kne pla\u017ce, wymarzona pogoda i jako\u015bciowe hotele to po\u0142\u0105czenie, kt\u00f3re mo\u017ce skutkowa\u0107 tylko i wy\u0142\u0105cznie udanym urlopem.<\/p>\n\n\n\n<p>R\u00f3wnie\u017c w Grecji przebywa\u0142 Nicola Zalewski, kt\u00f3rego wyb\u00f3r pad\u0142 na <a href=\"https:\/\/www.tui.pl\/wypoczynek\/grecja\/mykonos\" target=\"_blank\" data-type=\"link\" data-id=\"https:\/\/www.tui.pl\/wypoczynek\/grecja\/mykonos\" rel=\"noreferrer noopener\">Mykonos<\/a>. R\u00f3wnie\u017c i w tym przypadku taka lokalizacja nie mo\u017ce dziwi\u0107 &#8211; pi\u0119kne, bia\u0142e budynki, urokliwe uliczki i restauracje, a do tego niesamowite zachody s\u0142o\u0144ca s\u0105 czym\u015b, co przyci\u0105ga ka\u017cdego wczasowicza.<\/p>\n\n\n\n<p>Rodos, najwi\u0119ksza wyspa archipelagu Dodekanez, to miejsce, kt\u00f3re oferuje niezliczone atrakcje dla turyst\u00f3w. Jedn\u0105 z g\u0142\u00f3wnych atrakcji jest staro\u017cytne miasto Rodos, kt\u00f3re zachowa\u0142o wiele z dawnych mur\u00f3w obronnych, a tak\u017ce urokliwe, w\u0105skie uliczki pe\u0142ne sklep\u00f3w i restauracji. Warto odwiedzi\u0107 Pa\u0142ac Wielkich Mistrz\u00f3w, kt\u00f3ry jest jednym z najwa\u017cniejszych zabytk\u00f3w na wyspie i oferuje fascynuj\u0105cy wgl\u0105d w histori\u0119 Zakonu Joannit\u00f3w.<\/p>\n\n\n\n<p>Mykonos z kolei jest znane g\u0142\u00f3wnie z charakterystycznych bia\u0142ych budynk\u00f3w z niebieskimi okiennicami. To jedno z najbardziej malowniczych miejsc w Grecji. Wyspa oferuje liczne atrakcje, w tym s\u0142ynne wiatraki w Mykonos Town, kt\u00f3re s\u0105 jednym z najbardziej rozpoznawalnych symboli wyspy. Malownicze uliczki pe\u0142ne butik\u00f3w, kawiarni i restauracji tworz\u0105 niepowtarzalny klimat, kt\u00f3ry przyci\u0105ga turyst\u00f3w z ca\u0142ego \u015bwiata.<\/p>\n\n\n\n<figure class=\"wp-block-image size-full\"><img loading=\"lazy\" decoding=\"async\" width=\"1000\" height=\"643\" src=\"https:\/\/www.tui.pl\/blog\/wp-content\/uploads\/2024\/06\/shutterstock_1954271632.jpg\" alt=\"Wakacje pi\u0142karzy - Mykonos\" class=\"wp-image-8276\" title=\"\" srcset=\"https:\/\/www.tui.pl\/blog\/wp-content\/uploads\/2024\/06\/shutterstock_1954271632.jpg 1000w, https:\/\/www.tui.pl\/blog\/wp-content\/uploads\/2024\/06\/shutterstock_1954271632-600x386.jpg 600w, https:\/\/www.tui.pl\/blog\/wp-content\/uploads\/2024\/06\/shutterstock_1954271632-768x494.jpg 768w, https:\/\/www.tui.pl\/blog\/wp-content\/uploads\/2024\/06\/shutterstock_1954271632-585x376.jpg 585w\" sizes=\"auto, (max-width: 1000px) 100vw, 1000px\" \/><\/figure>\n","protected":false},"excerpt":{"rendered":"<p>Wakacje polskich pi\u0142karzy mog\u0105 si\u0119 kojarzy\u0107 z przepychem, luksusem i niesamowitymi miejscami. Wbrew pozorom, gwiazdy naszej dru\u017cyny narodowej sp\u0119dzaj\u0105 wolny czas r\u00f3wnie\u017c w krajach, kt\u00f3re s\u0105 doskonale znane innym turystom.&hellip;<\/p>\n","protected":false},"author":49,"featured_media":8281,"comment_status":"closed","ping_status":"closed","sticky":false,"template":"","format":"standard","meta":{"_lmt_disableupdate":"","_lmt_disable":"","footnotes":""},"categories":[9,11,12,182,577],"tags":[745,761],"class_list":["post-8273","post","type-post","status-publish","format-standard","has-post-thumbnail","hentry","category-europa","category-grecja","category-hiszpania","category-podroze","category-turcja","tag-gdzie-na-wakacje","tag-przewodnik"],"home_img_url":"https:\/\/www.tui.pl\/blog\/wp-content\/uploads\/2024\/06\/shutterstock_2070841517-585x390.jpg","home_img_alt":"Wakacje pi\u0142karzy - Antalya","_links":{"self":[{"href":"https:\/\/www.tui.pl\/blog\/wp-json\/wp\/v2\/posts\/8273","targetHints":{"allow":["GET"]}}],"collection":[{"href":"https:\/\/www.tui.pl\/blog\/wp-json\/wp\/v2\/posts"}],"about":[{"href":"https:\/\/www.tui.pl\/blog\/wp-json\/wp\/v2\/types\/post"}],"author":[{"embeddable":true,"href":"https:\/\/www.tui.pl\/blog\/wp-json\/wp\/v2\/users\/49"}],"replies":[{"embeddable":true,"href":"https:\/\/www.tui.pl\/blog\/wp-json\/wp\/v2\/comments?post=8273"}],"version-history":[{"count":4,"href":"https:\/\/www.tui.pl\/blog\/wp-json\/wp\/v2\/posts\/8273\/revisions"}],"predecessor-version":[{"id":8284,"href":"https:\/\/www.tui.pl\/blog\/wp-json\/wp\/v2\/posts\/8273\/revisions\/8284"}],"wp:featuredmedia":[{"embeddable":true,"href":"https:\/\/www.tui.pl\/blog\/wp-json\/wp\/v2\/media\/8281"}],"wp:attachment":[{"href":"https:\/\/www.tui.pl\/blog\/wp-json\/wp\/v2\/media?parent=8273"}],"wp:term":[{"taxonomy":"category","embeddable":true,"href":"https:\/\/www.tui.pl\/blog\/wp-json\/wp\/v2\/categories?post=8273"},{"taxonomy":"post_tag","embeddable":true,"href":"https:\/\/www.tui.pl\/blog\/wp-json\/wp\/v2\/tags?post=8273"}],"curies":[{"name":"wp","href":"https:\/\/api.w.org\/{rel}","templated":true}]}}