{"id":8139,"date":"2024-06-08T15:06:55","date_gmt":"2024-06-08T13:06:55","guid":{"rendered":"https:\/\/www.tui.pl\/blog\/?p=8139"},"modified":"2024-06-19T15:14:18","modified_gmt":"2024-06-19T13:14:18","slug":"majorka-kiedy-jechac-kiedy-leciec-na-majorke","status":"publish","type":"post","link":"https:\/\/www.tui.pl\/blog\/majorka-kiedy-jechac-kiedy-leciec-na-majorke\/","title":{"rendered":"Kiedy jecha\u0107 na Majork\u0119? Pi\u0119kna wyspa na Balearach przyci\u0105ga nie tylko latem"},"content":{"rendered":"\n<p>Majorka jest rajem dla mi\u0142o\u015bnik\u00f3w s\u0142o\u0144ca, pla\u017c i aktywnego wypoczynku. Znajduj\u0105ca si\u0119 na Morzu \u015ar\u00f3dziemnym wyspa to miejsce gwarantuj\u0105ce r\u00f3\u017cnorodne atrakcje przez ca\u0142y rok, ale aby w pe\u0142ni cieszy\u0107 si\u0119 jej urokami, warto dobrze zaplanowa\u0107 termin podr\u00f3\u017cy. Je\u015bli celem podr\u00f3\u017cy jest Majorka &#8211; kiedy jecha\u0107 i kiedy planowa\u0107 wczasy? Wyja\u015bniamy.<\/p>\n\n\n\n<h2 class=\"wp-block-heading\">Pogoda na Majorce w ci\u0105gu roku<\/h2>\n\n\n\n<p><a href=\"https:\/\/www.tui.pl\/wypoczynek\/hiszpania\/majorka\">Majorka<\/a> ma typowy \u015br\u00f3dziemnomorski klimat, charakteryzuj\u0105cy si\u0119 gor\u0105cymi, suchymi latami i \u0142agodnymi, wilgotnymi zimami. Latem temperatury powietrza mog\u0105 osi\u0105ga\u0107 nawet 35\u00b0C, a liczba godzin s\u0142onecznych wynosi oko\u0142o 11 godzin dziennie. Wiosn\u0105 i jesieni\u0105 warunki pogodowe na wyspie s\u0105 najbardziej zr\u00f3wnowa\u017cone &#8211; temperatura powietrza utrzymuje si\u0119 w granicach 20-25\u00b0C, a opady deszczu wyst\u0119puj\u0105 do\u015b\u0107 rzadko. To idealny czas na zwiedzanie wyspy, odkrywanie jej urok\u00f3w i korzystanie z r\u00f3\u017cnorodnych atrakcji turystycznych\u200b.<\/p>\n\n\n\n<h2 class=\"wp-block-heading\">Sezon turystyczny na Majorce<\/h2>\n\n\n\n<p>Sezon turystyczny na Majorce trwa od czerwca do wrze\u015bnia &#8211; wtedy to wyspa jest najbardziej zat\u0142oczona. W tym okresie ceny zakwaterowania i lot\u00f3w s\u0105 najwy\u017csze, a g\u0142\u00f3wne atrakcje turystyczne i pla\u017ce s\u0105 pe\u0142ne turyst\u00f3w. Jednak w tym czasie mo\u017cna liczy\u0107 na najlepsz\u0105 pogod\u0119 i najd\u0142u\u017csze dni, co jest idealne dla mi\u0142o\u015bnik\u00f3w pla\u017cowania i aktywnego wypoczynku.<\/p>\n\n\n\n<p>Wiosn\u0105 i jesieni\u0105, w tzw. sezonie przej\u015bciowym, Majorka oferuje r\u00f3wnie pi\u0119kn\u0105 pogod\u0119, ale przy jednocze\u015bnie mniejszej liczbie turyst\u00f3w i ni\u017cszych cenach zakwaterowania czy w sklepach. Jest to doskona\u0142y czas na zwiedzanie wyspy, uprawianie sport\u00f3w na \u015bwie\u017cym powietrzu i uczestniczenie w lokalnych wydarzeniach kulturalnych\u200b.<\/p>\n\n\n\n<figure class=\"wp-block-image size-full\"><img loading=\"lazy\" decoding=\"async\" width=\"1000\" height=\"667\" src=\"https:\/\/www.tui.pl\/blog\/wp-content\/uploads\/2024\/06\/shutterstock_1099211579.jpg\" alt=\"Majorka - kiedy jecha\u0107 | katedra\" class=\"wp-image-8140\" title=\"\" srcset=\"https:\/\/www.tui.pl\/blog\/wp-content\/uploads\/2024\/06\/shutterstock_1099211579.jpg 1000w, https:\/\/www.tui.pl\/blog\/wp-content\/uploads\/2024\/06\/shutterstock_1099211579-600x400.jpg 600w, https:\/\/www.tui.pl\/blog\/wp-content\/uploads\/2024\/06\/shutterstock_1099211579-768x512.jpg 768w, https:\/\/www.tui.pl\/blog\/wp-content\/uploads\/2024\/06\/shutterstock_1099211579-585x390.jpg 585w, https:\/\/www.tui.pl\/blog\/wp-content\/uploads\/2024\/06\/shutterstock_1099211579-263x175.jpg 263w\" sizes=\"auto, (max-width: 1000px) 100vw, 1000px\" \/><\/figure>\n\n\n\n<h2 class=\"wp-block-heading\">Majorka wiosn\u0105<\/h2>\n\n\n\n<p>Wiosna to jeden z najlepszych okres\u00f3w na odwiedzenie Majorki. Od prze\u0142omu marca i kwietnia do maja temperatury powietrza s\u0105 przyjemne, wahaj\u0105c si\u0119 od 17\u00b0C do 24\u00b0C. To idealny czas na aktywny wypoczynek, taki jak w\u0119dr\u00f3wki po g\u00f3rach Serra de Tramuntana, jazd\u0119 na rowerze czy zwiedzanie urokliwych miasteczek, jak Valldemossa czy S\u00f3ller. Wiosn\u0105 wyspa jest r\u00f3wnie\u017c mniej zat\u0142oczona, co pozwala na spokojne zwiedzanie g\u0142\u00f3wnych atrakcji turystycznych.<\/p>\n\n\n\n<p>Wiosna to tak\u017ce czas kwitnienia migda\u0142owc\u00f3w, co jest wyj\u0105tkowym zjawiskiem przyci\u0105gaj\u0105cym fotograf\u00f3w i mi\u0142o\u015bnik\u00f3w przyrody. Majorka oferuje wtedy r\u00f3wnie\u017c bogaty kalendarz wydarze\u0144 kulturalnych, takich jak festiwale wielkanocne i lokalne \u015bwi\u0119ta, kt\u00f3re pozwalaj\u0105 pozna\u0107 tradycje i kultur\u0119 wyspy\u200b\u200b.<\/p>\n\n\n\n<h2 class=\"wp-block-heading\">Majorka latem<\/h2>\n\n\n\n<p>Lato na Majorce to synonim s\u0142onecznych dni i wysokich temperatur. Od czerwca do sierpnia termometry pokazuj\u0105 \u015brednio od 27\u00b0C do 33\u00b0C, a liczba godzin s\u0142onecznych wynosi oko\u0142o 11 godzin dziennie. To idealny czas na pla\u017cowanie, k\u0105piele w krystalicznie czystym morzu i uprawianie sport\u00f3w wodnych, takich jak windsurfing, kitesurfing czy nurkowanie.<\/p>\n\n\n\n<p>Warto jednak pami\u0119ta\u0107, \u017ce na Majorce latem wyst\u0119puje szczyt sezonu turystycznego. Wyspa staje si\u0119 niemal \u015bwiatow\u0105 wakacyjn\u0105 stolic\u0105, co sprawi\u0107, \u017ce na pla\u017cach takich jak Playa de Palma czy Es Trenc odwiedzaj\u0105cych b\u0119dzie ca\u0142e mn\u00f3stwo. Warto w zwi\u0105zku z tym zaplanowa\u0107 wakacje z wyprzedzeniem, aby unikn\u0105\u0107 t\u0142um\u00f3w i znale\u017a\u0107 dogodne zakwaterowanie.<\/p>\n\n\n\n<figure class=\"wp-block-image size-full\"><img loading=\"lazy\" decoding=\"async\" width=\"1000\" height=\"714\" src=\"https:\/\/www.tui.pl\/blog\/wp-content\/uploads\/2024\/06\/shutterstock_1707918784.jpg\" alt=\"Majorka - kiedy jecha\u0107 | tramwaj\" class=\"wp-image-8141\" title=\"\" srcset=\"https:\/\/www.tui.pl\/blog\/wp-content\/uploads\/2024\/06\/shutterstock_1707918784.jpg 1000w, https:\/\/www.tui.pl\/blog\/wp-content\/uploads\/2024\/06\/shutterstock_1707918784-600x428.jpg 600w, https:\/\/www.tui.pl\/blog\/wp-content\/uploads\/2024\/06\/shutterstock_1707918784-768x548.jpg 768w, https:\/\/www.tui.pl\/blog\/wp-content\/uploads\/2024\/06\/shutterstock_1707918784-585x418.jpg 585w\" sizes=\"auto, (max-width: 1000px) 100vw, 1000px\" \/><\/figure>\n\n\n\n<h2 class=\"wp-block-heading\">Majorka jesieni\u0105<\/h2>\n\n\n\n<p>Jesie\u0144, zw\u0142aszcza wrzesie\u0144 i pa\u017adziernik, to r\u00f3wnie\u017c doskona\u0142y czas na odwiedzenie Majorki. Temperatury powietrza s\u0105 wci\u0105\u017c przyjemne &#8211; oscyluj\u0105 mi\u0119dzy 20\u00b0C a 29\u00b0C, a temperatura wody utrzymuje si\u0119 na poziomie 22\u00b0C, co sprzyja k\u0105pielom. Jesieni\u0105 mo\u017cna r\u00f3wnie\u017c korzysta\u0107 z mniejszych t\u0142um\u00f3w i ni\u017cszych cen zakwaterowania, co czyni ten okres bardziej komfortowym i ekonomicznym.<\/p>\n\n\n\n<p>Jesieni\u0105 na Majorce odbywaj\u0105 si\u0119 r\u00f3wnie\u017c liczne festiwale i wydarzenia, takie jak Nit de Foc, czyli Noc Ognia, oraz festiwal zbioru winogron. To nast\u0119pna doskona\u0142a okazja, aby zanurzy\u0107 si\u0119 w lokalnej kulturze i tradycjach, a tak\u017ce skosztowa\u0107 regionalnych specja\u0142\u00f3w.<\/p>\n\n\n\n<h2 class=\"wp-block-heading\">Aktywny wypoczynek na Majorce<\/h2>\n\n\n\n<p>Majorka to idealne miejsce na aktywny wypoczynek przez spor\u0105 cz\u0119\u015b\u0107 roku. Wiosn\u0105 i jesieni\u0105, kiedy temperatury s\u0105 \u0142agodniejsze, wyspa przyci\u0105ga mi\u0142o\u015bnik\u00f3w pieszych w\u0119dr\u00f3wek i jazdy na rowerze, zw\u0142aszcza w malowniczych g\u00f3rach Serra de Tramuntana. W tym czasie odbywaj\u0105 si\u0119 r\u00f3wnie\u017c liczne zawody sportowe, takie jak maratony i triathlony, kt\u00f3re z kolei zach\u0119caj\u0105 sportowc\u00f3w z ca\u0142ego \u015bwiata.<\/p>\n\n\n\n<p>Latem, opr\u00f3cz sport\u00f3w wodnych, takich jak windsurfing, kitesurfing czy nurkowanie, a tak\u017ce zwyk\u0142ego pla\u017cowania, mo\u017cna r\u00f3wnie\u017c korzysta\u0107 z licznych \u015bcie\u017cek rowerowych i szlak\u00f3w turystycznych. Majorka oferuje r\u00f3wnie\u017c mo\u017cliwo\u015b\u0107 wspinaczki, jazdy konnej i gry w golfa, co sprawia, \u017ce ka\u017cdy znajdzie tu co\u015b dla siebie.<\/p>\n\n\n\n<figure class=\"wp-block-image size-full\"><img loading=\"lazy\" decoding=\"async\" width=\"1000\" height=\"666\" src=\"https:\/\/www.tui.pl\/blog\/wp-content\/uploads\/2024\/06\/shutterstock_2449576777.jpg\" alt=\"Majorka - kiedy jecha\u0107 | wyspa\" class=\"wp-image-8143\" title=\"\" srcset=\"https:\/\/www.tui.pl\/blog\/wp-content\/uploads\/2024\/06\/shutterstock_2449576777.jpg 1000w, https:\/\/www.tui.pl\/blog\/wp-content\/uploads\/2024\/06\/shutterstock_2449576777-600x400.jpg 600w, https:\/\/www.tui.pl\/blog\/wp-content\/uploads\/2024\/06\/shutterstock_2449576777-768x511.jpg 768w, https:\/\/www.tui.pl\/blog\/wp-content\/uploads\/2024\/06\/shutterstock_2449576777-585x390.jpg 585w, https:\/\/www.tui.pl\/blog\/wp-content\/uploads\/2024\/06\/shutterstock_2449576777-263x175.jpg 263w\" sizes=\"auto, (max-width: 1000px) 100vw, 1000px\" \/><\/figure>\n\n\n\n<h2 class=\"wp-block-heading\">Co warto zobaczy\u0107 i robi\u0107 na Majorce poza k\u0105pielami i pla\u017cowaniem?<\/h2>\n\n\n\n<p>Bezsprzeczn\u0105 zalet\u0105 Majorki jest fakt, \u017ce oferuje ona wiele atrakcji, kt\u00f3re warto zaplanowa\u0107 zar\u00f3wno podczas letniego, jak i wiosennego czy jesiennego wyjazdu. Zwiedzanie historycznych miasteczek, takich jak Valldemossa, S\u00f3ller czy Alc\u00fadia, to doskona\u0142a okazja do poznania lokalnej kultury i historii. W Valldemossie mo\u017cna odwiedzi\u0107 muzeum Fryderyka Chopina oraz zamek La Cartuja de Valldemossa, kt\u00f3ry jest doskona\u0142ym przyk\u0142adem \u015bredniowiecznej architektury. Alc\u00fadia z kolei zachwyca rzymskimi ruinami miasta Pollentia, kt\u00f3re przenosz\u0105 nas w czasy antyczne\u200b.<\/p>\n\n\n\n<p>Dla mi\u0142o\u015bnik\u00f3w przyrody i aktywnego wypoczynku, Majorka r\u00f3wnie\u017c oferuje wiele mo\u017cliwo\u015bci. G\u00f3rzysty region Serra de Tramuntana, wpisany na list\u0119 \u015bwiatowego dziedzictwa UNESCO, to raj dla w\u0119drowc\u00f3w i rowerzyst\u00f3w. Wiosn\u0105 i jesieni\u0105, kiedy temperatury s\u0105 umiarkowane, warto wybra\u0107 si\u0119 na piesze wycieczki lub przeja\u017cd\u017cki rowerowe, podziwiaj\u0105c malownicze krajobrazy i bujn\u0105 ro\u015blinno\u015b\u0107. Ponadto, wybrze\u017ce wyspy usiane jest licznymi zatokami i pla\u017cami, kt\u00f3re zach\u0119caj\u0105 do k\u0105pieli i uprawiania sport\u00f3w wodnych\u200b.<\/p>\n\n\n\n<p>Majorka to tak\u017ce miejsce licznych festiwali i wydarze\u0144 kulturalnych, kt\u00f3re odbywaj\u0105 si\u0119 przez ca\u0142y rok. W styczniu mo\u017cna uczestniczy\u0107 w Festiwalu Sant Antoni, gdzie odbywaj\u0105 si\u0119 parady i tradycyjne ta\u0144ce. W lutym i marcu, w czasie karnawa\u0142u, ulice Palma de Mallorca wype\u0142niaj\u0105 si\u0119 kolorowymi kostiumami i muzyk\u0105. W czerwcu natomiast, na wyspie obchodzona jest Nit de Foc, czyli Noc Ognia, z pokazami fajerwerk\u00f3w i ogniskami.<\/p>\n","protected":false},"excerpt":{"rendered":"<p>Majorka jest rajem dla mi\u0142o\u015bnik\u00f3w s\u0142o\u0144ca, pla\u017c i aktywnego wypoczynku. Znajduj\u0105ca si\u0119 na Morzu \u015ar\u00f3dziemnym wyspa to miejsce gwarantuj\u0105ce r\u00f3\u017cnorodne atrakcje przez ca\u0142y rok, ale aby w pe\u0142ni cieszy\u0107 si\u0119&hellip;<\/p>\n","protected":false},"author":49,"featured_media":8142,"comment_status":"closed","ping_status":"closed","sticky":false,"template":"","format":"standard","meta":{"_lmt_disableupdate":"","_lmt_disable":"","footnotes":""},"categories":[9,12,22,182],"tags":[735,745,761],"class_list":["post-8139","post","type-post","status-publish","format-standard","has-post-thumbnail","hentry","category-europa","category-hiszpania","category-majorka","category-podroze","tag-ciekawostki","tag-gdzie-na-wakacje","tag-przewodnik"],"home_img_url":"https:\/\/www.tui.pl\/blog\/wp-content\/uploads\/2024\/06\/shutterstock_2363766039-585x390.jpg","home_img_alt":"Majorka - kiedy jecha\u0107 | Valldemossa","_links":{"self":[{"href":"https:\/\/www.tui.pl\/blog\/wp-json\/wp\/v2\/posts\/8139","targetHints":{"allow":["GET"]}}],"collection":[{"href":"https:\/\/www.tui.pl\/blog\/wp-json\/wp\/v2\/posts"}],"about":[{"href":"https:\/\/www.tui.pl\/blog\/wp-json\/wp\/v2\/types\/post"}],"author":[{"embeddable":true,"href":"https:\/\/www.tui.pl\/blog\/wp-json\/wp\/v2\/users\/49"}],"replies":[{"embeddable":true,"href":"https:\/\/www.tui.pl\/blog\/wp-json\/wp\/v2\/comments?post=8139"}],"version-history":[{"count":1,"href":"https:\/\/www.tui.pl\/blog\/wp-json\/wp\/v2\/posts\/8139\/revisions"}],"predecessor-version":[{"id":8144,"href":"https:\/\/www.tui.pl\/blog\/wp-json\/wp\/v2\/posts\/8139\/revisions\/8144"}],"wp:featuredmedia":[{"embeddable":true,"href":"https:\/\/www.tui.pl\/blog\/wp-json\/wp\/v2\/media\/8142"}],"wp:attachment":[{"href":"https:\/\/www.tui.pl\/blog\/wp-json\/wp\/v2\/media?parent=8139"}],"wp:term":[{"taxonomy":"category","embeddable":true,"href":"https:\/\/www.tui.pl\/blog\/wp-json\/wp\/v2\/categories?post=8139"},{"taxonomy":"post_tag","embeddable":true,"href":"https:\/\/www.tui.pl\/blog\/wp-json\/wp\/v2\/tags?post=8139"}],"curies":[{"name":"wp","href":"https:\/\/api.w.org\/{rel}","templated":true}]}}