{"id":8108,"date":"2024-06-06T14:02:59","date_gmt":"2024-06-06T12:02:59","guid":{"rendered":"https:\/\/www.tui.pl\/blog\/?p=8108"},"modified":"2024-09-25T10:52:43","modified_gmt":"2024-09-25T08:52:43","slug":"funchal-co-zobaczyc-madera-tui","status":"publish","type":"post","link":"https:\/\/www.tui.pl\/blog\/funchal-co-zobaczyc-madera-tui\/","title":{"rendered":"Funchal &#8211; co zwiedzi\u0107 w stolicy wyspy wiecznej wiosny? Eksplorujemy Mader\u0119 i jej atrakcje"},"content":{"rendered":"\n<p>Niesamowita jak na europejskie warunki przyroda, b\u0119d\u0105ca g\u0142\u00f3wnym walorem Madery sprawia, \u017ce planuj\u0105c wizyt\u0119 w krainie wiecznej wiosny, mo\u017cna mie\u0107 pewno\u015b\u0107 co do wspania\u0142ych wra\u017ce\u0144 z pobytu. Baz\u0105 wypadow\u0105 w tym pi\u0119knym miejscu jest stolica, po\u0142o\u017cona na po\u0142udniowym wybrze\u017cu wyspy, kt\u00f3ra sama w sobie gwarantuje szereg atrakcji i pomys\u0142\u00f3w na idealne sp\u0119dzenie czasu. Wybieraj\u0105c si\u0119 do Funchal, co zobaczy\u0107, aby na d\u0142ugo zapami\u0119ta\u0107 podr\u00f3\u017c? Podpowiadamy!<\/p>\n\n\n\n<h2 class=\"wp-block-heading\">Funchal &#8211; najwi\u0119ksze miasto wyspy i atrakcja sama w sobie<\/h2>\n\n\n\n<p>Funchal, najwi\u0119ksze miasto wyspy i jej stolica, to dynamiczne i jedyne w swoim rodzaju miasto, kt\u00f3re zachwyca swoj\u0105 r\u00f3\u017cnorodno\u015bci\u0105 i bogactwem atrakcji. Jego nazwa pochodzi od fenku\u0142u (funcho), kt\u00f3ry by\u0142 tam popularny w\u015br\u00f3d pierwszych osadnik\u00f3w. Najwi\u0119kszym plusem jest fakt, \u017ce oferuje ono zar\u00f3wno zabytki, jak i nowoczesne obiekty, przyci\u0105gaj\u0105c turyst\u00f3w z ca\u0142ego \u015bwiata\u200b.<\/p>\n\n\n\n<p>Stolica <a href=\"https:\/\/www.tui.pl\/wypoczynek\/portugalia\/madera\" data-type=\"link\" data-id=\"https:\/\/www.tui.pl\/wypoczynek\/portugalia\/madera\">Madery<\/a>, kt\u00f3ra bardzo cz\u0119sto okre\u015blana jest wysp\u0105 wiecznej wiosny, zgodnie z nazw\u0105 charakteryzuje si\u0119 bujn\u0105 ro\u015blinno\u015bci\u0105, a jej malownicze wzg\u00f3rza i przepi\u0119kne krajobrazy s\u0105 jedyne w swoim rodzaju. Jest to idealne miejsce jako baza wypadowa, je\u015bli mamy w planach zwiedzanie Madery i poznanie jej kultury oraz historii. W centrum Funchal znajduj\u0105 si\u0119 liczne restauracje, kawiarnie oraz sklepy z lokalnymi specja\u0142ami\u200b.<\/p>\n\n\n\n<h2 class=\"wp-block-heading\">Centrum Funchal, czyli serce miasta<\/h2>\n\n\n\n<p>Centrum Funchal to miejsce, gdzie \u017cycie toczy si\u0119 pe\u0142n\u0105 par\u0105. Spaceruj\u0105c w\u0105skimi uliczkami, mo\u017cna podziwia\u0107 kolorowe kamienice, odwiedza\u0107 targi oraz rozkoszowa\u0107 si\u0119 lokaln\u0105 kuchni\u0105. Centrum miasta jest tak\u017ce pe\u0142ne zabytk\u00f3w, takich jak Katedra S\u00e9 czy Pa\u0142ac Sao Lourenco\u200b.<\/p>\n\n\n\n<p>Na uwag\u0119 zas\u0142uguje ponadto Mercado dos Lavradores \u2013 targ, na kt\u00f3rym mo\u017cna kupi\u0107 egzotyczne owoce, \u015bwie\u017ce ryby oraz lokalne produkty. Miejsce to jest niezwykle kolorowe i pe\u0142ne \u017cycia, co czyni je jedn\u0105 z najwa\u017cniejszych atrakcji turystycznych w centrum Funchal\u200b.<\/p>\n\n\n\n<h2 class=\"wp-block-heading\">Zona Velha i Rua de Santa Maria<\/h2>\n\n\n\n<p>Stare Miasto (Zona Velha) w Funchal to dzielnica o niew\u0105tpliwie ciekawej historii. G\u0142\u00f3wna ulica, Rua de Santa Maria, popularno\u015b\u0107 zyska\u0142a mi\u0119dzy innymi dzi\u0119ki wyj\u0105tkowej tradycji malowanych drzwi, kt\u00f3re przekszta\u0142ci\u0142y t\u0119 cz\u0119\u015b\u0107 miasta w otwart\u0105 galeri\u0119 sztuki. To kolejne na mapie Funchal miejsce pe\u0142ne kawiarni, restauracji i ma\u0142ych galerii, kt\u00f3re na ca\u0142ym starym mie\u015bcie tworz\u0105 unikaln\u0105 atmosfer\u0119.<\/p>\n\n\n\n<p>Zona Velha by\u0142a kiedy\u015b uwa\u017cana za niebezpieczn\u0105 dzielnic\u0119, ale dzi\u0119ki inicjatywom lokalnych artyst\u00f3w i mieszka\u0144c\u00f3w, przekszta\u0142ci\u0142a si\u0119 w jedno z najbardziej urokliwych miejsc w stolicy Madery. Spaceruj\u0105c po tej dzielnicy, na ka\u017cdym kroku mo\u017cna podziwia\u0107 artystyczne instalacje i cieszy\u0107 si\u0119 klimatem historycznych uliczek.<\/p>\n\n\n\n<h2 class=\"wp-block-heading\">Ogr\u00f3d botaniczny i Monte Palace<\/h2>\n\n\n\n<p>Jardim Bot\u00e2nico da Madeira to jedno z najbardziej imponuj\u0105cych miejsc w Funchal. Na powierzchni ogrodu botanicznego wynosz\u0105cej 35 tys. m\u00b2 zgromadzono setki gatunk\u00f3w ro\u015blin z ca\u0142ego \u015bwiata. To prawdziwy raj dla mi\u0142o\u015bnik\u00f3w przyrody i pi\u0119knej ro\u015blinno\u015bci &#8211; mog\u0105 tam sp\u0119dzi\u0107 godziny, podziwiaj\u0105c egzotyczne okazy z r\u00f3\u017cnych zak\u0105tk\u00f3w globu.<\/p>\n\n\n\n<p>W dzielnicy Monte znajduje si\u0119 r\u00f3wnie\u017c s\u0142ynny ogr\u00f3d Monte Palace, b\u0119d\u0105cy kombinacj\u0105 egzotycznej ro\u015blinno\u015bci i sztuki z ca\u0142ego \u015bwiata. Do Monte mo\u017cna dosta\u0107 si\u0119 kolejk\u0105 linow\u0105 z centrum Funchal, co jest atrakcj\u0105 sam\u0105 w sobie. Na miejscu warto r\u00f3wnie\u017c odwiedzi\u0107 Monte Palace Museum, w kt\u00f3rym znajduj\u0105 si\u0119 liczne fascynuj\u0105ce wystawy.<\/p>\n\n\n\n<figure class=\"wp-block-image size-full\"><img loading=\"lazy\" decoding=\"async\" width=\"1000\" height=\"667\" src=\"https:\/\/www.tui.pl\/blog\/wp-content\/uploads\/2024\/06\/shutterstock_1062035099.jpg\" alt=\"Funchal co zobaczy\u0107 - ogrody\" class=\"wp-image-8110\" title=\"\" srcset=\"https:\/\/www.tui.pl\/blog\/wp-content\/uploads\/2024\/06\/shutterstock_1062035099.jpg 1000w, https:\/\/www.tui.pl\/blog\/wp-content\/uploads\/2024\/06\/shutterstock_1062035099-600x400.jpg 600w, https:\/\/www.tui.pl\/blog\/wp-content\/uploads\/2024\/06\/shutterstock_1062035099-768x512.jpg 768w, https:\/\/www.tui.pl\/blog\/wp-content\/uploads\/2024\/06\/shutterstock_1062035099-585x390.jpg 585w, https:\/\/www.tui.pl\/blog\/wp-content\/uploads\/2024\/06\/shutterstock_1062035099-263x175.jpg 263w\" sizes=\"auto, (max-width: 1000px) 100vw, 1000px\" \/><\/figure>\n\n\n\n<h2 class=\"wp-block-heading\">Kolejka linowa i wiklinowe sanie<\/h2>\n\n\n\n<p>Kolejn\u0105 z grona najpopularniejszych atrakcji w Funchal jest przeja\u017cd\u017cka kolejk\u0105 linow\u0105 (Telef\u00e9rico do Funchal), kt\u00f3ra \u0142\u0105czy doln\u0105 cz\u0119\u015b\u0107 miasta z Monte. Podczas 20-minutowej podr\u00f3\u017cy mo\u017cna podziwia\u0107 przepi\u0119kne widoki na miasto i ocean\u200b\u200b. W przeciwnym kierunku, z Monte mo\u017cna zjecha\u0107 do Funchal w tradycyjny spos\u00f3b \u2013 na wiklinowych saniach. To do\u015b\u0107 nietypowa, ale fascynuj\u0105ca forma transportu, prowadzona przez dw\u00f3ch m\u0119\u017cczyzn, dzi\u0119ki czemu ca\u0142kowicie zas\u0142u\u017cenie jest uznawana za jedn\u0105 z najbardziej charakterystycznych atrakcji Madery.<\/p>\n\n\n\n<figure class=\"wp-block-image size-full\"><img loading=\"lazy\" decoding=\"async\" width=\"1000\" height=\"667\" src=\"https:\/\/www.tui.pl\/blog\/wp-content\/uploads\/2024\/06\/shutterstock_2234725415.jpg\" alt=\"Funchal co zobaczy\u0107 - kolejka\" class=\"wp-image-8113\" title=\"\" srcset=\"https:\/\/www.tui.pl\/blog\/wp-content\/uploads\/2024\/06\/shutterstock_2234725415.jpg 1000w, https:\/\/www.tui.pl\/blog\/wp-content\/uploads\/2024\/06\/shutterstock_2234725415-600x400.jpg 600w, https:\/\/www.tui.pl\/blog\/wp-content\/uploads\/2024\/06\/shutterstock_2234725415-768x512.jpg 768w, https:\/\/www.tui.pl\/blog\/wp-content\/uploads\/2024\/06\/shutterstock_2234725415-585x390.jpg 585w, https:\/\/www.tui.pl\/blog\/wp-content\/uploads\/2024\/06\/shutterstock_2234725415-263x175.jpg 263w\" sizes=\"auto, (max-width: 1000px) 100vw, 1000px\" \/><\/figure>\n\n\n\n<h2 class=\"wp-block-heading\">Winiarska tradycja Funchal i Blandy&#8217;s Wine Lodge<\/h2>\n\n\n\n<p>Blandy&#8217;s Wine Lodge to jedno z najstarszych i najbardziej znanych miejsc produkcji wina Madeira. Wizyta w tym miejscu to okazja do poznania historii i procesu produkcji tego s\u0142ynnego trunku. Degustacja wina w historycznym otoczeniu jest obowi\u0105zkowym punktem wycieczki wielu turyst\u00f3w, a na dodatek w miejscowym sklepie mo\u017cna kupi\u0107 butelk\u0119 na pami\u0105tk\u0119\u200b. Blandy&#8217;s Wine Lodge znajduje si\u0119 w dawnym klasztorze franciszka\u0144skim, co ju\u017c pod tym wzgl\u0119dem stanowi nies\u0142ychan\u0105 warto\u015b\u0107 tego miejsca.<\/p>\n\n\n\n<h2 class=\"wp-block-heading\">Lokalne specja\u0142y na Mercado dos Lavradores<\/h2>\n\n\n\n<p>Mercado dos Lavradores to kolorowy targ, kt\u00f3ry jest sercem \u017cycia lokalnego w Funchal. Na targu mo\u017cna znale\u017a\u0107 \u015bwie\u017ce owoce, warzywa, ryby oraz kwiaty. Sprzedawcy w tradycyjnych strojach zach\u0119caj\u0105 do zakup\u00f3w i degustacji lokalnych specja\u0142\u00f3w\u200b. Targ ten jest r\u00f3wnie\u017c popularnym miejscem w\u015br\u00f3d turyst\u00f3w, kt\u00f3rzy chc\u0105 poczu\u0107 lokalny klimat i spr\u00f3bowa\u0107 egzotycznych owoc\u00f3w. Warto tam przyj\u015b\u0107 szczeg\u00f3lnie rano, aby zobaczy\u0107 najwi\u0119kszy ruch i poczu\u0107 atmosfer\u0119 tego miejsca.<\/p>\n\n\n\n<figure class=\"wp-block-image size-full\"><img loading=\"lazy\" decoding=\"async\" width=\"1000\" height=\"668\" src=\"https:\/\/www.tui.pl\/blog\/wp-content\/uploads\/2024\/06\/shutterstock_1645635091.jpg\" alt=\"Funchal co zobaczy\u0107 - targ\" class=\"wp-image-8111\" title=\"\" srcset=\"https:\/\/www.tui.pl\/blog\/wp-content\/uploads\/2024\/06\/shutterstock_1645635091.jpg 1000w, https:\/\/www.tui.pl\/blog\/wp-content\/uploads\/2024\/06\/shutterstock_1645635091-600x401.jpg 600w, https:\/\/www.tui.pl\/blog\/wp-content\/uploads\/2024\/06\/shutterstock_1645635091-768x513.jpg 768w, https:\/\/www.tui.pl\/blog\/wp-content\/uploads\/2024\/06\/shutterstock_1645635091-585x391.jpg 585w, https:\/\/www.tui.pl\/blog\/wp-content\/uploads\/2024\/06\/shutterstock_1645635091-263x175.jpg 263w\" sizes=\"auto, (max-width: 1000px) 100vw, 1000px\" \/><\/figure>\n\n\n\n<h2 class=\"wp-block-heading\">Miradouro Pico dos Barcelos i Praia Formosa<\/h2>\n\n\n\n<p>Szukaj\u0105c mo\u017cliwie jak najlepszego punktu widokowego w stolicy Madery, ka\u017cdy powinien uda\u0107 si\u0119 na Miradouro Pico dos Barcelos. Po\u0142o\u017cony jest na wysoko\u015bci 355 metr\u00f3w i gwarantuje niesamowite widoki na miasto, zatok\u0119 i okoliczne wzg\u00f3rza. To idealne miejsce na podziwianie zachodu s\u0142o\u0144ca i zrobienie pi\u0119knych zdj\u0119\u0107\u200b.<\/p>\n\n\n\n<p>Praia Formosa to z kolei najwi\u0119ksza pla\u017ca w Funchal, po\u0142o\u017cona w dzielnicy Lido. Jej kamienista nawierzchnia i rozci\u0105gaj\u0105ce si\u0119 pi\u0119kne widoki to znakomite po\u0142\u0105czenie zapewniaj\u0105ce relaks i sprzyjaj\u0105ce spacerom wzd\u0142u\u017c wybrze\u017ca Oceanu Atlantyckiego. Wok\u00f3\u0142 pla\u017cy znajduje si\u0119 wiele bar\u00f3w i restauracji, co czyni j\u0105 idealnym miejscem na sp\u0119dzenie popo\u0142udnia\u200b.<\/p>\n","protected":false},"excerpt":{"rendered":"<p>Niesamowita jak na europejskie warunki przyroda, b\u0119d\u0105ca g\u0142\u00f3wnym walorem Madery sprawia, \u017ce planuj\u0105c wizyt\u0119 w krainie wiecznej wiosny, mo\u017cna mie\u0107 pewno\u015b\u0107 co do wspania\u0142ych wra\u017ce\u0144 z pobytu. Baz\u0105 wypadow\u0105 w&hellip;<\/p>\n","protected":false},"author":49,"featured_media":9047,"comment_status":"closed","ping_status":"closed","sticky":false,"template":"","format":"standard","meta":{"_lmt_disableupdate":"","_lmt_disable":"","footnotes":""},"categories":[21,182,30],"tags":[735,745,761],"class_list":["post-8108","post","type-post","status-publish","format-standard","has-post-thumbnail","hentry","category-madera","category-podroze","category-portugalia","tag-ciekawostki","tag-gdzie-na-wakacje","tag-przewodnik"],"home_img_url":"https:\/\/www.tui.pl\/blog\/wp-content\/uploads\/2024\/06\/shutterstock_2107358924_logo_madera1-585x390.png","home_img_alt":"","_links":{"self":[{"href":"https:\/\/www.tui.pl\/blog\/wp-json\/wp\/v2\/posts\/8108","targetHints":{"allow":["GET"]}}],"collection":[{"href":"https:\/\/www.tui.pl\/blog\/wp-json\/wp\/v2\/posts"}],"about":[{"href":"https:\/\/www.tui.pl\/blog\/wp-json\/wp\/v2\/types\/post"}],"author":[{"embeddable":true,"href":"https:\/\/www.tui.pl\/blog\/wp-json\/wp\/v2\/users\/49"}],"replies":[{"embeddable":true,"href":"https:\/\/www.tui.pl\/blog\/wp-json\/wp\/v2\/comments?post=8108"}],"version-history":[{"count":1,"href":"https:\/\/www.tui.pl\/blog\/wp-json\/wp\/v2\/posts\/8108\/revisions"}],"predecessor-version":[{"id":8114,"href":"https:\/\/www.tui.pl\/blog\/wp-json\/wp\/v2\/posts\/8108\/revisions\/8114"}],"wp:featuredmedia":[{"embeddable":true,"href":"https:\/\/www.tui.pl\/blog\/wp-json\/wp\/v2\/media\/9047"}],"wp:attachment":[{"href":"https:\/\/www.tui.pl\/blog\/wp-json\/wp\/v2\/media?parent=8108"}],"wp:term":[{"taxonomy":"category","embeddable":true,"href":"https:\/\/www.tui.pl\/blog\/wp-json\/wp\/v2\/categories?post=8108"},{"taxonomy":"post_tag","embeddable":true,"href":"https:\/\/www.tui.pl\/blog\/wp-json\/wp\/v2\/tags?post=8108"}],"curies":[{"name":"wp","href":"https:\/\/api.w.org\/{rel}","templated":true}]}}