{"id":7280,"date":"2023-08-31T15:18:00","date_gmt":"2023-08-31T13:18:00","guid":{"rendered":"https:\/\/www.tui.pl\/blog\/?p=7280"},"modified":"2024-01-09T16:19:47","modified_gmt":"2024-01-09T15:19:47","slug":"madera-idealne-miejsce-na-aktywny-wypoczynek","status":"publish","type":"post","link":"https:\/\/www.tui.pl\/blog\/madera-idealne-miejsce-na-aktywny-wypoczynek\/","title":{"rendered":"Madera &#8211; idealne miejsce na aktywny wypoczynek"},"content":{"rendered":"\n<p><a href=\"https:\/\/www.tui.pl\/wypoczynek\/portugalia\" target=\"_blank\" rel=\"noreferrer noopener\">Portugalska<\/a> wyspa Madera co roku przyci\u0105ga setki tysi\u0119cy turyst\u00f3w z ca\u0142ego \u015bwiata. Niepowtarzalna flora i fauna, fascynuj\u0105ca kultura, liczne atrakcje turystyczne czy wy\u015bmienita kuchnia i wina to najcz\u0119stsze powody zwiedzania wyspy. Jednak <a href=\"https:\/\/www.tui.pl\/wypoczynek\/portugalia\/madera\" target=\"_blank\" rel=\"noreferrer noopener\">Madera<\/a> to tak\u017ce kierunek dla <strong>sportowych freak\u00f3w i os\u00f3b, kt\u00f3re ceni\u0105 sobie aktywny wypoczynek<\/strong> po\u015br\u00f3d pi\u0119knych widok\u00f3w. Przeczytasz tu o mo\u017cliwo\u015bciach sp\u0119dzenia czasu w kreatywnej formie zar\u00f3wno dla amator\u00f3w jak i weteran\u00f3w takich atrakcji.<\/p>\n\n\n\n<h2 class=\"wp-block-heading\">Popularne atrakcje Madery<\/h2>\n\n\n\n<h3 class=\"wp-block-heading\">Surfing<\/h3>\n\n\n\n<p>Jedno z najpopularniejszych dyscyplin sport\u00f3w wodnych na Maderze &#8211; czyli surfing, zaprasza do nauki i praktyki umiej\u0119tno\u015bci na wodach Oceanu Atlantyckiego. Idealne warunki geograficzne oraz subtropikalny klimat to po\u0142\u0105czenie idealne dla tego typu sport\u00f3w wodnych. Madera oferuje r\u00f3\u017cnorodne opcje zar\u00f3wno dla os\u00f3b, kt\u00f3re <strong>chcia\u0142yby prze\u017cy\u0107 sw\u00f3j pierwszy raz na fali<\/strong>, a tak\u017ce dla tych, kt\u00f3rzy ju\u017c co\u015b potrafi\u0105. Na wyspie znajduje si\u0119 <strong>kilka szk\u00f3\u0142 surfingu<\/strong>, kt\u00f3re w wi\u0119kszo\u015bci oferuj\u0105 kompleksowe us\u0142ugi od wypo\u017cyczenia stroju i ubezpieczenia po odbi\u00f3r i dow\u00f3z do hotelu. Najch\u0119tniej odwiedzanymi pla\u017cami od k\u0105tem uprawiania surfingu na Maderze s\u0105 pla\u017ce<strong> Porto da Cruz, Machino, Seixal<\/strong> oraz <strong>Funchal<\/strong>.<\/p>\n\n\n\n<h3 class=\"wp-block-heading\">Nurkowanie i snorkeling<\/h3>\n\n\n\n<p>Podwodny ogr\u00f3d Madery zaprasza na<strong> ca\u0142oroczny snorkeling oraz nurkowanie<\/strong> dla mi\u0142o\u015bnik\u00f3w odkrywania podwodnego \u015bwiata. \u015awietne warunki widoczno\u015bci, doskona\u0142a temperatura wody oscyluj\u0105ca w granicach 18-24 stopnie Celsjusza, umiarkowane pr\u0105dy wodne oraz r\u00f3\u017cnorodna fauna staje si\u0119 niezapomnianym do\u015bwiadczeniem. Popularnymi miejscami do uprawy tego rodzaju sportu wodnego s\u0105 rezerwaty <strong>Garajau<\/strong> oraz <strong>ECO Park Funchal<\/strong>. S\u0105 to miejsca najcz\u0119\u015bciej oferowane przez profesjonalne szko\u0142y do nurkowania, a dzi\u0119ki \u0142atwemu dost\u0119powi bezpo\u015brednio z pla\u017cy czy poprzez \u0142\u00f3d\u017a dedykowane s\u0105 <strong>dla wszystkich<\/strong>, niezale\u017cnie od poziomu do\u015bwiadczenia w nurkowaniu. Podwodna Madera ma do zaoferowania liczne w\u0105wozy, kaniony oraz jaskinie, w kt\u00f3rych spotkasz setki \u017cyj\u0105cych tu stworze\u0144. W doskona\u0142ych warunkach mo\u017cesz tak\u017ce dostrzec <strong>wrak Bowbell &#8211; <\/strong>czyli pog\u0142\u0119biarki dna piaskowego, kt\u00f3ra zaton\u0119\u0142a w roku 1996.<\/p>\n\n\n\n<figure class=\"wp-block-image size-full\"><img loading=\"lazy\" decoding=\"async\" width=\"760\" height=\"433\" src=\"https:\/\/www.tui.pl\/blog\/wp-content\/uploads\/2024\/01\/madera_716147webp.webp\" alt=\"Wakacje Madera, turysta w g\u00f3rach\" class=\"wp-image-7284\" title=\"\" srcset=\"https:\/\/www.tui.pl\/blog\/wp-content\/uploads\/2024\/01\/madera_716147webp.webp 760w, https:\/\/www.tui.pl\/blog\/wp-content\/uploads\/2024\/01\/madera_716147webp-600x342.webp 600w, https:\/\/www.tui.pl\/blog\/wp-content\/uploads\/2024\/01\/madera_716147webp-585x333.webp 585w\" sizes=\"auto, (max-width: 760px) 100vw, 760px\" \/><\/figure>\n\n\n\n<h3 class=\"wp-block-heading\">Trekking w g\u00f3rach Madery<\/h3>\n\n\n\n<p>Wspinaczka na Maderze to wyj\u0105tkowe i niezapomniane do\u015bwiadczenie. Ta malownicza wyspa jest doskonale znana ze swoich imponuj\u0105cych g\u00f3r, spektakularnych klif\u00f3w i zachwycaj\u0105cych widok\u00f3w, kt\u00f3re czyni\u0105 j\u0105 jednym z najwybitniejszych miejsc do wspinaczki w Europie. Jeden z popularnych wariant\u00f3w tras jest wspinaczka w g\u00f3ry <strong>Pico de <\/strong><strong>Arieiro<\/strong> &#8211; trzeciego co do wielko\u015bci najwy\u017cszego szczytu wyspy. Prze\u017cyj niesamowity trekking w g\u00f3rach Madery oddychaj\u0105c czystym powietrzem i \u0142\u0105cz\u0105c ze sob\u0105 zapieraj\u0105ce dech w piersiach panoramiczne widoki na centralne g\u00f3ry. Istniej\u0105 r\u00f3\u017cne etapy tej wspinaczki. W sytuacji braku wi\u0119kszego do\u015bwiadczenia, warto ustali\u0107 szczeg\u00f3\u0142y z organizatorem wspinaczki.<\/p>\n\n\n\n<p>Szukasz wy\u017cszego poziomu trudno\u015bci? Zalicz challenge \u017cycia i udaj si\u0119 na najwy\u017cszy szczyt wyspy, czyli <strong>Pico <\/strong><strong>Ruivo<\/strong> (1862 m n.p.m.), okre\u015blane r\u00f3wnie\u017c jako dach Madery. Przemierzaj liczne \u015bcie\u017cki otoczone zieleni\u0105, mijaj g\u0119ste lasy laurowe, malownicze doliny i wspania\u0142e widoki na okoliczne wzg\u00f3rza. Osi\u0105gaj\u0105c szczyt wyspy Pico Ruivo udaj si\u0119 na drewniany punkt widokowy, kt\u00f3ry umo\u017cliwia podziwianie <strong>panoramy dooko\u0142a ca\u0142ej wyspy<\/strong>. To doskona\u0142a okazja, aby zatrzyma\u0107 si\u0119 na chwil\u0119 i napawa\u0107 si\u0119 urokami maderskiego krajobrazu.<\/p>\n\n\n\n<h3 class=\"wp-block-heading\">Kolarstwo g\u00f3rskie<\/h3>\n\n\n\n<p>Ciekaw\u0105 alternatyw\u0105 na zwiedzanie wyspy jest r\u00f3wnie\u017c okrywanie szlak\u00f3w i wspinanie si\u0119 po archipelagu na rowerze. <strong>Kolarstwo g\u00f3rskie<\/strong> stanowi szczeg\u00f3lne wyzwanie, a osoby kt\u00f3re uprawiaj\u0105 ten sport nie b\u0119d\u0105 rozczarowane. Na Maderze w obr\u0119bie parku le\u015bnego obj\u0119tego programem Natura 2000 znajduje si\u0119 kilka oznakowanych szlak\u00f3w stricte pod kolarstwo g\u00f3rskie, jednak aby z nich korzysta\u0107 nale\u017cy uzyska\u0107 niezb\u0119dne pozwolenia.<\/p>\n\n\n\n<p>Poznaj inne popularne atrakcje Madery z pozycji siode\u0142ka rowerowego. Na potrzeby artyku\u0142u wybra\u0142am trzy typy trudno\u015bci tras, kt\u00f3re mo\u017cesz wybra\u0107 pod Tw\u00f3j poziom do\u015bwiadczenia. Wymienione w artykule szlaki s\u0105 tylko przyk\u0142adami, na Maderze znajduje si\u0119 ich znacznie wi\u0119cej.<\/p>\n\n\n\n<p>Trasy \u0142atwiejsze: szlak biegn\u0105cy tras\u0105 wzd\u0142u\u017c linii morza, czyli <strong>C\u00e2mara de Lobos &#8211; Praia Formosa<\/strong>, to 6 kilometrowa trasa, bardzo popularna pod wzgl\u0119dem spacer\u00f3w, jazdy na rowerze oraz joggingu. Drug\u0105, r\u00f3wnie \u0142atw\u0105 tras\u0105 b\u0119dzie 2,5 kilometrowy szlak turystyczny <strong>Trilho da Lagoa,<\/strong> kt\u00f3ry prowadzi \u015bcie\u017ckami w kierunku zimowej laguny Fanal. Oba szlaki otwarte s\u0105 przez ca\u0142y rok.<\/p>\n\n\n\n<p>Trasy umiarkowane: szlak <strong>Rota Jardim do Lido &#8211; C\u00e2mara de Lobos<\/strong> to 10,3 km droga w pobli\u017cu miasta Funchal biegn\u0105ca wzd\u0142u\u017c wybrze\u017ca. Warto przejecha\u0107 t\u0119 tras\u0119, poniewa\u017c w okolicy znajduje si\u0119 kilka miejsc wartych odwiedzenia, takich jak: pla\u017ca Formosa czy mieszcz\u0105cy si\u0119 w C\u00e2mara de Lobos Bay Salinas Pools. Innym wartym uwagi szlakiem jest okr\u0119\u017cna droga biegn\u0105ca przez Montado do Fanal. Podczas przeja\u017cd\u017cki spotkasz liczne punkty widokowe na g\u00f3rskie tereny czy magiczny las Lagoa do Fanal z charakterystycznymi drzewami wawrzynowymi.<\/p>\n\n\n\n<p>Trasy trudne: Rekomendowany szlak <strong>Figueirinha &#8211; Achadinha \u2013 okolice Camacha <\/strong>na rowerow\u0105 wypraw\u0119 po urokliwych wioskach Madery oferuje oko\u0142o 28 kilometrow\u0105 przygod\u0119. Pod\u0105\u017caj\u0105c t\u0105 tras\u0105, b\u0119dziesz mia\u0142 okazj\u0119 odkry\u0107 malownicze miejsca wiejskie z charakterystycznymi maderskimi domami oraz cieszy\u0107 si\u0119 spokojem zielonych przestrzeni dost\u0119pnych przez ca\u0142y rok. Z kolei szlak <strong>Poiso &#8211; Pico Alto &#8211; Pal\u00e1cio do Monte &#8211; Miradouro do Jardim Tropical <\/strong>to podr\u00f3\u017c wzd\u0142u\u017c Parku Narodowego Funchal. Doskonale zaprojektowane \u015bcie\u017cki rowerowe oraz okoliczne atrakcje, takie jak: widoki na zatok\u0119 Funchal czy Ogr\u00f3d Tropikalny Madera Pal\u00e1cio do Monte sprawi\u0105, \u017ce b\u0119dzie to wycieczka bogata w atrakcyjne zak\u0105tki wyspy.<\/p>\n\n\n\n<figure class=\"wp-block-image size-full\"><img loading=\"lazy\" decoding=\"async\" width=\"760\" height=\"433\" src=\"https:\/\/www.tui.pl\/blog\/wp-content\/uploads\/2024\/01\/madera_516145webp.webp\" alt=\"Wakacje na Maderze, paralotniarstwo\" class=\"wp-image-7282\" title=\"\" srcset=\"https:\/\/www.tui.pl\/blog\/wp-content\/uploads\/2024\/01\/madera_516145webp.webp 760w, https:\/\/www.tui.pl\/blog\/wp-content\/uploads\/2024\/01\/madera_516145webp-600x342.webp 600w, https:\/\/www.tui.pl\/blog\/wp-content\/uploads\/2024\/01\/madera_516145webp-585x333.webp 585w\" sizes=\"auto, (max-width: 760px) 100vw, 760px\" \/><\/figure>\n\n\n\n<h3 class=\"wp-block-heading\">Paralotniarstwo<\/h3>\n\n\n\n<p>Widok z lotu ptaka na wysp\u0119? Poczuj dreszczyk adrenaliny i wznie\u015b si\u0119 ku niebie. Paralotniarstwo to idealna atrakcja zar\u00f3wno dla <strong>os\u00f3b podr\u00f3\u017cuj\u0105cych<\/strong> <strong>solo jak i dla grup<\/strong>. Cz\u0119sto tego typu us\u0142ugi oferuj\u0105 r\u00f3wnie\u017c zdj\u0119cia pami\u0105tkowe podczas lotu, zatem mo\u017cesz uwieczni\u0107 to doznanie na sta\u0142e. Paralotniarstwo na Maderze jest <strong>aktywno\u015bci\u0105 ca\u0142oroczn\u0105 <\/strong>organizowan\u0105 mi\u0119dzy innymi w Arco da Calheta.<\/p>\n\n\n\n<figure class=\"wp-block-image size-full\"><img loading=\"lazy\" decoding=\"async\" width=\"760\" height=\"433\" src=\"https:\/\/www.tui.pl\/blog\/wp-content\/uploads\/2024\/01\/madera_616146webp.webp\" alt=\"Atrakcje turystyczne Madera\" class=\"wp-image-7283\" title=\"\" srcset=\"https:\/\/www.tui.pl\/blog\/wp-content\/uploads\/2024\/01\/madera_616146webp.webp 760w, https:\/\/www.tui.pl\/blog\/wp-content\/uploads\/2024\/01\/madera_616146webp-600x342.webp 600w, https:\/\/www.tui.pl\/blog\/wp-content\/uploads\/2024\/01\/madera_616146webp-585x333.webp 585w\" sizes=\"auto, (max-width: 760px) 100vw, 760px\" \/><\/figure>\n\n\n\n<h2 class=\"wp-block-heading\">Madera: pozosta\u0142e aktywno\u015bci<\/h2>\n\n\n\n<p>Alternatywne aktywno\u015bci, kt\u00f3re mog\u0105 by\u0107 uznane za jedne z atrakcji sportowych to <strong>piesze zwiedzanie wyspy<\/strong>. Madera oferuje <strong>wiele atrakcji turystycznych, w tym bogactwo przyrodnicze <\/strong>i<strong> spektakularne widoki, <\/strong>a tak\u017ce<strong> ciekaw\u0105 kultur\u0119 <\/strong>i<strong> tradycje <\/strong>oraz<strong> mas\u0119 mo\u017cliwo\u015bci na wypoczynek<\/strong>. Przeczytaj nasze pozosta\u0142e wpisy o tym co warto zobaczy\u0107 b\u0119d\u0105c na Maderze, dzi\u0119ki czemu nie przegapisz najlepszych miejsc\u00f3wek, np. <a href=\"https:\/\/www.tui.pl\/blog\/mapa-madery-pomysly-wycieczki-czasie-wakacji\/\" target=\"_blank\" rel=\"noreferrer noopener\">Mapa Madery &#8211; pomys\u0142y na wycieczki w czasie wakacji<\/a>. Wracaj\u0105c do tematu pozosta\u0142ych aktywno\u015bci, na Maderze znajduj\u0105 si\u0119 liczne <strong>korty tenisowe<\/strong>, a wiele hoteli i o\u015brodk\u00f3w oferuje r\u00f3wnie\u017c t\u0119 dyscyplin\u0119 jako w\u0142asn\u0105 aktywno\u015b\u0107 rekreacyjn\u0105.<\/p>\n\n\n\n<p> Opr\u00f3cz tego Madera proponuje tak\u017ce rozgrywk\u0119 na kilku znajduj\u0105cych si\u0119 tu <strong>p\u00f3l golfowych<\/strong> z wyj\u0105tkowymi widokami na ocean, bogat\u0105 ro\u015blinno\u015b\u0107 oraz pasma g\u00f3rskie. Na koniec warto wspomnie\u0107 r\u00f3wnie\u017c o mo\u017cliwo\u015bci <strong>uprawiania \u017ceglugi<\/strong>. Na Maderze mo\u017cesz wynaj\u0105\u0107 \u0142\u00f3d\u017a lub do\u0142\u0105czy\u0107 do jednej z lokalnych szk\u00f3\u0142 \u017ceglarskich i poczu\u0107 morsk\u0105 przygod\u0119. Ahoj kapitanie! Madera: aktywny wypoczynek na wyci\u0105gni\u0119cie r\u0119ki.<\/p>\n","protected":false},"excerpt":{"rendered":"<p>Portugalska wyspa Madera co roku przyci\u0105ga setki tysi\u0119cy turyst\u00f3w z ca\u0142ego \u015bwiata. Niepowtarzalna flora i fauna, fascynuj\u0105ca kultura, liczne atrakcje turystyczne czy wy\u015bmienita kuchnia i wina to najcz\u0119stsze powody zwiedzania&hellip;<\/p>\n","protected":false},"author":35,"featured_media":7281,"comment_status":"open","ping_status":"closed","sticky":false,"template":"","format":"standard","meta":{"_lmt_disableupdate":"","_lmt_disable":"","footnotes":""},"categories":[9,21,182,30],"tags":[745,765,767],"class_list":["post-7280","post","type-post","status-publish","format-standard","has-post-thumbnail","hentry","category-europa","category-madera","category-podroze","category-portugalia","tag-gdzie-na-wakacje","tag-wakacje-latem","tag-wakacje-zima"],"home_img_url":"https:\/\/www.tui.pl\/blog\/wp-content\/uploads\/2024\/01\/madera_216142webp-585x390.webp","home_img_alt":"Wakacje Madera","_links":{"self":[{"href":"https:\/\/www.tui.pl\/blog\/wp-json\/wp\/v2\/posts\/7280","targetHints":{"allow":["GET"]}}],"collection":[{"href":"https:\/\/www.tui.pl\/blog\/wp-json\/wp\/v2\/posts"}],"about":[{"href":"https:\/\/www.tui.pl\/blog\/wp-json\/wp\/v2\/types\/post"}],"author":[{"embeddable":true,"href":"https:\/\/www.tui.pl\/blog\/wp-json\/wp\/v2\/users\/35"}],"replies":[{"embeddable":true,"href":"https:\/\/www.tui.pl\/blog\/wp-json\/wp\/v2\/comments?post=7280"}],"version-history":[{"count":1,"href":"https:\/\/www.tui.pl\/blog\/wp-json\/wp\/v2\/posts\/7280\/revisions"}],"predecessor-version":[{"id":7285,"href":"https:\/\/www.tui.pl\/blog\/wp-json\/wp\/v2\/posts\/7280\/revisions\/7285"}],"wp:featuredmedia":[{"embeddable":true,"href":"https:\/\/www.tui.pl\/blog\/wp-json\/wp\/v2\/media\/7281"}],"wp:attachment":[{"href":"https:\/\/www.tui.pl\/blog\/wp-json\/wp\/v2\/media?parent=7280"}],"wp:term":[{"taxonomy":"category","embeddable":true,"href":"https:\/\/www.tui.pl\/blog\/wp-json\/wp\/v2\/categories?post=7280"},{"taxonomy":"post_tag","embeddable":true,"href":"https:\/\/www.tui.pl\/blog\/wp-json\/wp\/v2\/tags?post=7280"}],"curies":[{"name":"wp","href":"https:\/\/api.w.org\/{rel}","templated":true}]}}