{"id":7198,"date":"2023-10-24T14:00:00","date_gmt":"2023-10-24T12:00:00","guid":{"rendered":"https:\/\/www.tui.pl\/blog\/?p=7198"},"modified":"2023-12-20T13:52:20","modified_gmt":"2023-12-20T12:52:20","slug":"city-break-w-pradze","status":"publish","type":"post","link":"https:\/\/www.tui.pl\/blog\/city-break-w-pradze\/","title":{"rendered":"City break w Pradze"},"content":{"rendered":"\n<p>Planowanie wakacji mo\u017ce by\u0107 jeszcze przyjemniejsze ni\u017c my\u015blisz! Poznaj nasz nowy przewodnik turystyczny ze stolicy Czech. Dowiesz si\u0119 w nim co zobaczy\u0107 sp\u0119dzaj\u0105c sw\u00f3j <a href=\"https:\/\/www.tui.pl\/wypoczynek\/czechy\/praga\" target=\"_blank\" rel=\"noreferrer noopener\">city break w Pradze<\/a>. Sprawd\u017a nasze rekomendacje atrakcji.<\/p>\n\n\n\n<h2 class=\"wp-block-heading\">Atrakcje Praga<\/h2>\n\n\n\n<p>Praga jako jedna z najpi\u0119kniejszych stolic \u015bwiata ma do zaoferowania wiele atrakcji turystycznych. W tym wpisie kontynuuj\u0119 to co zobaczy\u0107, gdy zwiedzisz ju\u017c te najpopularniejsze miejsca. W poprzednim artykule <a href=\"https:\/\/www.tui.pl\/blog\/?s=praga\" target=\"_blank\" rel=\"noreferrer noopener\">Spacer po Pradze<\/a> zosta\u0142y wymienione klasyki takie jak: Most Karola, Ko\u015bci\u00f3\u0142 Marii Panny, Stare Miasto z zegarem astronomicznym Orloj, Zamek na Hradczanach czy \u015bciana Johna Lennona. Jednak wspania\u0142a stolica Czech oferuje znacznie wi\u0119cej, a dzi\u0119ki temu wpisowi poznasz j\u0105 jeszcze lepiej! Gotowi na kr\u00f3tki poradnik wakacyjny?<\/p>\n\n\n\n<h2 class=\"wp-block-heading\">Wie\u017ca Petrin<\/h2>\n\n\n\n<figure class=\"wp-block-image size-full\"><img loading=\"lazy\" decoding=\"async\" width=\"760\" height=\"433\" src=\"https:\/\/www.tui.pl\/blog\/wp-content\/uploads\/2023\/12\/2.webp\" alt=\"City Break, Praga, wie\u017ca Petrin\" class=\"wp-image-7200\" title=\"\" srcset=\"https:\/\/www.tui.pl\/blog\/wp-content\/uploads\/2023\/12\/2.webp 760w, https:\/\/www.tui.pl\/blog\/wp-content\/uploads\/2023\/12\/2-600x342.webp 600w, https:\/\/www.tui.pl\/blog\/wp-content\/uploads\/2023\/12\/2-585x333.webp 585w\" sizes=\"auto, (max-width: 760px) 100vw, 760px\" \/><\/figure>\n\n\n\n<p>Jedno z ciekawszych miejsc na eksplorowanie stolicy Czech jest wzg\u00f3rze Petrin, na kt\u00f3rym znajduje si\u0119 tytu\u0142owa wie\u017ca. Atrakcja ta stanowi \u015bwietn\u0105 baz\u0119 wypadow\u0105 do d\u0142u\u017cszych spacer\u00f3w i oferuje panoramiczne widoki na miasto. Znajduj\u0105ca si\u0119 tu Wie\u017ca Petrin powsta\u0142a na wz\u00f3r francuskiej wie\u017cy Eiffla i oferuje widok wy\u017cszy o dodatkowe 59 metr\u00f3w wysoko\u015bci! Ciekaw\u0105 atrakcj\u0105 na wzg\u00f3rzu tu\u017c obok wie\u017cy jest tak\u017ce Lustrzany Labirynt, czyli drewniany pawilon z ko\u0144ca XIX wieku, w kt\u00f3rym mo\u017cesz zobaczy\u0107 mi\u0119dzy innymi obraz przedstawiaj\u0105cy wojn\u0119 trzydziestoletni\u0105 mi\u0119dzy Czechami a Szwedami z XVII wieku. <\/p>\n\n\n\n<p>Wej\u015bcie na Wie\u017c\u0119 Petrin oraz do labiryntu jest p\u0142atne. Warto sprawdzi\u0107 tak\u017ce godziny otwarcia. Je\u015bli martwi Ci\u0119, \u017ce wyprawa ta b\u0119dzie zbyt obci\u0105\u017caj\u0105ca fizycznie to jest na to spos\u00f3b! Popularn\u0105 form\u0105 transportu na sam szczyt Wzg\u00f3rza Petrin jest p\u0142atna kolejka linowo-terenowa \u0142\u0105cz\u0105ca si\u0119 od metra \u00dajezd. Szybko i komfortowo dostaniesz si\u0119 na szczyt popularnego punktu widokowego w Pradze. Szczeg\u00f3lnie w cieplejszych miesi\u0105cach warto uda\u0107 si\u0119 na szczyt Wie\u017cy Petrin, poniewa\u017c wtedy rozkwita znajduj\u0105ce si\u0119 tu rosarium, a unosz\u0105ce si\u0119 tu wonie kwiat\u00f3w upajaj\u0105 turyst\u00f3w swoimi przepi\u0119knymi zapachami.<\/p>\n\n\n\n<h2 class=\"wp-block-heading\">Biblioteka w Strahovie<\/h2>\n\n\n\n<figure class=\"wp-block-image size-full\"><img loading=\"lazy\" decoding=\"async\" width=\"760\" height=\"433\" src=\"https:\/\/www.tui.pl\/blog\/wp-content\/uploads\/2023\/12\/3.webp\" alt=\"City Break Praga, Biblioteka w Strahovie\" class=\"wp-image-7201\" title=\"\" srcset=\"https:\/\/www.tui.pl\/blog\/wp-content\/uploads\/2023\/12\/3.webp 760w, https:\/\/www.tui.pl\/blog\/wp-content\/uploads\/2023\/12\/3-600x342.webp 600w, https:\/\/www.tui.pl\/blog\/wp-content\/uploads\/2023\/12\/3-585x333.webp 585w\" sizes=\"auto, (max-width: 760px) 100vw, 760px\" \/><\/figure>\n\n\n\n<p>Znajduj\u0105ca si\u0119 nieopodal Wzg\u00f3rza Petrin oraz Zamku na Hrdaczanach biblioteka w stylu barokowym to urokliwa atrakcja znajduj\u0105ca si\u0119 na terenie Klasztoru na Strahovie powsta\u0142ym ju\u017c w XII wieku. Biblioteka sk\u0142ada si\u0119 z dw\u00f3ch ogromnych sal: Sali Filozoficznej oraz Teologicznej, kt\u00f3re s\u0105 wzajemnie po\u0142\u0105czone Gabinetem Osobliwo\u015bci. Podziwia\u0107 tu mo\u017cna pochodz\u0105ce z r\u00f3\u017cnego okresu baroku freski oraz pozosta\u0142e elementy dekoracyjne wn\u0119trz, kt\u00f3re w towarzystwie ksi\u0105g nadaj\u0105 niezapomnianego charakteru temu miejscu. Atrakcja otwarta jest przez ca\u0142y rok, a wst\u0119p do biblioteki jest p\u0142atny. Niestety wej\u015bcie bezpo\u015brednio do obu sal jest niemo\u017cliwe, ogl\u0105da\u0107 je mo\u017cna ze specjalnie przygotowanych stref. Tylko Gabinet Osobliwo\u015bci jest dost\u0119pny w ca\u0142ej okaza\u0142o\u015bci i r\u00f3wnie\u017c mo\u017ce poszczyci\u0107 si\u0119 r\u00f3\u017cnorodn\u0105 kolekcj\u0119 szcz\u0105tk\u00f3w zwierz\u0105t morskich i nie tylko!<\/p>\n\n\n\n<h3 class=\"wp-block-heading\"><strong>Praska dzielnica \u017cydowska<\/strong><\/h3>\n\n\n\n<figure class=\"wp-block-image size-full\"><img loading=\"lazy\" decoding=\"async\" width=\"760\" height=\"433\" src=\"https:\/\/www.tui.pl\/blog\/wp-content\/uploads\/2023\/12\/4.webp\" alt=\"Weekend w Pradze, dzielnica \u017cydowska\" class=\"wp-image-7202\" title=\"\" srcset=\"https:\/\/www.tui.pl\/blog\/wp-content\/uploads\/2023\/12\/4.webp 760w, https:\/\/www.tui.pl\/blog\/wp-content\/uploads\/2023\/12\/4-600x342.webp 600w, https:\/\/www.tui.pl\/blog\/wp-content\/uploads\/2023\/12\/4-585x333.webp 585w\" sizes=\"auto, (max-width: 760px) 100vw, 760px\" \/><\/figure>\n\n\n\n<p>Praga jako jedno z niewielu miast europejskich posiada najlepiej zachowan\u0105 dzielnic\u0119 \u017cydowsk\u0105. Josefov czyli miejsce w kt\u00f3rym znajduj\u0105 si\u0119 liczne synagogi \u017cydowskie, ratusz \u017cydowski oraz jeden z najwi\u0119kszych na \u015bwiecie Stary Cmentarz \u017bydowski to wycieczka wojenn\u0105 przesz\u0142o\u015b\u0107 oraz trudn\u0105 i poruszaj\u0105c\u0105 histori\u0119 ludu \u017cydowskiego. Jedna z najstarszych w Europie, czyli Synagoga Staronowa g\u0142osi jedn\u0105 z wielu legend, \u017ce w \u015brodku synagogi ukrywa\u0142 si\u0119 Golem &#8211; istota stworzona z gliny na kszta\u0142t cz\u0142owieka, kt\u00f3ra obdarzona zosta\u0142a nadludzk\u0105 si\u0142\u0105. Poznasz tu przyk\u0142ady typowej \u017cydowskiej architektury.<\/p>\n\n\n\n<h3 class=\"wp-block-heading\"><strong>Pa\u0142ac Wallensteina i ogrody<\/strong><\/h3>\n\n\n\n<figure class=\"wp-block-image size-full\"><img loading=\"lazy\" decoding=\"async\" width=\"760\" height=\"433\" src=\"https:\/\/www.tui.pl\/blog\/wp-content\/uploads\/2023\/12\/5.webp\" alt=\"City Break w Pradze, Pa\u0142ac Wallensteina\" class=\"wp-image-7203\" title=\"\" srcset=\"https:\/\/www.tui.pl\/blog\/wp-content\/uploads\/2023\/12\/5.webp 760w, https:\/\/www.tui.pl\/blog\/wp-content\/uploads\/2023\/12\/5-600x342.webp 600w, https:\/\/www.tui.pl\/blog\/wp-content\/uploads\/2023\/12\/5-585x333.webp 585w\" sizes=\"auto, (max-width: 760px) 100vw, 760px\" \/><\/figure>\n\n\n\n<p>Uwielbiany przez turyst\u00f3w ze wzgl\u0119du na sw\u00f3j urokliwy charakter Pa\u0142ac Wallensteina, niegdy\u015b b\u0119d\u0105cy rezydencj\u0105 s\u0142ynnego genera\u0142a i ksi\u0119cia Albrechta von Wallensteina oraz jeden z najbardziej znanych obiekt\u00f3w wczesnego baroku w Pradze, teraz pe\u0142ni\u0105cy funkcj\u0119 siedziby Senatu Republiki Czeskiej. Mo\u017cemy tu podziwia\u0107 G\u0142\u00f3wn\u0105 Sal\u0119 (Rycersk\u0105) z okaza\u0142ymi freskami na sklepieniach, Korytarz Rycerski wzbogacony dodatkowo o \u015bciany ze sk\u00f3ry oraz kaplic\u0119 z obrazem przedstawiaj\u0105cym \u015bmier\u0107 \u015bw. Wac\u0142awa. Opr\u00f3cz samego pa\u0142acu wyj\u0105tkow\u0105 rol\u0119 pe\u0142ni\u0105 ogromne Ogrody Wallensteina. Miejsce relaksu i spokoju z licznymi fontannami, ogromnym stawem, w kt\u00f3rym p\u0142ywaj\u0105 r\u00f3\u017cne gatunki ryb czy spaceruj\u0105ce wok\u00f3\u0142 zieleni pawie oraz kaczki. W Ogrodach Wallensteina w okresie letnim odbywaj\u0105 si\u0119 tu liczne koncerty. Wspania\u0142e miejsce urozmaicaj\u0105ce podr\u00f3\u017c.<\/p>\n\n\n\n<h3 class=\"wp-block-heading\"><strong>Gr\u00e9bovka (Havl\u00ed\u010dkovy sady)<\/strong><\/h3>\n\n\n\n<figure class=\"wp-block-image size-full\"><img loading=\"lazy\" decoding=\"async\" width=\"760\" height=\"433\" src=\"https:\/\/www.tui.pl\/blog\/wp-content\/uploads\/2023\/12\/6.webp\" alt=\"Praga, Grebovka, weekend w Czechach\" class=\"wp-image-7204\" title=\"\" srcset=\"https:\/\/www.tui.pl\/blog\/wp-content\/uploads\/2023\/12\/6.webp 760w, https:\/\/www.tui.pl\/blog\/wp-content\/uploads\/2023\/12\/6-600x342.webp 600w, https:\/\/www.tui.pl\/blog\/wp-content\/uploads\/2023\/12\/6-585x333.webp 585w\" sizes=\"auto, (max-width: 760px) 100vw, 760px\" \/><\/figure>\n\n\n\n<p>Kameralne, a przy tym bardzo urokliwe miejsce, czyli park Gr\u00e9bovka, kt\u00f3ry wygl\u0105dem przypomina w\u0142oski renesans to miejsce na romantyczny spacer po\u015br\u00f3d wspania\u0142ych widok\u00f3w na miasto. Znajduje si\u0119 tu sztuczna jaskinia z placem na kt\u00f3rym stoi wyj\u0105tkowa fontanna oraz pos\u0105gi. W dalszej cz\u0119\u015bci tego parku znajdziesz r\u00f3wnie\u017c kaskady wodne z oczkiem i drewnianym mostem oraz mn\u00f3stwo zieleni dooko\u0142a i miejsc, w kt\u00f3rych usi\u0105dziesz i zatracisz si\u0119 w klimacie. Na terenie parku znajduje si\u0119 tak\u017ce winiarnia Alt\u00e1n Gr\u00e9bovka w towarzystwie kt\u00f3rej rosn\u0105 pn\u0105cza winoro\u015bli oraz kawiarnia Pavilon Gr\u00e9bovka oferuj\u0105ca pyszn\u0105 kaw\u0119 i przek\u0105ski oraz wspania\u0142y panoramiczny widok na miasto.<\/p>\n\n\n\n<p>Dojazd w\u0142asny do Pragi to jedna z wyj\u0105tkowych opcji w naszej ofercie. Oferujemy najlepsze noclegi oraz r\u00f3\u017cnorodne dost\u0119pne d\u0142ugo\u015bci wyjazdu. To Ty zdecydujesz jak d\u0142ugo zwiedzasz! W ofercie znajdziesz dok\u0142adny opis hotelu w Pradze, sprawdzisz dost\u0119pno\u015b\u0107 pokoi, opcje wy\u017cywienia i wiele wi\u0119cej. Znajdziesz tu r\u00f3wnie\u017c <a href=\"https:\/\/www.tui.pl\/city-break\" target=\"_blank\" rel=\"noreferrer noopener\">hotele blisko lotniska w Pradze<\/a>, dzi\u0119ki kt\u00f3rym \u0142atwo dostaniesz si\u0119 tak\u017ce w inne po\u017c\u0105dane miejsce. Cena oferty na wakacje w Pradze zaczyna si\u0119 ju\u017c od 177 z\u0142otych (stan na 24.10.2023 r.). Warto doda\u0107, \u017ce weryfikacja aktualnej ceny na naszej stronie pomo\u017ce Ci by\u0107 na bie\u017c\u0105co, poniewa\u017c dost\u0119pno\u015b\u0107 pokoi w Pradze oraz cena zmienia si\u0119 bardzo szybko. Skorzystaj tak\u017ce z oferty last minute do Pragi i city break z przelotem.<\/p>\n","protected":false},"excerpt":{"rendered":"<p>Planowanie wakacji mo\u017ce by\u0107 jeszcze przyjemniejsze ni\u017c my\u015blisz! Poznaj nasz nowy przewodnik turystyczny ze stolicy Czech. Dowiesz si\u0119 w nim co zobaczy\u0107 sp\u0119dzaj\u0105c sw\u00f3j city break w Pradze. Sprawd\u017a nasze&hellip;<\/p>\n","protected":false},"author":35,"featured_media":7199,"comment_status":"open","ping_status":"closed","sticky":false,"template":"","format":"standard","meta":{"_lmt_disableupdate":"","_lmt_disable":"","footnotes":""},"categories":[331,182],"tags":[],"class_list":["post-7198","post","type-post","status-publish","format-standard","has-post-thumbnail","hentry","category-city-break","category-podroze"],"home_img_url":"https:\/\/www.tui.pl\/blog\/wp-content\/uploads\/2023\/12\/1-585x390.webp","home_img_alt":"City Break w Pradze, zegar na \u015bcianie","_links":{"self":[{"href":"https:\/\/www.tui.pl\/blog\/wp-json\/wp\/v2\/posts\/7198","targetHints":{"allow":["GET"]}}],"collection":[{"href":"https:\/\/www.tui.pl\/blog\/wp-json\/wp\/v2\/posts"}],"about":[{"href":"https:\/\/www.tui.pl\/blog\/wp-json\/wp\/v2\/types\/post"}],"author":[{"embeddable":true,"href":"https:\/\/www.tui.pl\/blog\/wp-json\/wp\/v2\/users\/35"}],"replies":[{"embeddable":true,"href":"https:\/\/www.tui.pl\/blog\/wp-json\/wp\/v2\/comments?post=7198"}],"version-history":[{"count":1,"href":"https:\/\/www.tui.pl\/blog\/wp-json\/wp\/v2\/posts\/7198\/revisions"}],"predecessor-version":[{"id":7205,"href":"https:\/\/www.tui.pl\/blog\/wp-json\/wp\/v2\/posts\/7198\/revisions\/7205"}],"wp:featuredmedia":[{"embeddable":true,"href":"https:\/\/www.tui.pl\/blog\/wp-json\/wp\/v2\/media\/7199"}],"wp:attachment":[{"href":"https:\/\/www.tui.pl\/blog\/wp-json\/wp\/v2\/media?parent=7198"}],"wp:term":[{"taxonomy":"category","embeddable":true,"href":"https:\/\/www.tui.pl\/blog\/wp-json\/wp\/v2\/categories?post=7198"},{"taxonomy":"post_tag","embeddable":true,"href":"https:\/\/www.tui.pl\/blog\/wp-json\/wp\/v2\/tags?post=7198"}],"curies":[{"name":"wp","href":"https:\/\/api.w.org\/{rel}","templated":true}]}}