{"id":6499,"date":"2023-08-17T12:34:26","date_gmt":"2023-08-17T10:34:26","guid":{"rendered":"https:\/\/www.tui.pl\/blog\/?p=6499"},"modified":"2023-09-06T15:43:53","modified_gmt":"2023-09-06T13:43:53","slug":"najpopularniejsze-festiwale-na-maderze-top-4","status":"publish","type":"post","link":"https:\/\/www.tui.pl\/blog\/najpopularniejsze-festiwale-na-maderze-top-4\/","title":{"rendered":"Najpopularniejsze festiwale na Maderze \u2013 TOP 4"},"content":{"rendered":"\n<p>Oceaniczna wyspa jest cz\u0119stym wyborem w\u015br\u00f3d turyst\u00f3w ze wzgl\u0119du na sw\u00f3j \u0142agodny klimat i umiarkowane temperatury utrzymuj\u0105ce si\u0119 przez wi\u0119kszo\u015b\u0107 roku. W tej cz\u0119\u015bci <a href=\"https:\/\/www.tui.pl\/wypoczynek\/portugalia\">Portugalii<\/a> mo\u017cna wypoczywa\u0107 na pi\u0119knych pla\u017cach, spacerowa\u0107 niesamowitym wybrze\u017cem, odwiedzi\u0107 naturalne baseny, wybra\u0107 si\u0119 na wycieczk\u0119 rowerow\u0105 czy w\u0119dr\u00f3wk\u0119 malowniczymi szlakami w chmurach. Jednak to jeszcze nie wszystko. <strong>Sprzyjaj\u0105ce warunki atmosferyczne Madery sprawiaj\u0105, \u017ce jest ona doskona\u0142ym miejscem do \u015bwi\u0119towania podczas festiwali i wydarze\u0144 na \u015bwie\u017cym powietrzu \u2013 kt\u00f3re s\u0105 tu cz\u0119sto organizowane. Podczas nich lokalni mieszka\u0144cy praktykuj\u0105 tradycje i rytua\u0142y, a tury\u015bci w pe\u0142ni do\u015bwiadczaj\u0105 niepowtarzalnej kultury tego miejsca. Przygotowali\u015bmy zestawienie 4 festiwali na Maderze, kt\u00f3re warto prze\u017cy\u0107 cho\u0107 raz.<\/strong><\/p>\n\n\n\n<h2 class=\"wp-block-heading\">Festiwal Wina na Maderze<\/h2>\n\n\n\n<figure class=\"wp-block-image size-full\"><img loading=\"lazy\" decoding=\"async\" width=\"760\" height=\"433\" src=\"https:\/\/www.tui.pl\/blog\/wp-content\/uploads\/2023\/08\/760x433_Madera_1-1.jpg\" alt=\"\" class=\"wp-image-6505\" style=\"object-fit:cover\" title=\"\" srcset=\"https:\/\/www.tui.pl\/blog\/wp-content\/uploads\/2023\/08\/760x433_Madera_1-1.jpg 760w, https:\/\/www.tui.pl\/blog\/wp-content\/uploads\/2023\/08\/760x433_Madera_1-1-600x342.jpg 600w, https:\/\/www.tui.pl\/blog\/wp-content\/uploads\/2023\/08\/760x433_Madera_1-1-585x333.jpg 585w\" sizes=\"auto, (max-width: 760px) 100vw, 760px\" \/><\/figure>\n\n\n\n<div style=\"height:30px\" aria-hidden=\"true\" class=\"wp-block-spacer\"><\/div>\n\n\n\n<p><strong>Portugalska wyspa jest znana na ca\u0142ym \u015bwiecie ze swojego wyj\u0105tkowego wina o nazwie<em> <a href=\"https:\/\/www.tui.pl\/wypoczynek\/portugalia\/madera\">madera<\/a><\/em>, dlatego te\u017c, ku celebracji tego rodzaju napoju, jest obchodzony coroczny festiwal <em>Festa do Vinho<\/em>.<\/strong> W okolicach sierpnia i wrze\u015bnia w stolicy wyspy \u2013 Funchal \u2013 odbywa si\u0119 jedno z najciekawszych wydarze\u0144. Podczas festiwalu wina, bo o nim mowa,<strong> odbywaj\u0105 si\u0119 tradycyjne pochody, wyst\u0119py folklorystyczne, a wieczorami spektakularne pokazy fajerwerk\u00f3w<\/strong>. Przy odrobinie szcz\u0119\u015bcia mo\u017cna r\u00f3wnie\u017c trafi\u0107 na <strong>koncerty w winnicach<\/strong> oraz <strong>wzi\u0105\u0107 udzia\u0142 we wsp\u00f3lnym winobraniu<\/strong>. Wielu lokalnych producent\u00f3w wina na Maderze regularnie organizuje degustacje, prezentacje i wydarzenia zwi\u0105zane z winem, kt\u00f3re przyci\u0105gaj\u0105 zar\u00f3wno lokaln\u0105 spo\u0142eczno\u015b\u0107, jak i mi\u0142o\u015bnik\u00f3w wina z zagranicy. To idealny czas na toast!<\/p>\n\n\n\n<h2 class=\"wp-block-heading\">Carnival \u2013 wyspiarski karnawa\u0142<\/h2>\n\n\n\n<figure class=\"wp-block-image size-full\"><img loading=\"lazy\" decoding=\"async\" width=\"760\" height=\"433\" src=\"https:\/\/www.tui.pl\/blog\/wp-content\/uploads\/2023\/08\/760x433_Madera_2-1.jpg\" alt=\"Madera\" class=\"wp-image-6506\" title=\"\" srcset=\"https:\/\/www.tui.pl\/blog\/wp-content\/uploads\/2023\/08\/760x433_Madera_2-1.jpg 760w, https:\/\/www.tui.pl\/blog\/wp-content\/uploads\/2023\/08\/760x433_Madera_2-1-600x342.jpg 600w, https:\/\/www.tui.pl\/blog\/wp-content\/uploads\/2023\/08\/760x433_Madera_2-1-585x333.jpg 585w\" sizes=\"auto, (max-width: 760px) 100vw, 760px\" \/><\/figure>\n\n\n\n<div style=\"height:30px\" aria-hidden=\"true\" class=\"wp-block-spacer\"><\/div>\n\n\n\n<p>Nie trzeba wybiera\u0107 si\u0119 do Brazylii, aby zobaczy\u0107 ekscytuj\u0105ce, karnawa\u0142owe obchody. Carnival na Maderze dotrzymuje kroku najbardziej znanym wydarzeniom, odbywaj\u0105cym si\u0119 na ca\u0142ym \u015bwiecie w okresie przed Wielkim Postem. <strong>Podczas tego \u015bwi\u0119ta na ulicach wyspy mo\u017cna spotka\u0107 tancerzy w widowiskowych kostiumach, odtwarzaj\u0105cych starannie dopracowane uk\u0142ady taneczne oraz podziwia\u0107 kolorowe pochody z muzyk\u0105 na \u017cywo. Jednym z g\u0142\u00f3wnych wydarze\u0144 jest parada \u201eCortejo Aleg\u00f3rico\u201d czyli \u201eparada alegoryczna\u201d, a ca\u0142e \u015bwi\u0119towanie trwa ponad tydzie\u0144.<\/strong> W\u00f3wczas taniec i \u015bpiew wype\u0142niaj\u0105 ulice miasta Funchal, ale r\u00f3wnie\u017c mniejszych miast zlokalizowanych na wyspie.<strong> Je\u015bli chcesz do\u015bwiadczy\u0107 energii, ducha i kultury Madery, to karnawa\u0142 jest wydarzeniem, kt\u00f3rego nie mo\u017cesz przegapi\u0107<\/strong>.<\/p>\n\n\n\n<h2 class=\"wp-block-heading\">Festiwal Kwiat\u00f3w w Funchal \u2013 \u015bwi\u0119to przyrody i kolor\u00f3w<\/h2>\n\n\n\n<figure class=\"wp-block-image size-full\"><img loading=\"lazy\" decoding=\"async\" width=\"760\" height=\"433\" src=\"https:\/\/www.tui.pl\/blog\/wp-content\/uploads\/2023\/08\/760x433_Madera_3-1.jpg\" alt=\"Madera\" class=\"wp-image-6507\" title=\"\" srcset=\"https:\/\/www.tui.pl\/blog\/wp-content\/uploads\/2023\/08\/760x433_Madera_3-1.jpg 760w, https:\/\/www.tui.pl\/blog\/wp-content\/uploads\/2023\/08\/760x433_Madera_3-1-600x342.jpg 600w, https:\/\/www.tui.pl\/blog\/wp-content\/uploads\/2023\/08\/760x433_Madera_3-1-585x333.jpg 585w\" sizes=\"auto, (max-width: 760px) 100vw, 760px\" \/><\/figure>\n\n\n\n<div style=\"height:30px\" aria-hidden=\"true\" class=\"wp-block-spacer\"><\/div>\n\n\n\n<p><strong>Festiwal Kwiat\u00f3w, znany tak\u017ce lokalnie pod nazw\u0105 <em>Festa da Flor<\/em>, zdecydowanie nale\u017cy do najbardziej rozpoznawanych wydarze\u0144 na Maderze<\/strong>, a zawdzi\u0119cza to spektakularnym i widowiskowym obchodom. Wydarzenie odbywa si\u0119 corocznie na wiosn\u0119, kiedy to Funchal, zmienia si\u0119 w kolorowe i pachn\u0105ce kr\u00f3lestwo kwiat\u00f3w.<strong> G\u0142\u00f3wne ulice miasta s\u0105 ozdobione gigantycznymi kwiatowymi dekoracjami, a wiele park\u00f3w i ogrod\u00f3w jest udost\u0119pnionych do zwiedzania dla turyst\u00f3w i mieszka\u0144c\u00f3w<\/strong>.<strong> Organizowane s\u0105 parady kwiatowe, podczas kt\u00f3rych mo\u017cna podziwia\u0107 specjalnie przygotowane kompozycje i wystawne kostiumy zdobione ro\u015blinami<\/strong>. Festiwal co roku przyci\u0105ga t\u0142umy, kt\u00f3re bawi\u0105 si\u0119 podczas wydarze\u0144 artystycznych, koncert\u00f3w, wystaw i prezentacji zar\u00f3wno lokalnej kultury lokalnej, jak i przyrody.<\/p>\n\n\n\n<h2 class=\"wp-block-heading\">Bo\u017ce Narodzenie i Nowy Rok<\/h2>\n\n\n\n<figure class=\"wp-block-image size-full\"><img loading=\"lazy\" decoding=\"async\" width=\"760\" height=\"433\" src=\"https:\/\/www.tui.pl\/blog\/wp-content\/uploads\/2023\/08\/760x433_Madera_4.jpg\" alt=\"Madera\" class=\"wp-image-6504\" title=\"\" srcset=\"https:\/\/www.tui.pl\/blog\/wp-content\/uploads\/2023\/08\/760x433_Madera_4.jpg 760w, https:\/\/www.tui.pl\/blog\/wp-content\/uploads\/2023\/08\/760x433_Madera_4-600x342.jpg 600w, https:\/\/www.tui.pl\/blog\/wp-content\/uploads\/2023\/08\/760x433_Madera_4-585x333.jpg 585w\" sizes=\"auto, (max-width: 760px) 100vw, 760px\" \/><\/figure>\n\n\n\n<div style=\"height:30px\" aria-hidden=\"true\" class=\"wp-block-spacer\"><\/div>\n\n\n\n<p><strong>Wraz z ko\u0144c\u00f3wk\u0105 roku Madera zmienia si\u0119 w miejsce pe\u0142ne \u015bwiate\u0142 \u2013 na ulicach, placach i budynkach dominuj\u0105 w\u00f3wczas pi\u0119kne wizualne dekoracje.<\/strong> Mieszka\u0144cy ozdabiaj\u0105 swoje domy girlandami i lampkami, tworz\u0105c niepowtarzalny klimat, zwiastuj\u0105cy nadchodz\u0105ce wydarzenia. Odbywaj\u0105 si\u0119 tak\u017ce imprezy, w kt\u00f3rych warto cho\u0107 raz uczestniczy\u0107 \u2013 <strong>w okresie przed\u015bwi\u0105tecznym mo\u017cna wybra\u0107 si\u0119 na koncerty, lokalne festiwale i jarmarki bo\u017conarodzeniowe<\/strong>. Natomiast <strong>Nowy Rok na Maderze jest jednym z najbardziej widowiskowych w Europie, a to g\u0142\u00f3wnie z uwagi na spektakularny pokaz sztucznych ogni, zwany \u201eFogo de artif\u00edcio do final do ano\u201d czyli Ogie\u0144 Nowego Roku.<\/strong><\/p>\n","protected":false},"excerpt":{"rendered":"<p>Oceaniczna wyspa jest cz\u0119stym wyborem w\u015br\u00f3d turyst\u00f3w ze wzgl\u0119du na sw\u00f3j \u0142agodny klimat i umiarkowane temperatury utrzymuj\u0105ce si\u0119 przez wi\u0119kszo\u015b\u0107 roku. W tej cz\u0119\u015bci Portugalii mo\u017cna wypoczywa\u0107 na pi\u0119knych pla\u017cach,&hellip;<\/p>\n","protected":false},"author":42,"featured_media":6501,"comment_status":"open","ping_status":"closed","sticky":false,"template":"","format":"standard","meta":{"_lmt_disableupdate":"","_lmt_disable":"","footnotes":""},"categories":[182,9,21,30],"tags":[],"class_list":["post-6499","post","type-post","status-publish","format-standard","has-post-thumbnail","hentry","category-podroze","category-europa","category-madera","category-portugalia"],"home_img_url":"https:\/\/www.tui.pl\/blog\/wp-content\/uploads\/2023\/08\/760x433_Madera_glowne-585x390.jpg","home_img_alt":"Madera","_links":{"self":[{"href":"https:\/\/www.tui.pl\/blog\/wp-json\/wp\/v2\/posts\/6499","targetHints":{"allow":["GET"]}}],"collection":[{"href":"https:\/\/www.tui.pl\/blog\/wp-json\/wp\/v2\/posts"}],"about":[{"href":"https:\/\/www.tui.pl\/blog\/wp-json\/wp\/v2\/types\/post"}],"author":[{"embeddable":true,"href":"https:\/\/www.tui.pl\/blog\/wp-json\/wp\/v2\/users\/42"}],"replies":[{"embeddable":true,"href":"https:\/\/www.tui.pl\/blog\/wp-json\/wp\/v2\/comments?post=6499"}],"version-history":[{"count":3,"href":"https:\/\/www.tui.pl\/blog\/wp-json\/wp\/v2\/posts\/6499\/revisions"}],"predecessor-version":[{"id":6678,"href":"https:\/\/www.tui.pl\/blog\/wp-json\/wp\/v2\/posts\/6499\/revisions\/6678"}],"wp:featuredmedia":[{"embeddable":true,"href":"https:\/\/www.tui.pl\/blog\/wp-json\/wp\/v2\/media\/6501"}],"wp:attachment":[{"href":"https:\/\/www.tui.pl\/blog\/wp-json\/wp\/v2\/media?parent=6499"}],"wp:term":[{"taxonomy":"category","embeddable":true,"href":"https:\/\/www.tui.pl\/blog\/wp-json\/wp\/v2\/categories?post=6499"},{"taxonomy":"post_tag","embeddable":true,"href":"https:\/\/www.tui.pl\/blog\/wp-json\/wp\/v2\/tags?post=6499"}],"curies":[{"name":"wp","href":"https:\/\/api.w.org\/{rel}","templated":true}]}}