{"id":6047,"date":"2023-02-08T16:48:03","date_gmt":"2023-02-08T15:48:03","guid":{"rendered":"https:\/\/www.tui.pl\/blog\/?p=6047"},"modified":"2023-09-07T11:29:48","modified_gmt":"2023-09-07T09:29:48","slug":"co-zabrac-ze-soba-na-kube","status":"publish","type":"post","link":"https:\/\/www.tui.pl\/blog\/co-zabrac-ze-soba-na-kube\/","title":{"rendered":"Co zabra\u0107 ze sob\u0105 na Kub\u0119?"},"content":{"rendered":"<p style=\"text-align: justify;\">Trudno si\u0119 nie zgodzi\u0107 \u2013 europejskie pla\u017ce s\u0105 niezast\u0105pione i za ka\u017cdym razem zachwycaj\u0105 tak samo, jednak od czasu do czasu cz\u0142owiek ma ochot\u0119 na odrobin\u0119 egzotyki. Planujesz wakacje na s\u0142onecznej Kubie? \u015awietny wyb\u00f3r! Trzeba jednak mie\u0107 na uwadze, \u017ce to wyspiarskie pa\u0144stwo zdecydowanie r\u00f3\u017cni si\u0119 pod wzgl\u0119dem kultury, zwyczaj\u00f3w, a tak\u017ce klimatu czy poziomu opieki medycznej od tego, co znamy jako mieszka\u0144cy Europy. Koniecznie dowiedz si\u0119, co zabra\u0107 ze sob\u0105 do tego tropikalnego kraju, aby urlop by\u0142 nie tylko niezapomniany, ale przede wszystkim bezpieczny!<\/p>\n<p><img decoding=\"async\" src=\"https:\/\/www.tui.pl\/blog\/wp-content\/uploads\/2023\/02\/Kuba_2.jpg\" alt=\"\" title=\"\"><\/p>\n<p style=\" text-align:=\" \"=\"\" justify;\"=\"\"><strong>Dokumenty<\/strong><\/p>\n<p style=\"text-align: justify;\">Poza oczywistym dokumentem, jakim jest paszport wa\u017cny min. 3 miesi\u0105ce od daty wylotu z Kuby, aby zosta\u0107 wpuszczonym na wysp\u0119 musisz posiada\u0107 wiz\u0119 lub tzw. Kart\u0119 Turysty, kt\u00f3ra upowa\u017cni Ci\u0119 do jednorazowego wjazdu do kraju. Koniecznie pami\u0119taj r\u00f3wnie\u017c o obowi\u0105zkowym ubezpieczeniu obejmuj\u0105cym COVID-19 oraz deklaracji zdrowotnej, kt\u00f3r\u0105 uzyskasz rejestruj\u0105c si\u0119 na stronie&nbsp; <a href=\"https:\/\/www.dviajeros.mitrans.gob.cu\/inicio\" target=\"_blank\" rel=\"noopener\">https:\/\/www.dviajeros.mitrans.gob.cu\/inicio<\/a> \u2013 instrukcj\u0119 znajdziesz <a href=\"https:\/\/www.tui.pl\/warunki-podrozy#Kuba\">tutaj<\/a>.<\/p>\n<p style=\"text-align: justify;\"><strong>Leki<\/strong><\/p>\n<p style=\"text-align: justify;\">Pami\u0119taj, \u017ce Kuba to kraj tropikalny, gdzie panuj\u0105 choroby paso\u017cytnicze przenoszone g\u0142\u00f3wnie przez komary. Brzmi niepokoj\u0105co, ale niech my\u015bl o przywleczeniu do Polski tajemniczej infekcji nie zepsuje Ci urlopu! Warto mie\u0107 \u015bwiadomo\u015b\u0107, \u017ce poziom warunk\u00f3w sanitarnych i opieki medycznej na wyspie nie jest zadowalaj\u0105cy oraz przygotowa\u0107 si\u0119 pod k\u0105tem profilaktyki zdrowotnej. Samo pa\u0144stwo nie wymaga \u017cadnych obowi\u0105zkowych szczepie\u0144, jednak zalecane s\u0105 szczepienia przeciwko WZW A i B, b\u0142onicy, t\u0119\u017ccowi, polio, durowi brzusznemu \u2013 lepiej zapobiega\u0107 i spa\u0107 spokojnie!<\/p>\n<p><img decoding=\"async\" src=\"https:\/\/www.tui.pl\/blog\/wp-content\/uploads\/2023\/02\/Kuba_3.jpg\" alt=\"\" title=\"\"><br \/>\nDo walizki koniecznie spakuj apteczk\u0119 turystyczn\u0105. Poza podstawowymi lekami, takimi jak \u015brodki przeciwb\u00f3lowe i rozkurczowe, w\u0142\u00f3\u017c do niej w\u0119giel aktywowany i co\u015b na biegunk\u0119 czy nudno\u015bci \u2013 podczas wakacji, szczeg\u00f3lnie w kraju tropikalnym, zdecydowanie chcemy unikn\u0105\u0107 problem\u00f3w \u017co\u0142\u0105dkowych! Przydadz\u0105 si\u0119 r\u00f3wnie\u017c plastry z opatrunkiem, banda\u017ce czy&nbsp; aspiryna \u2013 warto pami\u0119ta\u0107, \u017ce dost\u0119pno\u015b\u0107 podstawowych lek\u00f3w na Kubie mo\u017ce by\u0107 utrudniona.<\/p>\n<p style=\"text-align: justify;\"><strong>Ubrania<\/strong><\/p>\n<p style=\"text-align: justify;\">Pogod\u0119 na Kubie mo\u017cna okre\u015bli\u0107 w prosty spos\u00f3b. Gor\u0105co! Trzeba jednak pami\u0119ta\u0107, \u017ce na wyspie od po\u0142owy maja do po\u0142owy listopada trwa pora deszczowa, dlatego przygotuj si\u0119 zar\u00f3wno na upa\u0142y, jak i obfite opady. Na pewno przydadz\u0105 si\u0119 letnie ubrania, najlepiej wykonane z naturalnych materia\u0142\u00f3w, co pozwoli Ci poczu\u0107 si\u0119 bardziej komfortowo w ponad 30-stopniowym, wilgotnym upale. Przewiewne szorty, lu\u017ane T-shirty czy swobodne sukienki powinny zaj\u0105\u0107 spor\u0105 cz\u0119\u015b\u0107 Twojej walizki. Koniecznie spakuj r\u00f3wnie\u017c odzie\u017c przeciwdeszczow\u0105. Je\u015bli planujesz urlop podczas pory suchej, mo\u017ce przyda\u0107 si\u0119 r\u00f3wnie\u017c cieplejsza bluza i para d\u0142ugich spodni \u2013 wieczory mog\u0105 zaskoczy\u0107 Ci\u0119 ni\u017csz\u0105 temperatur\u0105.<\/p>\n<p style=\"text-align: justify;\">Odwiedzaj\u0105c Kub\u0119 niestety trzeba przygotowa\u0107 si\u0119 na brukowane drogi, niekoniecznie zachwycaj\u0105ce swoim stanem, dlatego najlepiej sprawdz\u0105 si\u0119 wygodne, sportowe buty. Planujesz bardziej szykowne wyj\u015bcia? Odradzamy szpilki! \ud83d\ude09 Eleganckie obuwie na p\u0142askiej, stabilnej podeszwie b\u0119dzie bardziej odpowiednie \u2013 Twoje stopy ci podzi\u0119kuj\u0105!<\/p>\n<p style=\"text-align: justify;\"><strong>Kosmetyczka<\/strong><\/p>\n<p style=\"text-align: justify;\">Poza podstawowymi kosmetykami, koniecznie \u2013 koniecznie! \u2013 pami\u0119taj o kremie oraz pomadce do ust z wysokim filtrem przeciws\u0142onecznym \u2013 co najmniej SPF 50. Ze wzgl\u0119du na wysok\u0105 temperatur\u0119 i wyj\u0105tkowo s\u0142oneczn\u0105 pogod\u0119 nietrudno o poparzenie, a to zdecydowanie nie umili Ci pobytu. Przyda si\u0119 r\u00f3wnie\u017c balsam \u0142agodz\u0105cy po opalaniu oraz \u015brodek na uk\u0105szenia owad\u00f3w.<\/p>\n<p style=\"text-align: justify;\"><a href=\"https:\/\/www.tui.pl\/wypoczynek\/kuba\">Nie taka Kuba straszna, jak j\u0105 maluj\u0105 \u2013 a na pewno pi\u0119kna i zapadaj\u0105ca w pami\u0119\u0107. Pami\u0119taj o odpowiednim przygotowaniu swojego baga\u017cu, a sp\u0119dzisz niezapomniane wakacje!<\/a><\/p>\n","protected":false},"excerpt":{"rendered":"<p>Trudno si\u0119 nie zgodzi\u0107 \u2013 europejskie pla\u017ce s\u0105 niezast\u0105pione i za ka\u017cdym razem zachwycaj\u0105 tak samo, jednak od czasu do czasu cz\u0142owiek ma ochot\u0119 na odrobin\u0119 egzotyki. Planujesz wakacje na&hellip;<\/p>\n","protected":false},"author":39,"featured_media":6115,"comment_status":"open","ping_status":"closed","sticky":false,"template":"","format":"standard","meta":{"_lmt_disableupdate":"","_lmt_disable":"","footnotes":""},"categories":[182,5,20],"tags":[],"class_list":["post-6047","post","type-post","status-publish","format-standard","has-post-thumbnail","hentry","category-podroze","category-ameryka-polnocna","category-kuba"],"home_img_url":"https:\/\/www.tui.pl\/blog\/wp-content\/uploads\/2023\/02\/Kuba_1-585x390.jpg","home_img_alt":"","_links":{"self":[{"href":"https:\/\/www.tui.pl\/blog\/wp-json\/wp\/v2\/posts\/6047","targetHints":{"allow":["GET"]}}],"collection":[{"href":"https:\/\/www.tui.pl\/blog\/wp-json\/wp\/v2\/posts"}],"about":[{"href":"https:\/\/www.tui.pl\/blog\/wp-json\/wp\/v2\/types\/post"}],"author":[{"embeddable":true,"href":"https:\/\/www.tui.pl\/blog\/wp-json\/wp\/v2\/users\/39"}],"replies":[{"embeddable":true,"href":"https:\/\/www.tui.pl\/blog\/wp-json\/wp\/v2\/comments?post=6047"}],"version-history":[{"count":4,"href":"https:\/\/www.tui.pl\/blog\/wp-json\/wp\/v2\/posts\/6047\/revisions"}],"predecessor-version":[{"id":6119,"href":"https:\/\/www.tui.pl\/blog\/wp-json\/wp\/v2\/posts\/6047\/revisions\/6119"}],"wp:featuredmedia":[{"embeddable":true,"href":"https:\/\/www.tui.pl\/blog\/wp-json\/wp\/v2\/media\/6115"}],"wp:attachment":[{"href":"https:\/\/www.tui.pl\/blog\/wp-json\/wp\/v2\/media?parent=6047"}],"wp:term":[{"taxonomy":"category","embeddable":true,"href":"https:\/\/www.tui.pl\/blog\/wp-json\/wp\/v2\/categories?post=6047"},{"taxonomy":"post_tag","embeddable":true,"href":"https:\/\/www.tui.pl\/blog\/wp-json\/wp\/v2\/tags?post=6047"}],"curies":[{"name":"wp","href":"https:\/\/api.w.org\/{rel}","templated":true}]}}