{"id":6031,"date":"2023-01-25T12:54:52","date_gmt":"2023-01-25T11:54:52","guid":{"rendered":"https:\/\/www.tui.pl\/blog\/?p=6031"},"modified":"2023-09-07T11:51:25","modified_gmt":"2023-09-07T09:51:25","slug":"cullinan-belek-poznaj-jeden-z-topowych-hoteli-w-turcji","status":"publish","type":"post","link":"https:\/\/www.tui.pl\/blog\/cullinan-belek-poznaj-jeden-z-topowych-hoteli-w-turcji\/","title":{"rendered":"Cullinan Belek \u2013 jeden z topowych hoteli w Turcji"},"content":{"rendered":"<p style=\"text-align: justify;\">Cullinan Belek to 5-gwiazdkowy hotel zlokalizowany na Riwierze Tureckiej, ok. 3 km od centrum Kadriye i ok. 6 km od Belek \u2013 turystycznej miejscowo\u015bci s\u0142yn\u0105cej z luksusowych obiekt\u00f3w \u015bwiadcz\u0105cych us\u0142ugi na najwy\u017cszym poziomie. Pobyt w tym miejscu zapewnia go\u015bciom maksymalny komfort, niezwyk\u0142e do\u015bwiadczenia kulinarne, doskona\u0142\u0105 rozrywk\u0119, relaks w eleganckich pokojach i niezapomniany wypoczynek na pi\u0119knej, piaszczystej, prywatnej pla\u017cy po\u0142o\u017conej nad Morzem \u015ar\u00f3dziemnym.<\/p>\n<p style=\"text-align: justify;\"><strong>Udogodnienia i infrastruktura<\/strong><\/p>\n<p style=\"text-align: justify;\">Cullinan Belek oferuje odwiedzaj\u0105cym wszystko, o czym mo\u017cna zamarzy\u0107 podczas pobytu na wakacjach. Oferta hotelowa skierowana jest zar\u00f3wno do doros\u0142ych, jak i do dzieci. Na najm\u0142odszych czekaj\u0105 atrakcje w postaci osobnych basen\u00f3w, placu zabaw, miniklubu dla dzieci w przedziale wiekowym 6-12 lat czy klubu dla nastolatk\u00f3w w przedziale wiekowym 13-16 lat. Hotel dysponuje r\u00f3wnie\u017c wszelkimi rozwi\u0105zaniami potrzebnymi rodzicom podr\u00f3\u017cuj\u0105cym z maluchami \u2013 na miejscu mo\u017cna skorzysta\u0107 z profesjonalnej opieki do dziecka, elektronicznej niani, w\u00f3zka czy kojca.<\/p>\n<p style=\"text-align: justify;\"><img decoding=\"async\" src=\"https:\/\/www.tui.pl\/blog\/wp-content\/uploads\/2023\/01\/hotel-2.jpg\" alt=\"\" title=\"\"><\/p>\n<p style=\"text-align: justify;\">Doro\u015bli tak\u017ce nie b\u0119d\u0105 narzeka\u0107 na nud\u0119 \u2013 na nich r\u00f3wnie\u017c czeka urozmaicony program animacyjny, kompleks basen\u00f3w czy licz\u0105ca sobie ponad 8000 m\u00b2 strefa spa oferuj\u0105ca mn\u00f3stwo profesjonalnych i koj\u0105cych zabieg\u00f3w. Hotel zachwyca ofert\u0105 kulinarn\u0105, na kt\u00f3r\u0105 sk\u0142ada si\u0119 a\u017c 12 restauracji i 11 bar\u00f3w! Wi\u0119kszo\u015b\u0107 pokoi dost\u0119pnych w ofercie posiada bezpo\u015bredni dost\u0119p do basenu i widok na morze, basen lub ogr\u00f3d.<\/p>\n<p style=\"text-align: justify;\"><img decoding=\"async\" src=\"https:\/\/www.tui.pl\/blog\/wp-content\/uploads\/2023\/01\/hotel-3.jpg\" alt=\"\" title=\"\"><\/p>\n<p style=\"text-align: =;\"><strong>Komu i w jakim terminie polecany jest pobyt w hotelu? <\/strong><\/p>\n<p style=\"text-align: justify;\">Hotel jest otwarty dla go\u015bci przez ca\u0142y rok. W sezonie letnim mo\u017cna cieszy\u0107 si\u0119 dost\u0119pno\u015bci\u0105 wszystkich us\u0142ug i hotelowych udogodnie\u0144, w sezonie zimowym za\u015b nieco ni\u017cszymi temperaturami i mo\u017cliwo\u015bci\u0105 korzystania z wybranych podgrzewanych basen\u00f3w czy restauracji. Cullinan Belek polecany jest przede wszystkim rodzinom z dzie\u0107mi, ale ze wzgl\u0119du na ogromny teren, na kt\u00f3rym po\u0142o\u017cony jest hotel i mnogo\u015b\u0107 atrakcji, pary czy grupy znajomych r\u00f3wnie\u017c sp\u0119dz\u0105 tu udany czas.<\/p>\n<p style=\"text-align: justify;\"><strong>Cullinan Belek w ofercie TUI<\/strong><\/p>\n<p style=\"text-align: justify;\"><a href=\"https:\/\/www.tui.pl\/wypoczynek\/turcja\/riwiera-turecka\/cullinan-hotels-belek-ayt31210\">Razem z TUI do Cullinan Belek<\/a> mo\u017cna polecie\u0107 ze wszystkich najwi\u0119kszych lotnisk w Polsce dost\u0119pnych w naszej ofercie (lot trwa nieca\u0142e 3 godziny).<\/p>\n","protected":false},"excerpt":{"rendered":"<p>Cullinan Belek to 5-gwiazdkowy hotel zlokalizowany na Riwierze Tureckiej, ok. 3 km od centrum Kadriye i ok. 6 km od Belek \u2013 turystycznej miejscowo\u015bci s\u0142yn\u0105cej z luksusowych obiekt\u00f3w \u015bwiadcz\u0105cych us\u0142ugi&hellip;<\/p>\n","protected":false},"author":31,"featured_media":6037,"comment_status":"open","ping_status":"closed","sticky":false,"template":"","format":"standard","meta":{"_lmt_disableupdate":"","_lmt_disable":"","footnotes":""},"categories":[182,9,329,577],"tags":[],"class_list":["post-6031","post","type-post","status-publish","format-standard","has-post-thumbnail","hentry","category-podroze","category-europa","category-poznaj-hotele","category-turcja"],"home_img_url":"https:\/\/www.tui.pl\/blog\/wp-content\/uploads\/2023\/01\/760x433_blog-585x390.png","home_img_alt":"","_links":{"self":[{"href":"https:\/\/www.tui.pl\/blog\/wp-json\/wp\/v2\/posts\/6031","targetHints":{"allow":["GET"]}}],"collection":[{"href":"https:\/\/www.tui.pl\/blog\/wp-json\/wp\/v2\/posts"}],"about":[{"href":"https:\/\/www.tui.pl\/blog\/wp-json\/wp\/v2\/types\/post"}],"author":[{"embeddable":true,"href":"https:\/\/www.tui.pl\/blog\/wp-json\/wp\/v2\/users\/31"}],"replies":[{"embeddable":true,"href":"https:\/\/www.tui.pl\/blog\/wp-json\/wp\/v2\/comments?post=6031"}],"version-history":[{"count":5,"href":"https:\/\/www.tui.pl\/blog\/wp-json\/wp\/v2\/posts\/6031\/revisions"}],"predecessor-version":[{"id":6199,"href":"https:\/\/www.tui.pl\/blog\/wp-json\/wp\/v2\/posts\/6031\/revisions\/6199"}],"wp:featuredmedia":[{"embeddable":true,"href":"https:\/\/www.tui.pl\/blog\/wp-json\/wp\/v2\/media\/6037"}],"wp:attachment":[{"href":"https:\/\/www.tui.pl\/blog\/wp-json\/wp\/v2\/media?parent=6031"}],"wp:term":[{"taxonomy":"category","embeddable":true,"href":"https:\/\/www.tui.pl\/blog\/wp-json\/wp\/v2\/categories?post=6031"},{"taxonomy":"post_tag","embeddable":true,"href":"https:\/\/www.tui.pl\/blog\/wp-json\/wp\/v2\/tags?post=6031"}],"curies":[{"name":"wp","href":"https:\/\/api.w.org\/{rel}","templated":true}]}}