{"id":5597,"date":"2022-06-30T13:31:45","date_gmt":"2022-06-30T11:31:45","guid":{"rendered":"https:\/\/tui-blog.azurewebsites.net\/?p=5597"},"modified":"2023-08-29T16:17:12","modified_gmt":"2023-08-29T14:17:12","slug":"narty-i-dojazd-wlasny-oferta-na-sezon-zimowy-22-23","status":"publish","type":"post","link":"https:\/\/www.tui.pl\/blog\/narty-i-dojazd-wlasny-oferta-na-sezon-zimowy-22-23\/","title":{"rendered":"Narty i dojazd w\u0142asny \u2013 oferta na sezon zimowy 22\/23"},"content":{"rendered":"<p style=\"text-align: justify;\">Z przyjemno\u015bci\u0105 informujemy o starcie sprzeda\u017cy ofert z <a href=\"https:\/\/www.tui.pl\/wypoczynek\/wyniki-wyszukiwania-nocleg?pm_source=MENU&amp;pm_name=Wakacje_samochodem_FM&amp;q=%3Aprice%3AbyPlane%3AF%3AdF%3A6%3AdT%3A8%3AstartDate%3A01.11.2022%3AendDate%3A31.03.2023%3ActAdult%3A2%3ActChild%3A0%3Aroom%3A2%3AminHotelCategory%3AdefaultHotelCategory%3AtripAdvisorRating%3AdefaultTripAdvisorRating%3Abeach_distance%3AdefaultBeachDistance%3AtripType%3ADW&amp;fullPrice=false\">dojazdem w\u0142asnym<\/a> i na <a href=\"https:\/\/www.tui.pl\/narty\">narty<\/a>&nbsp;na sezon zimowy 22\/23. Ju\u017c dzi\u015b warto zaplanowa\u0107 zimowe szale\u0144stwo na najlepszych europejskich stokach lub urlop wypoczynkowy w ulubionym mie\u015bcie w Polsce, Czechach czy na S\u0142owacji.<\/p>\n<p style=\"text-align: justify;\">Oferta TUI na sezon zimowy 22\/23 to sprawdzone i ch\u0119tnie wybierane przez klient&oacute;w hotele w&nbsp;atrakcyjnych cenach. Przy rezerwacji oferty Zima 22\/23 z pakietem korzy\u015bci &ndash; narty, dojazd w\u0142asny i&nbsp;city break zaliczka wynosi zaledwie 5%, reszt\u0119 warto\u015bci wycieczki nale\u017cy dop\u0142aci\u0107 dopiero na 16 dni przed wyjazdem. Do 16 dni (w\u0142\u0105cznie) przed wyjazdem mo\u017cna r&oacute;wnie\u017c bezp\u0142atnie anulowa\u0107 rezerwacj\u0119 z dojazdem w\u0142asnym bez ponoszenia koszt&oacute;w anulacji oraz ze zwrotem op\u0142aconej wcze\u015bniej zaliczki.<\/p>\n<p style=\"text-align: justify;\">Lista aktualnie dost\u0119pnych do sprzeda\u017cy kierunk&oacute;w obejmuje: <strong>Polsk\u0119, Czechy, S\u0142owacj\u0119, Bu\u0142gari\u0119, W\u0142ochy, Austri\u0119, Szwajcari\u0119<\/strong> oraz <strong>Francj\u0119<\/strong>. Nowo\u015bci\u0105 na ten sezon s\u0105 <strong>Alpy Francuskie. <\/strong>Ten malowniczy kierunek, b\u0119d\u0105cy cz\u0119\u015bci\u0105 regionu Owernia-Rodan-Alpy, znajduje si\u0119 w po\u0142udniowo-wschodniej cz\u0119\u015bci Francji i jest gwarantem niezapomnianych widok&oacute;w i udanego, aktywnego wypoczynku.<\/p>\n<p style=\"text-align: justify;\">Zach\u0119camy do zakup&oacute;w na naszej stronie internetowej, w wybranym punkcie sprzeda\u017cy (<a href=\"http:\/\/www.tui.pl\/kontakt\/biura-tui\">www.tui.pl\/kontakt\/biura-tui<\/a>) lub za pomoc\u0105 kontaktu z Telefonicznym Centrum Rezerwacji pod numerem telefonu <strong>22 270 31 20<\/strong>. &nbsp;<\/p>\n","protected":false},"excerpt":{"rendered":"<p>Z przyjemno\u015bci\u0105 informujemy o starcie sprzeda\u017cy ofert z dojazdem w\u0142asnym i na narty&nbsp;na sezon zimowy 22\/23. Ju\u017c dzi\u015b warto zaplanowa\u0107 zimowe szale\u0144stwo na najlepszych europejskich stokach lub urlop wypoczynkowy w&hellip;<\/p>\n","protected":false},"author":31,"featured_media":5598,"comment_status":"open","ping_status":"closed","sticky":false,"template":"","format":"standard","meta":{"_lmt_disableupdate":"","_lmt_disable":"","footnotes":""},"categories":[182],"tags":[],"class_list":["post-5597","post","type-post","status-publish","format-standard","has-post-thumbnail","hentry","category-podroze"],"home_img_url":"https:\/\/www.tui.pl\/blog\/wp-content\/uploads\/2022\/06\/shutterstock_1032508768-585x346.jpg","home_img_alt":"","_links":{"self":[{"href":"https:\/\/www.tui.pl\/blog\/wp-json\/wp\/v2\/posts\/5597","targetHints":{"allow":["GET"]}}],"collection":[{"href":"https:\/\/www.tui.pl\/blog\/wp-json\/wp\/v2\/posts"}],"about":[{"href":"https:\/\/www.tui.pl\/blog\/wp-json\/wp\/v2\/types\/post"}],"author":[{"embeddable":true,"href":"https:\/\/www.tui.pl\/blog\/wp-json\/wp\/v2\/users\/31"}],"replies":[{"embeddable":true,"href":"https:\/\/www.tui.pl\/blog\/wp-json\/wp\/v2\/comments?post=5597"}],"version-history":[{"count":1,"href":"https:\/\/www.tui.pl\/blog\/wp-json\/wp\/v2\/posts\/5597\/revisions"}],"predecessor-version":[{"id":5599,"href":"https:\/\/www.tui.pl\/blog\/wp-json\/wp\/v2\/posts\/5597\/revisions\/5599"}],"wp:featuredmedia":[{"embeddable":true,"href":"https:\/\/www.tui.pl\/blog\/wp-json\/wp\/v2\/media\/5598"}],"wp:attachment":[{"href":"https:\/\/www.tui.pl\/blog\/wp-json\/wp\/v2\/media?parent=5597"}],"wp:term":[{"taxonomy":"category","embeddable":true,"href":"https:\/\/www.tui.pl\/blog\/wp-json\/wp\/v2\/categories?post=5597"},{"taxonomy":"post_tag","embeddable":true,"href":"https:\/\/www.tui.pl\/blog\/wp-json\/wp\/v2\/tags?post=5597"}],"curies":[{"name":"wp","href":"https:\/\/api.w.org\/{rel}","templated":true}]}}