{"id":5528,"date":"2022-04-29T09:48:04","date_gmt":"2022-04-29T07:48:04","guid":{"rendered":"https:\/\/tui-blog.azurewebsites.net\/?p=5528"},"modified":"2024-06-19T11:22:35","modified_gmt":"2024-06-19T09:22:35","slug":"madera-zwiedzaj-po-polsku","status":"publish","type":"post","link":"https:\/\/www.tui.pl\/blog\/madera-zwiedzaj-po-polsku\/","title":{"rendered":"Madera \u2013 zwiedzaj po polsku!"},"content":{"rendered":"<p style=\"text-align: justify;\">Zwiedzanie podczas wakacji jest najciekawsz\u0105 cz\u0119\u015bci\u0105 podr\u00f3\u017cy. Do tego nikogo nie trzeba przekonywa\u0107, a zwiedzanie w j\u0119zyku polskim sprawi, \u017ce nie ominie Ci\u0119 \u017caden szczeg\u00f3\u0142 i \u017cadna ciekawostka zwi\u0105zana z miejscem wypoczynku.<\/p>\n<p style=\"text-align: justify;\"><a href=\"https:\/\/www.tui.pl\/wypoczynek\/portugalia\/madera\"><strong>Madera<\/strong><\/a>\u00a0jest kierunkiem idealnym na zwiedzanie. Teraz b\u0119dziesz m\u00f3g\u0142\/mog\u0142a pozna\u0107 fascynuj\u0105ce miejsca dzi\u0119ki interesuj\u0105cym programom wycieczek fakultatywnych, kt\u00f3re prowadzone s\u0105 w j\u0119zyku polskim. Poni\u017cej kr\u00f3tka charakterystyka kilku z nich:<\/p>\n<h4 style=\"text-align: left;\"><strong>Wycieczka po spektakularnym zachodnim wybrze\u017cu Madery<\/strong><\/h4>\n<p style=\"text-align: justify;\">Bohaterami tej ca\u0142odniowej wycieczki s\u0105 zachwycaj\u0105ce krajobrazy zachodniej Madery i jej wybrze\u017ca. Podczas zwiedzania b\u0119dziesz mia\u0142\/a okazje by\u0107 w najwa\u017cniejszych punktach widokowych wyspy, takich jak Cabo Gir\u00e3o, Porto Moniz, Pa\u00fal da Serra i prze\u0142\u0119cz Encumeada.<\/p>\n<p style=\"text-align: justify;\">Pierwszym przystankiem b\u0119dzie jeden z najwy\u017cszych nadmorskich klif\u00f3w na \u015bwiecie \u2013 Cabo Gir\u00e3o, gdzie na odwa\u017cnych czeka spacer po szklanej platformie. Kolejny punkt programu to wizyta w Ribeira Brava i dalej spacer przez plantacj\u0119 banan\u00f3w w Madalena do Mar.<\/p>\n<p style=\"text-align: justify;\">Po wje\u017adzie na p\u0142askowy\u017c Pa\u00fal da Serra (1500 m n.p.m.) udasz si\u0119 w d\u00f3\u0142 do Porto Moniz, s\u0142yn\u0105cego z naturalnych basen\u00f3w w wulkanicznych ska\u0142ach. Tutaj podczas przerwy \u00a0posmakujesz lokalnej kuchni, zjesz pyszny obiad. Zwie\u0144czeniem dnia b\u0119dzie pokaz przygotowywania ponchy (lokalnego trunku) wraz z degustacj\u0105 w C\u00e2mara de Lobos \u2013 miejscowo\u015bci rozs\u0142awionej przez Winstona Churchilla. To b\u0119dzie na pewno dzie\u0144 pe\u0142en niesamowitych wra\u017ce\u0144.<\/p>\n<h4 style=\"text-align: left;\"><strong>Wycieczka po czaruj\u0105cym wschodzie Madery<\/strong><\/h4>\n<p style=\"text-align: justify;\">Podczas ca\u0142odniowej wycieczki poznasz wschodni\u0105 cz\u0119\u015b\u0107 Madery. Zaczniesz od szczytu Pico do Areeiro po\u0142o\u017conego wysoko w chmurach (1818 m n.p.m.), z kt\u00f3rego rozci\u0105ga si\u0119 wspania\u0142y widok. W planie jest wizyta w miasteczku Santana, w kt\u00f3rym znajduj\u0105 si\u0119 s\u0142ynne \u00a0domki pokryte strzech\u0105 i gdzie podczas przerwy zjesz lokalny obiad. Kontynuuj\u0105c swoj\u0105 przygod\u0119, odwiedzisz tradycyjn\u0105 cukrowni\u0119 w Porto da Cruz, gdzie przetwarza si\u0119 trzcin\u0119 cukrow\u0105. Przemys\u0142 ten od dawna stanowi najwa\u017cniejszy element maderskiej gospodarki. Zwie\u0144czeniem b\u0119dzie Ponta de S\u00e3o Louren\u00e7o, jedno z ostatnich niemal nietkni\u0119tych miejsc Madery.<\/p>\n<h4 style=\"text-align: left;\"><strong>Szlakiem lewad\u0105 Raba\u00e7al<\/strong><\/h4>\n<p style=\"text-align: justify;\">Dolina Raba\u00e7al obejmuje teren, na kt\u00f3rym znajduj\u0105 si\u0119 prastary las laurowy, wodospady oraz \u017ar\u00f3d\u0142a naturalne \u2013 jest to obszar chroniony przez UNESCO. Popularny szlak wzd\u0142u\u017c lewady ma d\u0142ugo\u015b\u0107 ok. 11 kilometr\u00f3w i prowadzi przez najatrakcyjniejsze miejsca widokowe Madery, od Paul da Serra, a\u017c do wodospadu Risco. Spacer rozpoczniesz, schodz\u0105c z p\u0142askowy\u017cu Paul da Serra, w bujn\u0105, zielon\u0105 dolin\u0119. Przewodnik b\u0119dzie Ci towarzyszy\u0107 na ka\u017cdym kroku, pokazuj\u0105c najciekawsze przyk\u0142ady maderskiej fauny i flory. Po dotarciu do pensjonatu Raba\u00e7al wyruszysz w stron\u0119 wodospadu Risco. Nast\u0119pnie kontynuowa\u0107 b\u0119dziesz swoj\u0105 w\u0119dr\u00f3wk\u0119 szlakiem wzd\u0142u\u017c lewady przez urokliwe tereny le\u015bne, a\u017c do ma\u0142ego jeziora, gdzie ze wzg\u00f3rz sp\u0142ywa woda z 25 \u017ar\u00f3de\u0142. B\u0119dzie to dla Ciebie wyj\u0105tkowy czas w\u015br\u00f3d natury i pi\u0119knych widok\u00f3w.<\/p>\n<h4 style=\"text-align: left;\"><strong>Wycieczka po wschodnim wybrze\u017cu Madery samochodem z nap\u0119dem 4&#215;4<\/strong><\/h4>\n<p style=\"text-align: justify;\">Je\u015bli jeste\u015b mi\u0142o\u015bnikiem\/mi\u0142o\u015bniczk\u0105 czterech k\u00f3\u0142, to ta wycieczka jest dla Ciebie. Z nap\u0119dem 4&#215;4 przemierzysz poszarpane szczyty i nier\u00f3wne wybrze\u017ca Madery. W trakcie wyprawy urzekn\u0105 Ci\u0119 niesamowite widoki z Pico do Areeiro, przejedziesz tereny las\u00f3w laurowych a\u017c do Santany, s\u0142yn\u0105cej z dom\u00f3w krytych strzech\u0105. Zatrzymasz si\u0119 r\u00f3wnie\u017c na farmie pstr\u0105g\u00f3w w Ribeiro Frio. A po po\u0142udniu zobaczysz klify na Ponta de S\u00e3o Louren\u00e7o. Gwarantujemy niezapomniane wra\u017cenia z odrobin\u0105 adrenaliny.<\/p>\n<p style=\"text-align: justify;\">Wszystkie powy\u017csze propozycje wycieczek fakultatywnych odbywaj\u0105 si\u0119 z polskoj\u0119zycznym przewodnikiem. Rezerwacji mo\u017cesz dokona\u0107 ju\u017c teraz w atrakcyjnej cenie, a je\u015bli zmieni\u0105 si\u0119 Twoje plany wakacyjne, to masz pe\u0142ny zwrot koszt\u00f3w do jednego dnia przed planowan\u0105 wycieczk\u0105. Zach\u0119cam do odkrywania pi\u0119knych miejsc podczas wakacji, gwarantuj\u0119, \u017ce wspomnienia zostan\u0105 z Tob\u0105 na baaaardzo d\u0142ugo.<\/p>\n","protected":false},"excerpt":{"rendered":"<p>Zwiedzanie podczas wakacji jest najciekawsz\u0105 cz\u0119\u015bci\u0105 podr\u00f3\u017cy. Do tego nikogo nie trzeba przekonywa\u0107, a zwiedzanie w j\u0119zyku polskim sprawi, \u017ce nie ominie Ci\u0119 \u017caden szczeg\u00f3\u0142 i \u017cadna ciekawostka zwi\u0105zana z&hellip;<\/p>\n","protected":false},"author":32,"featured_media":5546,"comment_status":"open","ping_status":"closed","sticky":false,"template":"","format":"standard","meta":{"_lmt_disableupdate":"","_lmt_disable":"","footnotes":""},"categories":[182,9,21,30],"tags":[],"class_list":["post-5528","post","type-post","status-publish","format-standard","has-post-thumbnail","hentry","category-podroze","category-europa","category-madera","category-portugalia"],"home_img_url":"https:\/\/www.tui.pl\/blog\/wp-content\/uploads\/2022\/04\/760x489_tui_Madera-8-585x390.jpg","home_img_alt":"","_links":{"self":[{"href":"https:\/\/www.tui.pl\/blog\/wp-json\/wp\/v2\/posts\/5528","targetHints":{"allow":["GET"]}}],"collection":[{"href":"https:\/\/www.tui.pl\/blog\/wp-json\/wp\/v2\/posts"}],"about":[{"href":"https:\/\/www.tui.pl\/blog\/wp-json\/wp\/v2\/types\/post"}],"author":[{"embeddable":true,"href":"https:\/\/www.tui.pl\/blog\/wp-json\/wp\/v2\/users\/32"}],"replies":[{"embeddable":true,"href":"https:\/\/www.tui.pl\/blog\/wp-json\/wp\/v2\/comments?post=5528"}],"version-history":[{"count":7,"href":"https:\/\/www.tui.pl\/blog\/wp-json\/wp\/v2\/posts\/5528\/revisions"}],"predecessor-version":[{"id":8135,"href":"https:\/\/www.tui.pl\/blog\/wp-json\/wp\/v2\/posts\/5528\/revisions\/8135"}],"wp:featuredmedia":[{"embeddable":true,"href":"https:\/\/www.tui.pl\/blog\/wp-json\/wp\/v2\/media\/5546"}],"wp:attachment":[{"href":"https:\/\/www.tui.pl\/blog\/wp-json\/wp\/v2\/media?parent=5528"}],"wp:term":[{"taxonomy":"category","embeddable":true,"href":"https:\/\/www.tui.pl\/blog\/wp-json\/wp\/v2\/categories?post=5528"},{"taxonomy":"post_tag","embeddable":true,"href":"https:\/\/www.tui.pl\/blog\/wp-json\/wp\/v2\/tags?post=5528"}],"curies":[{"name":"wp","href":"https:\/\/api.w.org\/{rel}","templated":true}]}}