{"id":5124,"date":"2021-04-30T13:33:27","date_gmt":"2021-04-30T11:33:27","guid":{"rendered":"https:\/\/tui-blog.azurewebsites.net\/?p=5124"},"modified":"2023-08-29T16:18:44","modified_gmt":"2023-08-29T14:18:44","slug":"ekologicznie-i-na-okraglo","status":"publish","type":"post","link":"https:\/\/www.tui.pl\/blog\/ekologicznie-i-na-okraglo\/","title":{"rendered":"Ekologicznie i na okr\u0105g\u0142o"},"content":{"rendered":"<p style=\"text-align: justify;\">Dzie\u0144 Ziemi obchodzony jest 22 kwietnia. Zosta\u0142 ustanowiony po to, by promowa\u0107 postawy proekologiczne i jako symbol maj\u0105cy nawi\u0105zywa\u0107 do r\u00f3wnowagi jak\u0105 osi\u0105ga Ziemia w czasie r\u00f3wnonocy, wiosennej i jesiennej, kiedy to p\u00f3\u0142kule naszej pi\u0119knej planety zgrywaj\u0105 si\u0119 w d\u0142ugo\u015bci dnia i nocy. Ten symboliczny dzie\u0144 to rewelacyjna okazja do wzmo\u017conej refleksji nad stanem naszej planety, lecz pozosta\u0142e 364 lub 365 dni, to r\u00f3wnie \u015bwietna okazja do pokazania, \u017ce si\u0119 o ni\u0105 troszczymy, a w tej trosce podejmujemy wysi\u0142ek poprawy jej stanu. Tegoroczny Dzie\u0144 Ziemi ju\u017c za nami i po raz drugi obchodzili\u015bmy go w specyficznym momencie nieustaj\u0105cej walki z pandemi\u0105. Pandemi\u0105, kt\u00f3ra sprawi\u0142a, \u017ce wed\u0142ug wielu\u2026nasza planeta w\u0142a\u015bnie teraz odetchn\u0119\u0142a. Ma to oczywi\u015bcie zwi\u0105zek z mniejsz\u0105 liczb\u0105 podr\u00f3\u017cy, a co za tym idzie, mniejsz\u0105 eksploracj\u0105 \u015brodowiska. I gdy wszystko w tym zaskakuj\u0105cym czasie dzieje si\u0119 troch\u0119 inaczej, ni\u017c zwykle, podr\u00f3\u017cowa\u0107 te\u017c mo\u017cna inaczej. Mniej obci\u0105\u017caj\u0105co dla natury. Bardziej ekologicznie. By\u0107 mo\u017ce zdrowiej dla nas samych. Dla niekt\u00f3rych trudniej logistycznie, dla innych wr\u0119cz przeciwnie \u2013 \u0142atwiej, by nie powiedzie\u0107 banalniej. Dla jeszcze innych r\u00f3wnie ciekawie, a mo\u017ce wr\u0119cz ciekawiej. A\u017c chcia\u0142oby si\u0119 zmieni\u0107 nieco znane powiedzenie i rzec: Ziemia jest okr\u0105g\u0142a, a k\u00f3\u0142ka s\u0105 dwa.<\/p>\n<p><img loading=\"lazy\" decoding=\"async\" class=\"aligncenter size-full wp-image-5128\" src=\"https:\/\/tui-blog.azurewebsites.net\/wp-content\/uploads\/2021\/04\/shutterstock_1756478618.jpg\" alt=\"\" width=\"760\" height=\"433\" title=\"\" srcset=\"https:\/\/www.tui.pl\/blog\/wp-content\/uploads\/2021\/04\/shutterstock_1756478618.jpg 760w, https:\/\/www.tui.pl\/blog\/wp-content\/uploads\/2021\/04\/shutterstock_1756478618-600x342.jpg 600w, https:\/\/www.tui.pl\/blog\/wp-content\/uploads\/2021\/04\/shutterstock_1756478618-585x333.jpg 585w\" sizes=\"auto, (max-width: 760px) 100vw, 760px\" \/><\/p>\n<p style=\"text-align: justify;\"><strong>\u015awiat z poziomu siode\u0142ka<\/strong><\/p>\n<p style=\"text-align: justify;\">Dla jednych b\u0119dzie to wysoki poziom, dla reszty troch\u0119 ni\u017cszy (w zale\u017cno\u015bci od rowerowych ustawie\u0144), ale w tym wypadku oba s\u0105 dobre, bo korzystne dla Ziemi, a o ni\u0105 przecie\u017c chodzi. Je\u017celi mamy w ten spos\u00f3b zwiedza\u0107, to warto wiedzie\u0107 jakie miejsca s\u0105 najbardziej dla rowerzyst\u00f3w przyjazne. I rzecz jasna w du\u017cej mierze to wiemy, bowiem w Europie ranking ten jest od wielu lat prawie niezmienny, a kr\u00f3luj\u0105 w nim mi\u0119dzy innymi: Amsterdam, Kopenhaga, \u00a0Berlin, Malmo, etc. Spr\u00f3bujmy wi\u0119c pozna\u0107 miejsca nieco mniej oczywiste. Pozostaj\u0105c na razie w Europie proponujemy Nice\u0119 i osobisty <a href=\"https:\/\/www.tui.pl\/wypoczynek\/wyniki-wyszukiwania-nocleg?pm_source=CITYBREAK&amp;pm_name=kierunek-Nicea-Img&amp;q=%3Aprice%3AinStockFlag%3Atrue%3AdestinationCode%3ANCE13%3AbyPlane%3AF%3AtripType%3ADW%3AdurationFrom%3A7%3AdurationTo%3A7%3ActAdult%3A2%3Afacilities%3AGT03%23TUZ%2DCITYHT%3AadditionalType%3AGT03%23TUZ%2DVSBL\">Tour De Lazurowe Wybrze\u017ce<\/a>. Je\u015bli nie posiadamy roweru, to skorzysta\u0107 mo\u017cna z oferty tych miejskich &#8211; V\u00e9lo Bleu, nawet kolorem zgrywaj\u0105cych si\u0119 z kolorem morza, wzd\u0142u\u017c kt\u00f3rego wykr\u0119cimy wiele kilometr\u00f3w (cho\u0107 mimo wszystko wtedy trasa b\u0119dzie zapewne kr\u00f3tsza, ni\u017c w wypadku poruszania si\u0119 w\u0142asnym rowerem).<\/p>\n<p><img loading=\"lazy\" decoding=\"async\" class=\"aligncenter size-full wp-image-5127\" src=\"https:\/\/tui-blog.azurewebsites.net\/wp-content\/uploads\/2021\/04\/shutterstock_1672464178.jpg\" alt=\"\" width=\"760\" height=\"433\" title=\"\" srcset=\"https:\/\/www.tui.pl\/blog\/wp-content\/uploads\/2021\/04\/shutterstock_1672464178.jpg 760w, https:\/\/www.tui.pl\/blog\/wp-content\/uploads\/2021\/04\/shutterstock_1672464178-600x342.jpg 600w, https:\/\/www.tui.pl\/blog\/wp-content\/uploads\/2021\/04\/shutterstock_1672464178-585x333.jpg 585w\" sizes=\"auto, (max-width: 760px) 100vw, 760px\" \/><\/p>\n<p style=\"text-align: justify;\">Kolejnym fantastycznym rowerowym miastem jest Wiede\u0144. Kilometry tras, zachwycaj\u0105ce zabytki, niepowtarzalny turystyczny klimat, a dodatkowo plotki g\u0142osz\u0105, \u017ce piesi, rowerzy\u015bci i kierowcy s\u0105 odrobin\u0119 milsi, ni\u017c na przyk\u0142ad w stolicy Niemiec. Wiede\u0144 jako miasto stworzone dla cyklist\u00f3w ma swoich cichych wyznawc\u00f3w uwa\u017caj\u0105cych, \u017ce jest on pod tym wzgl\u0119dem numerem jeden w Europie. Nie krzycz\u0105 o tym g\u0142o\u015bno, poniewa\u017c elegancja i kultura stolicy Austrii zobowi\u0105zuj\u0105, ale <a href=\"https:\/\/www.tui.pl\/wypoczynek\/wyniki-wyszukiwania-nocleg?pm_source=CITYBREAK&amp;pm_name=kierunek-Wieden-Img&amp;q=%3Aprice%3AinStockFlag%3Atrue%3AdestinationCode%3AVIE%3AbyPlane%3AF%3AtripType%3ADW%3AdurationFrom%3A7%3AdurationTo%3A7%3ActAdult%3A2%3Afacilities%3AGT03%23TUZ%2DCITYHT%3AadditionalType%3AGT03%23TUZ%2DVSBL\">sprawd\u017acie sami czy maj\u0105 racj\u0119<\/a>.<\/p>\n<p style=\"text-align: justify;\">A teraz wyjed\u017amy na moment z miasta i zawitajmy na terenach g\u0142\u00f3wnie zielonych. W Hiszpanii Vias Verdes, czyli owe Zielone Szlaki, to system tras powsta\u0142ych po to, by zg\u0142\u0119bia\u0107 to pa\u0144stwo przyrodniczo, zawita\u0107 do barwnych g\u00f3rskich hiszpa\u0144skich wiosek i park\u00f3w narodowych. A je\u015bli poczujemy rowerowy przesyt, to wymieni\u0107 go mo\u017cna na hulajnog\u0119, rolki, lub pokusi\u0107 si\u0119 o d\u0142u\u017cszy spacer, <a href=\"https:\/\/www.tui.pl\/wypoczynek\/hiszpania\">poniewa\u017c na Vias Verdes r\u00f3wnie mile widziane s\u0105 inne niemechaniczne \u015brodki transportu, jak r\u00f3wnie\u017c piesi<\/a>.<\/p>\n<p style=\"text-align: justify;\">Zaryzykujemy my\u015bl, \u017ce Grecja to pa\u0144stwo, kt\u00f3re ka\u017cdy turysta\/podr\u00f3\u017cnik (niepotrzebne skre\u015bli\u0107) pr\u0119dzej czy p\u00f3\u017aniej w swoim globtroterskim \u017cyciu odwiedzi. Czy jednak zdecyduje si\u0119 na poznanie Grecji rowerem? Namawiamy do tego, poniewa\u017c tamtejsze trasy rowerowe nale\u017c\u0105 do jednych z najbardziej malowniczych nie tylko w Europie, ale i na \u015bwiecie. Co wi\u0119cej, greckie terytorium przeci\u0119te jest a\u017c przez 3 europejskie szlaki rowerowe. Cudowna pogoda, \u015br\u00f3dziemnomorska bryza, lokalne tawerny z przepysznym jedzeniem i niemal\u017ce nieskr\u0119powana wolno\u015b\u0107 w poznawaniu kolebki cywilizacji \u2013 <a href=\"https:\/\/www.tui.pl\/wypoczynek\/grecja\">to pa\u0144stwo jest stworzone do rowerowych woja\u017cy<\/a>.<\/p>\n<p><img loading=\"lazy\" decoding=\"async\" class=\"aligncenter size-full wp-image-5126\" src=\"https:\/\/tui-blog.azurewebsites.net\/wp-content\/uploads\/2021\/04\/shutterstock_1122325682.jpg\" alt=\"\" width=\"760\" height=\"433\" title=\"\" srcset=\"https:\/\/www.tui.pl\/blog\/wp-content\/uploads\/2021\/04\/shutterstock_1122325682.jpg 760w, https:\/\/www.tui.pl\/blog\/wp-content\/uploads\/2021\/04\/shutterstock_1122325682-600x342.jpg 600w, https:\/\/www.tui.pl\/blog\/wp-content\/uploads\/2021\/04\/shutterstock_1122325682-585x333.jpg 585w\" sizes=\"auto, (max-width: 760px) 100vw, 760px\" \/><\/p>\n<p style=\"text-align: justify;\"><strong>Kolarski \u015bwiat<\/strong><\/p>\n<p style=\"text-align: justify;\"><strong>\u00a0\u00a0\u00a0\u00a0\u00a0\u00a0\u00a0\u00a0 <\/strong>Afryka na rowerze? Jak najbardziej, a zacz\u0105\u0107 polecamy od Maroka. To w\u0142a\u015bnie tam, a konkretnie w fascynuj\u0105cym Marrakeszu, powsta\u0142 pierwszy system rower\u00f3w publicznych na tym kontynencie. Ponadto mia\u0142o to miejsce przy okazji konferencji klimatycznej, co tworzy \u0142adn\u0105 histori\u0119 walki o planet\u0119 ma\u0142ymi krokami, powoli, ale do celu. Warto zatem sprawdzi\u0107 jak ten system dzia\u0142a w szalonym mie\u015bcie o \u015bredniej samochodowej reputacji; a owa reputacja mo\u017ce by\u0107 kolejnym argumentem za tym, <a href=\"https:\/\/www.tui.pl\/wypoczynek\/wyniki-wyszukiwania-nocleg?pm_source=CITYBREAK&amp;pm_name=kierunek-Marrakesz-Img&amp;q=%3Aprice%3AinStockFlag%3Atrue%3AdestinationCode%3ARAK%3AbyPlane%3AF%3AtripType%3ADW%3AdurationFrom%3A7%3AdurationTo%3A7%3ActAdult%3A2%3Afacilities%3AGT03%23TUZ%2DCITYHT%3AadditionalType%3AGT03%23TUZ%2DVSBL\">by przesi\u0105\u015b\u0107 si\u0119 z 4 k\u00f3\u0142ek na 2<\/a>. Zdecydowanie spokojniej b\u0119dzie natomiast na Wyspach Zielonego Przyl\u0105dka. Rower nie jest tam najcz\u0119\u015bciej wybieranym sposobem przemieszczania si\u0119 przez turyst\u00f3w, tym bardziej warto prze\u0142ama\u0107 schemat i pozna\u0107 w ten spos\u00f3b Sal lub Boa Vist\u0119. Zw\u0142aszcza, i\u017c wyspy nie s\u0105 na tyle du\u017ce, <a href=\"https:\/\/www.tui.pl\/wypoczynek\/wyspy-zielonego-przyladka\">by nadwyr\u0119\u017ca\u0142y nasze wakacyjne mo\u017cliwo\u015bci kondycyjne<\/a>.<\/p>\n<p style=\"text-align: justify;\">\u00a0\u00a0\u00a0\u00a0\u00a0\u00a0\u00a0\u00a0\u00a0\u00a0\u00a0 To tylko kilka z ca\u0142ej masy wspania\u0142ych rowerowych mo\u017cliwo\u015bci. Mo\u017cna je wzi\u0105\u0107 jak swoje, albo potraktowa\u0107 jako inspiracj\u0119 do stworzenia w\u0142asnych \u015bcie\u017cek. A gdy b\u0119dziemy je opracowywa\u0107, nie zapominajmy, \u017ce w tym ca\u0142ym podr\u00f3\u017cniczym i ekologicznym szale\u0144stwie najwa\u017cniejsze jest, by znale\u017a\u0107 r\u00f3wnowag\u0119. Tak\u0105 jaka dzieje si\u0119 22 kwietnia w czasie r\u00f3wnonocy.<\/p>\n<p style=\"text-align: justify;\">P. S. Co roku dyskusje na temat kola\u017cu turystyki i ekologii s\u0105 coraz bardziej z\u0142o\u017cone i skomplikowane. Internet zalany jest rozmaitymi poradami na temat odpowiedzialnych podr\u00f3\u017cy. Poszukiwanie r\u00f3wnowagi nie musi by\u0107 od razu okupione ci\u0119\u017ck\u0105 prac\u0105. To mog\u0105 by\u0107 niewielkie, trywialne zmiany, zauwa\u017calne na pocz\u0105tku jedynie dla nas. Pozw\u00f3lcie, \u017ce podzielimy si\u0119 z Wami jedn\u0105 z takich nieskomplikowanych porad. Ot\u00f3\u017c korzystaj\u0105c z hotelowych kosmetyk\u00f3w, nie wstyd\u017amy si\u0119 zabiera\u0107 w dalsz\u0105 podr\u00f3\u017c tych, kt\u00f3rych nie zu\u017cyli\u015bmy do ko\u0144ca. To \u017caden wstyd, bo hotele i tak je wyrzuc\u0105 i uzupe\u0142ni\u0105 zapasy w pokojach nowymi, a to generuje straty. Tote\u017c \u015bmia\u0142o, od teraz nie musimy si\u0119 ju\u017c ba\u0107, \u017ce z naszych walizek wysypie si\u0119 lawina minipude\u0142ek i b\u0119dziemy jak Ross z Przyjaci\u00f3\u0142. Ul\u017cy\u0142o? Nie ma za co!:)<\/p>\n","protected":false},"excerpt":{"rendered":"<p>Dzie\u0144 Ziemi obchodzony jest 22 kwietnia. Zosta\u0142 ustanowiony po to, by promowa\u0107 postawy proekologiczne i jako symbol maj\u0105cy nawi\u0105zywa\u0107 do r\u00f3wnowagi jak\u0105 osi\u0105ga Ziemia w czasie r\u00f3wnonocy, wiosennej i jesiennej,&hellip;<\/p>\n","protected":false},"author":34,"featured_media":5125,"comment_status":"open","ping_status":"closed","sticky":false,"template":"","format":"standard","meta":{"_lmt_disableupdate":"","_lmt_disable":"","footnotes":""},"categories":[9,12,182,29],"tags":[],"class_list":["post-5124","post","type-post","status-publish","format-standard","has-post-thumbnail","hentry","category-europa","category-hiszpania","category-podroze","category-porady"],"home_img_url":"https:\/\/www.tui.pl\/blog\/wp-content\/uploads\/2021\/04\/shutterstock_608658449-585x390.jpg","home_img_alt":"","_links":{"self":[{"href":"https:\/\/www.tui.pl\/blog\/wp-json\/wp\/v2\/posts\/5124","targetHints":{"allow":["GET"]}}],"collection":[{"href":"https:\/\/www.tui.pl\/blog\/wp-json\/wp\/v2\/posts"}],"about":[{"href":"https:\/\/www.tui.pl\/blog\/wp-json\/wp\/v2\/types\/post"}],"author":[{"embeddable":true,"href":"https:\/\/www.tui.pl\/blog\/wp-json\/wp\/v2\/users\/34"}],"replies":[{"embeddable":true,"href":"https:\/\/www.tui.pl\/blog\/wp-json\/wp\/v2\/comments?post=5124"}],"version-history":[{"count":4,"href":"https:\/\/www.tui.pl\/blog\/wp-json\/wp\/v2\/posts\/5124\/revisions"}],"predecessor-version":[{"id":5857,"href":"https:\/\/www.tui.pl\/blog\/wp-json\/wp\/v2\/posts\/5124\/revisions\/5857"}],"wp:featuredmedia":[{"embeddable":true,"href":"https:\/\/www.tui.pl\/blog\/wp-json\/wp\/v2\/media\/5125"}],"wp:attachment":[{"href":"https:\/\/www.tui.pl\/blog\/wp-json\/wp\/v2\/media?parent=5124"}],"wp:term":[{"taxonomy":"category","embeddable":true,"href":"https:\/\/www.tui.pl\/blog\/wp-json\/wp\/v2\/categories?post=5124"},{"taxonomy":"post_tag","embeddable":true,"href":"https:\/\/www.tui.pl\/blog\/wp-json\/wp\/v2\/tags?post=5124"}],"curies":[{"name":"wp","href":"https:\/\/api.w.org\/{rel}","templated":true}]}}