{"id":4933,"date":"2021-01-16T13:45:29","date_gmt":"2021-01-16T12:45:29","guid":{"rendered":"https:\/\/tui-blog.azurewebsites.net\/?p=4933"},"modified":"2023-09-14T14:59:53","modified_gmt":"2023-09-14T12:59:53","slug":"zaplanuj-podroz-po-maderze","status":"publish","type":"post","link":"https:\/\/www.tui.pl\/blog\/zaplanuj-podroz-po-maderze\/","title":{"rendered":"Zaplanuj podr\u00f3\u017c po Maderze"},"content":{"rendered":"<p style=\"text-align: justify;\">Po\u0142o\u017cona na Atlantyku portugalska Madera to istna pere\u0142ka w\u015br\u00f3d europejskich wysp. Zachwyca ka\u017cdym szczeg\u00f3\u0142em pocz\u0105wszy od niesamowitej fauny i flory, poprzez i\u015bcie wiosenn\u0105 aur\u0119 panuj\u0105c\u0105 tam przez ca\u0142y rok, a sko\u0144czywszy na\u00a0 pysznej kuchni, kt\u00f3ra po\u0142echce nawet najbardziej wybredne kubki smakowe (ryba z bananem naprawd\u0119 dobrze smakuje). Zwiedzanie Madery r\u00f3wna si\u0119 napi\u0119temu harmonogramowi, dlatego spiesz\u0119 z\u00a0pomoc\u0105 i\u00a0przedstawiam Ci propozycje miejsc, kt\u00f3rych nie mo\u017cesz pomin\u0105\u0107 w urlopowym grafiku.<\/p>\n<p style=\"text-align: justify;\"><strong>Porto Moniz <\/strong><\/p>\n<p style=\"text-align: justify;\"><a href=\"https:\/\/www.tui.pl\/wypoczynek\/turcja\">Turcja<\/a> ma swoje Pamukkale, Baleary Ses Salines, a Madera? Dwa naturalne baseny znajduj\u0105ce si\u0119 w\u00a0po\u0142o\u017conym w p\u00f3\u0142nocno-zachodniej cz\u0119\u015bci wyspy regionie Porto Moniz. Te wydr\u0105\u017cone przez law\u0119 wulkaniczn\u0105 baseny to najs\u0142ynniejsze miejsce na ca\u0142ej wyspie i jedyne w swoim rodzaju k\u0105pieliska. Robi\u0105 niesamowite wra\u017cenie, s\u0105 r\u00f3wnie\u017c \u015bwietn\u0105 rozrywk\u0105 zar\u00f3wno dla du\u017cych, jak i\u00a0ma\u0142ych. Znajdziesz tu przebieralnie, \u0142azienki i miejsca, w kt\u00f3rych mo\u017cna co\u015b zje\u015b\u0107. Baseny oddzielone s\u0105 od siebie promenad\u0105 \u2013 te zachodnie przystosowane s\u0105 do za\u017cywania bezpiecznych k\u0105pieli, natomiast wschodnie bardziej przypadn\u0105 do gustu mi\u0142o\u015bnikom opalania.<\/p>\n<p style=\"text-align: justify;\"><strong>Santana<\/strong><\/p>\n<p style=\"text-align: justify;\">Nie ma nic wsp\u00f3lnego z d\u017awi\u0119kami gitary (Carlos urodzi\u0142 si\u0119 w Meksyku). To miasteczko przywo\u0142uje raczej na my\u015bl bajkow\u0105 krain\u0119 i z tego powodu jego nazwa z pewno\u015bci\u0105 utkwi w\u00a0Twojej pami\u0119ci. Urocze, kolorowe, niewielkich rozmiar\u00f3w chatki, przed kt\u00f3rymi rozpo\u015bcieraj\u0105 si\u0119 ma\u0142e ogr\u00f3dki to znak rozpoznawczy Santany. Poza tradycyjnymi domkami, niekiedy skrytymi w w\u0105skich uliczkach miasteczka, warto wybra\u0107 si\u0119 do znajduj\u0105cego si\u0119 2 km dalej parku tematycznego, w kt\u00f3rym szczeg\u00f3\u0142owo zapoznasz si\u0119 z histori\u0105 i tradycj\u0105 ca\u0142ej wyspy.<\/p>\n<p><img loading=\"lazy\" decoding=\"async\" class=\"aligncenter size-full wp-image-4935\" src=\"https:\/\/tui-blog.azurewebsites.net\/wp-content\/uploads\/2021\/01\/760x433_2-2.jpg\" alt=\"\" width=\"760\" height=\"433\" title=\"\" srcset=\"https:\/\/www.tui.pl\/blog\/wp-content\/uploads\/2021\/01\/760x433_2-2.jpg 760w, https:\/\/www.tui.pl\/blog\/wp-content\/uploads\/2021\/01\/760x433_2-2-600x342.jpg 600w, https:\/\/www.tui.pl\/blog\/wp-content\/uploads\/2021\/01\/760x433_2-2-585x333.jpg 585w\" sizes=\"auto, (max-width: 760px) 100vw, 760px\" \/><\/p>\n<p style=\"text-align: justify;\"><strong>Praia de Calheta<\/strong><\/p>\n<p style=\"text-align: justify;\">Nie samym zwiedzaniem cz\u0142owiek \u017cyje, dlatego spiesz\u0119 z porad\u0105, na kt\u00f3r\u0105 pla\u017c\u0119 warto si\u0119 wybra\u0107 i zazna\u0107 zas\u0142u\u017conego odpoczynku. Na Maderze znajduje si\u0119 niewiele piaszczystych pla\u017c, g\u0142\u00f3wnie kr\u00f3luj\u0105 tam pla\u017ce kamieniste. Jedn\u0105 z najs\u0142ynniejszych jest publiczna pla\u017ca po\u0142o\u017cona w miejscowo\u015bci Callheta na\u00a0po\u0142udniu wyspy. Zosta\u0142a uformowana sztucznie z piasku importowanego z p\u00f3\u0142nocnej Afryki. Nieopodal niej znajduje si\u0119 przysta\u0144 z promenad\u0105 i wiele udogodnie\u0144 dla amator\u00f3w pla\u017cingu.<\/p>\n<p style=\"text-align: justify;\"><strong>Pico Ruivo<\/strong><\/p>\n<p style=\"text-align: justify;\">Pico Ruivo to g\u00f3ruj\u0105cy 1862 m n.p.m. najwy\u017cszy szczyt na Maderze. Warto go zdoby\u0107, co mo\u017cna uczyni\u0107 wy\u0142\u0105cznie pieszo \u2013 ekscytacja i satysfakcja gwarantowane. Trekking poleca si\u0119 rozpocz\u0105\u0107 z innego szczytu uchodz\u0105cego za najpi\u0119kniejszy punkt widokowy na wyspie, czyli Pico do Arieiro. Zaopatrz si\u0119 w odpowiednie obuwie, zabierz ze sob\u0105 du\u017co wody (czeka Ci\u0119 do pokonania 11 km) i\u2026 zdobywaj szczyty!<\/p>\n<p style=\"text-align: justify;\"><strong>Cabo Gir\u00e3o<\/strong><\/p>\n<p style=\"text-align: justify;\">Na mniej zapalonych piechur\u00f3w czeka jeszcze jeden punkt widokowy. Cabo Gir\u00e3o, na kt\u00f3ry mo\u017cna wjecha\u0107 samochodem, to jeden z\u00a0najwy\u017cszych klif\u00f3w w Europie. Bez\u00a0w\u0105tpienia\u00a0zachwycaj\u0105ce miejsce. Roztacza si\u0119 st\u0105d zapieraj\u0105cy dech w piersiach widok na\u00a0ca\u0142\u0105 wysp\u0119. Klif po\u0142o\u017cony jest 589 m n.p.m. \u2013 t\u0119 wysoko\u015b\u0107 odczujesz w szczeg\u00f3lno\u015bci, gdy staniesz na przeszklonej pod\u0142odze.<\/p>\n<p><img loading=\"lazy\" decoding=\"async\" class=\"aligncenter size-full wp-image-4934\" src=\"https:\/\/tui-blog.azurewebsites.net\/wp-content\/uploads\/2021\/01\/760x433_1-4.jpg\" alt=\"\" width=\"760\" height=\"433\" title=\"\" srcset=\"https:\/\/www.tui.pl\/blog\/wp-content\/uploads\/2021\/01\/760x433_1-4.jpg 760w, https:\/\/www.tui.pl\/blog\/wp-content\/uploads\/2021\/01\/760x433_1-4-600x342.jpg 600w, https:\/\/www.tui.pl\/blog\/wp-content\/uploads\/2021\/01\/760x433_1-4-585x333.jpg 585w\" sizes=\"auto, (max-width: 760px) 100vw, 760px\" \/><\/p>\n<p style=\"text-align: justify;\"><strong><br \/>\nP\u00f3\u0142wysep \u015bw. Wawrzy\u0144ca<br \/>\n<\/strong><br \/>\nCharakterystyczny cypel ulokowany we wschodniej cz\u0119\u015bci Madery to P\u00f3\u0142wysep \u015bw. Wawrzy\u0144ca. Ten najdalej wysuni\u0119ty fragment wyspy zmienia si\u0119 w zale\u017cno\u015bci od pory roku. Je\u015bli zdecydujesz si\u0119 na pobyt na Maderze latem, miejsce to przeobrazi si\u0119 w niemal pustynny krajobraz, zim\u0105 za\u015b b\u0119dzie obfitowa\u0107 w zielon\u0105 ro\u015blinno\u015b\u0107. To przepi\u0119kne miejsce, idealne do\u00a0uprawiania trekkingu. Mo\u017cna tu po\u0142\u0105czy\u0107 aktywno\u015b\u0107 ze zwiedzaniem tego, co na Maderze najlepsze \u2013 natury.<\/p>\n<p style=\"text-align: justify;\"><strong>Ogr\u00f3d Palheiro Ferreiro<\/strong><\/p>\n<p style=\"text-align: justify;\">Jednym z pierwszych skojarze\u0144, kt\u00f3re przywo\u0142uje na my\u015bl Madera jest przepi\u0119kna przyroda. Wyspa s\u0142ynie z pi\u0119knych kwiat\u00f3w i ogrod\u00f3w, kt\u00f3re kwitn\u0105 w najlepsze przez ca\u0142y rok z uwagi na sprzyjaj\u0105ce warunki klimatyczne. Miejscem, w kt\u00f3rym zetkniesz si\u0119 z prawdziwym kr\u00f3lestwem ro\u015blinno\u015bci jest ogr\u00f3d Palheiro Ferreiro. Znajduje si\u0119 tu niezliczona liczba zachwycaj\u0105cych i wyj\u0105tkowych kwiat\u00f3w, krzew\u00f3w i drzew. Ogr\u00f3d zosta\u0142 zaaran\u017cowany na\u00a0mod\u0142\u0119 ogrod\u00f3w angielskich i francuskich. Palheiro Ferreiro znajduje si\u0119 nieopodal stolicy wyspy, a skoro ju\u017c o niej mowa\u2026<\/p>\n<p style=\"text-align: justify;\"><strong>Funchal <\/strong><\/p>\n<p style=\"text-align: justify;\">Miasto po\u0142o\u017cone jest tu\u017c nad oceanem, na po\u0142udniu wyspy. Zwiedzanie warto rozpocz\u0105\u0107 od\u00a0star\u00f3wki, jak na\u00a0ka\u017cd\u0105 stolic\u0119 przysta\u0142o. Zachwyc\u0105 Ci\u0119 tu oryginalne, pomalowane przez lokalnych artyst\u00f3w drzwi, spr\u00f3bujesz te\u017c lokalnych przysmak\u00f3w w barach i restauracjach i\u00a0zakupisz pami\u0105tki w sklepikach, kt\u00f3rych najwi\u0119ksze skupisko znajduje si\u0119 na g\u0142\u00f3wnej ulicy Rua de Santa Maria. Jedn\u0105 z atrakcji jest przejazd kolejk\u0105 linow\u0105 z Funchal do Monte g\u0142\u00f3wnie za spraw\u0105 przepi\u0119knych widok\u00f3w na miasto. Po\u0142o\u017cone niedaleko Monte s\u0142ynie z\u00a0 zachwycaj\u0105cego Ogrodu Tropikalnego Pa\u0142acu Monte. Znajduje si\u0119 tu zar\u00f3wno endemiczna ro\u015blinno\u015b\u0107, jak i przybysze z Chin i Japonii. Drog\u0119 powrotn\u0105 z Monte do Funchal mo\u017cesz pokona\u0107\u2026 na sankach. Stolica kryje w sobie r\u00f3wnie\u017c liczne muzea czy ko\u015bcio\u0142y, na przyk\u0142ad s\u0142ynn\u0105 katedr\u0119 z pi\u0119knym sufitem. Podczas pobytu w Funchal czeka na Ciebie jeszcze jedno \u2013 selfie z Crisitano Ronaldo gwarantowane.<\/p>\n","protected":false},"excerpt":{"rendered":"<p>Po\u0142o\u017cona na Atlantyku portugalska Madera to istna pere\u0142ka w\u015br\u00f3d europejskich wysp. Zachwyca ka\u017cdym szczeg\u00f3\u0142em pocz\u0105wszy od niesamowitej fauny i flory, poprzez i\u015bcie wiosenn\u0105 aur\u0119 panuj\u0105c\u0105 tam przez ca\u0142y rok, a&hellip;<\/p>\n","protected":false},"author":31,"featured_media":4937,"comment_status":"open","ping_status":"closed","sticky":false,"template":"","format":"standard","meta":{"_lmt_disableupdate":"","_lmt_disable":"","footnotes":""},"categories":[9,21,182,30],"tags":[],"class_list":["post-4933","post","type-post","status-publish","format-standard","has-post-thumbnail","hentry","category-europa","category-madera","category-podroze","category-portugalia"],"home_img_url":"https:\/\/www.tui.pl\/blog\/wp-content\/uploads\/2021\/01\/760x483_mapka_madera-585x390.jpg","home_img_alt":"","_links":{"self":[{"href":"https:\/\/www.tui.pl\/blog\/wp-json\/wp\/v2\/posts\/4933","targetHints":{"allow":["GET"]}}],"collection":[{"href":"https:\/\/www.tui.pl\/blog\/wp-json\/wp\/v2\/posts"}],"about":[{"href":"https:\/\/www.tui.pl\/blog\/wp-json\/wp\/v2\/types\/post"}],"author":[{"embeddable":true,"href":"https:\/\/www.tui.pl\/blog\/wp-json\/wp\/v2\/users\/31"}],"replies":[{"embeddable":true,"href":"https:\/\/www.tui.pl\/blog\/wp-json\/wp\/v2\/comments?post=4933"}],"version-history":[{"count":4,"href":"https:\/\/www.tui.pl\/blog\/wp-json\/wp\/v2\/posts\/4933\/revisions"}],"predecessor-version":[{"id":6304,"href":"https:\/\/www.tui.pl\/blog\/wp-json\/wp\/v2\/posts\/4933\/revisions\/6304"}],"wp:featuredmedia":[{"embeddable":true,"href":"https:\/\/www.tui.pl\/blog\/wp-json\/wp\/v2\/media\/4937"}],"wp:attachment":[{"href":"https:\/\/www.tui.pl\/blog\/wp-json\/wp\/v2\/media?parent=4933"}],"wp:term":[{"taxonomy":"category","embeddable":true,"href":"https:\/\/www.tui.pl\/blog\/wp-json\/wp\/v2\/categories?post=4933"},{"taxonomy":"post_tag","embeddable":true,"href":"https:\/\/www.tui.pl\/blog\/wp-json\/wp\/v2\/tags?post=4933"}],"curies":[{"name":"wp","href":"https:\/\/api.w.org\/{rel}","templated":true}]}}