{"id":3973,"date":"2019-10-11T08:34:02","date_gmt":"2019-10-11T06:34:02","guid":{"rendered":"\/blog\/?p=3973"},"modified":"2023-11-02T11:54:03","modified_gmt":"2023-11-02T10:54:03","slug":"jak-spakowac-narty-do-samolotu","status":"publish","type":"post","link":"https:\/\/www.tui.pl\/blog\/jak-spakowac-narty-do-samolotu\/","title":{"rendered":"Jak spakowa\u0107 narty do samolotu?"},"content":{"rendered":"<p>Dni staj\u0105 si\u0119 ciemniejsze i zimniejsze. To niew\u0105tpliwie \u015bwiadczy o tym, \u017ce zbli\u017ca si\u0119 zima. Wiem, \u017ce niekt\u00f3rym od razu przechodzi dreszcz po karku. W ko\u0144cu to przecie\u017c od\u015bnie\u017canie samochod\u00f3w, zak\u0142adanie zimowych, ci\u0119\u017ckich ubra\u0144 i niewielka ilo\u015b\u0107 s\u0142o\u0144ca. Sp\u00f3jrzmy jednak na Zim\u0119 z innej strony. Zima to w ko\u0144cu mo\u017cliwo\u015b\u0107 na zimowe szale\u0144stwo! Szczeg\u00f3lnie wtedy, gdy w swoje ulubione narciarskie miejsce mo\u017cesz dosta\u0107 si\u0119\u2026 samolotem! Czytaj dalej i dowiedz si\u0119 wi\u0119cej!<br \/>\n<!--more--><br \/>\nCoraz wi\u0119cej os\u00f3b rezygnuje z szale\u0144stwa na nartach lub na snowboardzie w naszym kraju. Cz\u0119sto takie osoby nie bior\u0105 pod uwag\u0119 nawet przepi\u0119knych stok\u00f3w naszych bli\u017cszych i dalszych s\u0105siad\u00f3w. Zastanawia\u0142em si\u0119 z czego to mo\u017ce wynika\u0107? Postanowi\u0142em uzyska\u0107 odpowied\u017a od znajomych.<\/p>\n<p>Pytaj\u0105c moich znajomych o pow\u00f3d rezygnacji, bardzo cz\u0119sto s\u0142ysz\u0119 odpowied\u017a w stylu \u201enie chce mi si\u0119 jecha\u0107 autokarem\u201d, \u201ewielogodzinna podr\u00f3\u017c autokarem nie jest dla mnie\u201d. Wtedy od razu zadaj\u0119 pytanie: a gdyby\u015bcie mogli polecie\u0107 samolotem i wci\u0105\u017c korzysta\u0107 z zimowych atrakcji? Tu wiele os\u00f3b z zaciekawieniem pyta o wi\u0119cej szczeg\u00f3\u0142\u00f3w. Sam nie jestem zwolennikiem autokar\u00f3w, dlatego dzisiaj zapoznam Ciebie ze szczeg\u00f3\u0142ami naszej nowej oferty, czyli <a href=\"https:\/\/www.tui.pl\/wypoczynek\/wlochy\/trentino\/hotel-monte-giner-bzo00206\/OfferCodeWS\/WAWBZN20200307095520200307202003141255L07BZO00206DZX1IA02\">Narty samolotem<\/a>.<\/p>\n<p><strong>Jak to dok\u0142adnie wygl\u0105da? <\/strong><\/p>\n<p>Kupuj\u0105c tak\u0105 wycieczk\u0119, samolot przewozi Ci\u0119 na lotnisko po\u0142o\u017cone blisko rejonu narciarskiego, dzi\u0119ki czemu zaoszcz\u0119dzasz wiele godzin podr\u00f3\u017cy, kt\u00f3r\u0105 musia\u0142by\u015b pokona\u0107 autokarem (lub samochodem). Nast\u0119pnie odbywa si\u0119 transfer autobusem do wybranego hotelu. Nasze hotele s\u0105 po\u0142o\u017cone w wygodnej lokalizacji i tym samym przejazd jest kr\u00f3tki, a Ty od razu mo\u017cesz cieszy\u0107 si\u0119 urokami hotelu i przepi\u0119knymi g\u00f3rzystymi widokami.<\/p>\n<p><a href=\"https:\/\/www.tui.pl\/wypoczynek\/wlochy\/trentino\/hotel-marilleva-1400-bzo00203\/OfferCodeWS\/WAWBZN20200307095520200307202003141255L07BZO00203DZX1HA02\">Sprawd\u017a hotel Hotel Marilleva 1400!<\/a><\/p>\n<p><img loading=\"lazy\" decoding=\"async\" src=\"https:\/\/tui-blog.azurewebsites.net\/wp-content\/uploads\/2019\/10\/640x420_blog_narciarski_v2.jpg\" alt=\"\" width=\"640\" height=\"564\" class=\"alignnone size-full wp-image-3997\" title=\"\" srcset=\"https:\/\/www.tui.pl\/blog\/wp-content\/uploads\/2019\/10\/640x420_blog_narciarski_v2.jpg 640w, https:\/\/www.tui.pl\/blog\/wp-content\/uploads\/2019\/10\/640x420_blog_narciarski_v2-600x529.jpg 600w, https:\/\/www.tui.pl\/blog\/wp-content\/uploads\/2019\/10\/640x420_blog_narciarski_v2-585x516.jpg 585w\" sizes=\"auto, (max-width: 640px) 100vw, 640px\" \/><\/p>\n<p><strong>Co z baga\u017cem? <\/strong><\/p>\n<p>Kluczowa kwestia. Jak wiadomo samolot ma swoje limity baga\u017cowe. Przed wylotem musisz dok\u0142adnie przygotowa\u0107 sw\u00f3j baga\u017c korzystaj\u0105c z naszych wytycznych.<br \/>\n\u2022\tKa\u017cdy z pasa\u017cer\u00f3w mo\u017ce zabra\u0107 na pok\u0142ad samolotu <strong>1 sztuk\u0119 baga\u017cu podr\u0119cznego<\/strong> nie wi\u0119ksza ni\u017c 55x40x20 cm<br \/>\n\u2022\t<strong>Baga\u017c rejestrowany jest cenie<\/strong>. Nie mo\u017ce przekracza\u0107 15 kg i jego wymiary nie mog\u0105 wynosi\u0107 wi\u0119cej ni\u017c 80x120x100 cm.<br \/>\n\u2022\t<strong>Buty\/kask nie stanowi\u0105 odr\u0119bnego baga\u017cu. <\/strong>Oznacza to, \u017ce buty, kask i inne narciarskie rzeczy takie jak gogle musisz zapakowa\u0107 do swojej walizki rejestrowanej. Nie martw si\u0119, jest to wykonalne \u2013 sam sprawdzi\u0142em!<br \/>\n\u2022\t<strong>Twoje narty lub deska snowboardowa musz\u0105 by\u0107 zapakowane w baga\u017c narciarski,<\/strong> czyli w specjalny pokrowiec i nie mo\u017ce on przekroczy\u0107 wymiaru 170x40x20 cm. Taki pokrowiec kupisz w ka\u017cdym sklepie narciarskim. Pami\u0119taj, aby nie pakowa\u0107 wszystkich nart do jednego pokrowca! Do 1 pokrowca mo\u017cesz zapakowa\u0107 tylko 1 par\u0119 nart z kijkami lub desk\u0119 snowboardow\u0105. Pokrowiec uchroni Twoje narty przed uszkodzeniem. Bez pokrowca narty nie zostan\u0105 zapakowane do samolotu! Waga baga\u017cu narciarskiego nie mo\u017ce wi\u0119ksza ni\u017c 10 kg. Rezerwacja 22 255 04 02<br \/>\n\u2022\t<strong>Baga\u017c dziecka do 2 roku \u017cycia jest w cenie,<\/strong> nie mo\u017ce przekroczy\u0107 5 kg i jest baga\u017cem podr\u0119cznym. Pami\u0119taj, dziecku do 2 roku \u017cycia przys\u0142uguje tylko baga\u017c podr\u0119czny.<\/p>\n<p><img loading=\"lazy\" decoding=\"async\" src=\"https:\/\/tui-blog.azurewebsites.net\/wp-content\/uploads\/2019\/10\/640x420_blog_rejestrowany_v2.jpg\" alt=\"\" width=\"640\" height=\"564\" class=\"alignnone size-full wp-image-3996\" title=\"\" srcset=\"https:\/\/www.tui.pl\/blog\/wp-content\/uploads\/2019\/10\/640x420_blog_rejestrowany_v2.jpg 640w, https:\/\/www.tui.pl\/blog\/wp-content\/uploads\/2019\/10\/640x420_blog_rejestrowany_v2-600x529.jpg 600w, https:\/\/www.tui.pl\/blog\/wp-content\/uploads\/2019\/10\/640x420_blog_rejestrowany_v2-585x516.jpg 585w\" sizes=\"auto, (max-width: 640px) 100vw, 640px\" \/><\/p>\n<p>Szybki transport i od razu mo\u017cesz si\u0119 cieszy\u0107 <a href=\"https:\/\/www.tui.pl\/wypoczynek\/wlochy\/trentino\/park-hotel-folgarida-bzo00300\/OfferCodeWS\/WAWBZN20200307095520200307202003141255L07BZO00300DZX1HA02\">zimowym szale\u0144stwem<\/a>! Mam nadzieje, \u017ce m\u00f3j ma\u0142y poradnik zach\u0119ci Ci\u0119 do skorzystania z naszej oferty narty samolotem. Je\u015bli masz jakie\u015b pytania w sprawie baga\u017cu to koniecznie skontaktuj si\u0119 z nami! Jeste\u015b ju\u017c gotowy na zimowe szale\u0144stwo?<\/p>\n","protected":false},"excerpt":{"rendered":"<p>Dni staj\u0105 si\u0119 ciemniejsze i zimniejsze. To niew\u0105tpliwie \u015bwiadczy o tym, \u017ce zbli\u017ca si\u0119 zima. Wiem, \u017ce niekt\u00f3rym od razu przechodzi dreszcz po karku. W ko\u0144cu to przecie\u017c od\u015bnie\u017canie samochod\u00f3w,&hellip;<\/p>\n","protected":false},"author":33,"featured_media":3979,"comment_status":"open","ping_status":"closed","sticky":false,"template":"","format":"standard","meta":{"_lmt_disableupdate":"","_lmt_disable":"","footnotes":""},"categories":[330],"tags":[],"class_list":["post-3973","post","type-post","status-publish","format-standard","has-post-thumbnail","hentry","category-narty"],"home_img_url":"https:\/\/www.tui.pl\/blog\/wp-content\/uploads\/2019\/10\/760x433_blog-1-585x390.jpg","home_img_alt":"","_links":{"self":[{"href":"https:\/\/www.tui.pl\/blog\/wp-json\/wp\/v2\/posts\/3973","targetHints":{"allow":["GET"]}}],"collection":[{"href":"https:\/\/www.tui.pl\/blog\/wp-json\/wp\/v2\/posts"}],"about":[{"href":"https:\/\/www.tui.pl\/blog\/wp-json\/wp\/v2\/types\/post"}],"author":[{"embeddable":true,"href":"https:\/\/www.tui.pl\/blog\/wp-json\/wp\/v2\/users\/33"}],"replies":[{"embeddable":true,"href":"https:\/\/www.tui.pl\/blog\/wp-json\/wp\/v2\/comments?post=3973"}],"version-history":[{"count":12,"href":"https:\/\/www.tui.pl\/blog\/wp-json\/wp\/v2\/posts\/3973\/revisions"}],"predecessor-version":[{"id":7010,"href":"https:\/\/www.tui.pl\/blog\/wp-json\/wp\/v2\/posts\/3973\/revisions\/7010"}],"wp:featuredmedia":[{"embeddable":true,"href":"https:\/\/www.tui.pl\/blog\/wp-json\/wp\/v2\/media\/3979"}],"wp:attachment":[{"href":"https:\/\/www.tui.pl\/blog\/wp-json\/wp\/v2\/media?parent=3973"}],"wp:term":[{"taxonomy":"category","embeddable":true,"href":"https:\/\/www.tui.pl\/blog\/wp-json\/wp\/v2\/categories?post=3973"},{"taxonomy":"post_tag","embeddable":true,"href":"https:\/\/www.tui.pl\/blog\/wp-json\/wp\/v2\/tags?post=3973"}],"curies":[{"name":"wp","href":"https:\/\/api.w.org\/{rel}","templated":true}]}}