{"id":3285,"date":"2018-12-28T10:16:02","date_gmt":"2018-12-28T09:16:02","guid":{"rendered":"https:\/\/tui-blog.azurewebsites.net\/?p=3285"},"modified":"2024-05-20T12:49:07","modified_gmt":"2024-05-20T10:49:07","slug":"atrakcje-turystyczne-majorce","status":"publish","type":"post","link":"https:\/\/www.tui.pl\/blog\/atrakcje-turystyczne-majorce\/","title":{"rendered":"Atrakcje turystyczne na Majorce"},"content":{"rendered":"<p style=\"text-align: justify;\">Majorka to przepi\u0119kna i malownicza wyspa, kt\u00f3r\u0105 wyr\u00f3\u017cnia doskona\u0142y klimat i niezapomniana atmosfera. Kr\u00f3tki lot na wysp\u0119 wynosz\u0105cy zaledwie 3 godziny, sprawia \u017ce jest to idealne miejsce dla rodzin z ma\u0142ym dzieckiem.<\/p>\n<p style=\"text-align: justify;\"><!--more-->Na miejscu, na wszystkich turyst\u00f3w czeka doskona\u0142a hiszpa\u0144ska kuchnia i niesamowite widoki. Jest to miejsce, do kt\u00f3rego chce si\u0119 wraca\u0107. Wiele os\u00f3b kojarzy <a href=\"https:\/\/www.tui.pl\/wypoczynek\/hiszpania\/majorka?utm_source=blog-autor-adrian-dubaniewicz&amp;utm_medium=adrian-dubaniewicz&amp;utm_campaign=wpis-na-blogu\" target=\"_blank\" rel=\"noopener noreferrer\">Majork\u0119<\/a> jako wysp\u0119 do wypoczynku. Jest to prawda lecz Majorka kryje w sobie niezwyk\u0142e miejsca, kt\u00f3re koniecznie trzeba zwiedzi\u0107. Sprawd\u017a nasza ofert\u0119 &#8222;<a href=\"https:\/\/www.tui.pl\/wypoczynek\/hiszpania\/majorka\/oferty-lato-first-minute?utm_source=blog-autor-adrian-dubaniewicz&amp;utm_medium=adrian-dubaniewicz&amp;utm_campaign=wpis-na-blogu\" target=\"_blank\" rel=\"noopener noreferrer\">Lato First Minute Majorka<\/a>&#8222;.<\/p>\n<h2 style=\"text-align: justify;\">Oto 5 ciekawych miejsc, kt\u00f3re warto zobaczy\u0107 b\u0119d\u0105c na Majorce.<\/h2>\n<h3 style=\"text-align: justify;\">1. Coves del Drach<\/h3>\n<p><img loading=\"lazy\" decoding=\"async\" class=\"alignnone size-full wp-image-3282\" src=\"https:\/\/tui-blog.azurewebsites.net\/wp-content\/uploads\/2018\/12\/2-2.jpg\" alt=\"\" width=\"640\" height=\"420\" title=\"\" srcset=\"https:\/\/www.tui.pl\/blog\/wp-content\/uploads\/2018\/12\/2-2.jpg 640w, https:\/\/www.tui.pl\/blog\/wp-content\/uploads\/2018\/12\/2-2-600x394.jpg 600w, https:\/\/www.tui.pl\/blog\/wp-content\/uploads\/2018\/12\/2-2-585x384.jpg 585w\" sizes=\"auto, (max-width: 640px) 100vw, 640px\" \/><\/p>\n<p style=\"text-align: justify;\">Na Majorce mamy mo\u017cliwo\u015b\u0107 zwiedzenia sieci blisko 200 jaski\u0144, oczywi\u015bcie do zwiedzenia udost\u0119pniono jedynie cz\u0119\u015b\u0107 z nich. Najwa\u017cniejsz\u0105 s\u0105 jednak <em>Coves del Drach<\/em> zwane <strong>Smoczymi Jaskiniami.<\/strong> Do jaski\u0144 schodzi si\u0119 drog\u0105 w\u015br\u00f3d ska\u0142. Na dole mo\u017cemy podziwia\u0107 niezwyk\u0142e i imponuj\u0105ce, wapienne urwiska, z przepi\u0119knymi stalagmitami i stalaktytami. Ca\u0142o\u015b\u0107 dodatkowo jest pod\u015bwietlona reflektorami, co zapewnia niesamowite doznania. W jaskiniach cz\u0119sto odbywaj\u0105 si\u0119 <strong>koncerty<\/strong>, kt\u00f3rych muzyka roznosi si\u0119 po ca\u0142ej grocie. W Smoczych Jaskiniach znajduj\u0119 si\u0119 r\u00f3wnie\u017c najwi\u0119ksze podziemne jezioro w Europie. Nazwa jaski\u0144 pochodzi ze \u015bredniowiecznego mitu, w kt\u00f3rym to rzekomo istnia\u0142 skarb pilnowany przez smoka.<\/p>\n<p style=\"text-align: justify;\">Hotele All Inclusive na Majorce &#8211; <a href=\"https:\/\/www.tui.pl\/wypoczynek\/hiszpania\/majorka\/oferty-all-inclusive?utm_source=blog-autor-adrian-dubaniewicz&amp;utm_medium=adrian-dubaniewicz&amp;utm_campaign=wpis-na-blogu\" target=\"_blank\" rel=\"noopener noreferrer\">sprawd\u017a tutaj<\/a>.<\/p>\n<h3 style=\"text-align: justify;\">2. Deia<\/h3>\n<p><img loading=\"lazy\" decoding=\"async\" class=\"alignnone size-full wp-image-3283\" src=\"https:\/\/tui-blog.azurewebsites.net\/wp-content\/uploads\/2018\/12\/3-2.jpg\" alt=\"\" width=\"640\" height=\"420\" title=\"\" srcset=\"https:\/\/www.tui.pl\/blog\/wp-content\/uploads\/2018\/12\/3-2.jpg 640w, https:\/\/www.tui.pl\/blog\/wp-content\/uploads\/2018\/12\/3-2-600x394.jpg 600w, https:\/\/www.tui.pl\/blog\/wp-content\/uploads\/2018\/12\/3-2-585x384.jpg 585w\" sizes=\"auto, (max-width: 640px) 100vw, 640px\" \/><\/p>\n<p style=\"text-align: justify;\">Uznane za <strong>najpi\u0119kniejsze<\/strong> miasto na Majorce, Deia to urokliwa g\u00f3rska miejscowo\u015b\u0107 po\u0142o\u017cona mi\u0119dzy g\u00f3rami <strong>Serra de Tramuntana<\/strong>. W miasteczku zobaczymy \u015bliczne kamienne domy wyj\u0119te niczym ze \u015bredniowiecznego fresku. Woln\u0105 przestrze\u0144 wype\u0142niaj\u0105 sady oliwne rosn\u0105ce na tarasach. Mo\u017cna r\u00f3wnie\u017c zwiedzi\u0107 ko\u015bci\u00f3\u0142<strong> Iglesia de San Juan Bautista<\/strong>. Deia stanowi doskona\u0142\u0105 baz\u0119 wypadow\u0105 do wycieczek pieszych i trekkingowych.<\/p>\n<h3 style=\"text-align: justify;\">3. Zamek w Alar\u00f3<\/h3>\n<p><img loading=\"lazy\" decoding=\"async\" class=\"alignnone size-full wp-image-3284\" src=\"https:\/\/tui-blog.azurewebsites.net\/wp-content\/uploads\/2018\/12\/4-2.jpg\" alt=\"\" width=\"640\" height=\"420\" title=\"\" srcset=\"https:\/\/www.tui.pl\/blog\/wp-content\/uploads\/2018\/12\/4-2.jpg 640w, https:\/\/www.tui.pl\/blog\/wp-content\/uploads\/2018\/12\/4-2-600x394.jpg 600w, https:\/\/www.tui.pl\/blog\/wp-content\/uploads\/2018\/12\/4-2-585x384.jpg 585w\" sizes=\"auto, (max-width: 640px) 100vw, 640px\" \/><\/p>\n<p style=\"text-align: justify;\">Pierwszy raz o zamku wspominaj\u0105 kroniki z <strong>902 roku,<\/strong> podchodz\u0105ce z czas\u00f3w inwazji Muzu\u0142man\u00f3w, kiedy to Saraceni przybyli na Majork\u0119. Wed\u0142ug zapisk\u00f3w zamek broni\u0142 si\u0119 oko\u0142o 8 lat i zosta\u0142 zdobyty, poniewa\u017c obl\u0119\u017conym sko\u0144czy\u0142y si\u0119 zapasy \u017cywno\u015bci. Do dzisiaj zachowa\u0142y si\u0119 wie\u017ce zamku razem z murami i dwie pot\u0119\u017cne bramy. Na zwiedzaj\u0105cych czeka tak\u017ce wie\u017ca zwana <strong>Wi\u0119zieniem Maur\u00f3w<\/strong>, pod kt\u00f3r\u0105 znajduj\u0119 si\u0119 jaskinia <em>Sant Antoni<\/em>, pozosta\u0142o\u015b\u0107 po dawnych pustelnikach z XVII wieku.<\/p>\n<h3 style=\"text-align: justify;\">4. Wodospady Salt des Freu<\/h3>\n<p><img loading=\"lazy\" decoding=\"async\" class=\"alignnone size-full wp-image-3279\" src=\"https:\/\/tui-blog.azurewebsites.net\/wp-content\/uploads\/2018\/12\/5-2.jpg\" alt=\"\" width=\"640\" height=\"420\" title=\"\" srcset=\"https:\/\/www.tui.pl\/blog\/wp-content\/uploads\/2018\/12\/5-2.jpg 640w, https:\/\/www.tui.pl\/blog\/wp-content\/uploads\/2018\/12\/5-2-600x394.jpg 600w, https:\/\/www.tui.pl\/blog\/wp-content\/uploads\/2018\/12\/5-2-585x384.jpg 585w\" sizes=\"auto, (max-width: 640px) 100vw, 640px\" \/><\/p>\n<p style=\"text-align: justify;\">G\u00f3ry <strong>Tramuntana<\/strong> kryj\u0105 w sobie niezwyk\u0142y skarb jakim s\u0105 naturalne wodospady Salt des Freu. Ukryte przed wzrokiem, ulokowane s\u0105 w odleg\u0142o\u015bci ok. 1,5 km od wioski <strong>Orient<\/strong> i aby si\u0119 do nich dosta\u0107, nale\u017cy uda\u0107 si\u0119 w\u0105sk\u0105 \u015bcie\u017ck\u0105 w g\u0142\u0105b lasu. W trakcie spaceru, mamy mo\u017cliwo\u015b\u0107 zobaczy\u0107 ruiny dawnej architektury wiejskiej. Salt des Freu sk\u0142adaj\u0105 si\u0119 z dw\u00f3ch wodospad\u00f3w o wielko\u015bci 10 metr\u00f3w i kilku pomniejszych. Warto doda\u0107, \u017ce na turyst\u00f3w czeka mo\u017cliwo\u015b\u0107 k\u0105pieli w szmaragdowych wodach Salt des Freu. Latem wodospady wysychaj\u0105.<\/p>\n<h3 style=\"text-align: justify;\">5. Banyalbufar<\/h3>\n<p><img loading=\"lazy\" decoding=\"async\" class=\"alignnone size-full wp-image-3280\" src=\"https:\/\/tui-blog.azurewebsites.net\/wp-content\/uploads\/2018\/12\/6-2.jpg\" alt=\"\" width=\"640\" height=\"420\" title=\"\" srcset=\"https:\/\/www.tui.pl\/blog\/wp-content\/uploads\/2018\/12\/6-2.jpg 640w, https:\/\/www.tui.pl\/blog\/wp-content\/uploads\/2018\/12\/6-2-600x394.jpg 600w, https:\/\/www.tui.pl\/blog\/wp-content\/uploads\/2018\/12\/6-2-585x384.jpg 585w\" sizes=\"auto, (max-width: 640px) 100vw, 640px\" \/><\/p>\n<p style=\"text-align: justify;\">Na koniec co\u015b dla wielbicieli <strong>wina<\/strong>. Banyalbufar to przepi\u0119kna i malownicza miejscowo\u015b\u0107, kt\u00f3ra s\u0142ynie z produkcji wina. Znale\u017a\u0107 tutaj mo\u017cna \u015bliczne domy u\u0142o\u017cone na zboczach g\u00f3ry, port rybacki i wiele pla\u017c. Najs\u0142ynniejsze wino w Banyalbufar produkuje si\u0119 z winogron z odmiany <strong>Malvasia<\/strong>. Tutaj te\u017c mo\u017cemy zobaczy\u0107 zabytkow\u0105 wie\u017c\u0119 zwan\u0105 <strong>Torre de Ses \u00c0nimes<\/strong>, kt\u00f3ra w dawnych czasach chroni\u0142a wybrze\u017ce przed piratami.<\/p>\n<p style=\"text-align: justify;\">Wakacje na Majorce &#8211; <a href=\"https:\/\/www.tui.pl\/wypoczynek\/hiszpania\/majorka\/oferty-hotele?utm_source=blog-autor-adrian-dubaniewicz&amp;utm_medium=adrian-dubaniewicz&amp;utm_campaign=wpis-na-blogu\" target=\"_blank\" rel=\"noopener noreferrer\">sprawd\u017a tutaj<\/a>.<\/p>\n","protected":false},"excerpt":{"rendered":"<p>Majorka to przepi\u0119kna i malownicza wyspa, kt\u00f3r\u0105 wyr\u00f3\u017cnia doskona\u0142y klimat i niezapomniana atmosfera. Kr\u00f3tki lot na wysp\u0119 wynosz\u0105cy zaledwie 3 godziny, sprawia \u017ce jest to idealne miejsce dla rodzin z&hellip;<\/p>\n","protected":false},"author":48,"featured_media":3281,"comment_status":"open","ping_status":"closed","sticky":false,"template":"","format":"standard","meta":{"_lmt_disableupdate":"","_lmt_disable":"","footnotes":""},"categories":[182,9,12,22],"tags":[],"class_list":["post-3285","post","type-post","status-publish","format-standard","has-post-thumbnail","hentry","category-podroze","category-europa","category-hiszpania","category-majorka"],"home_img_url":"https:\/\/www.tui.pl\/blog\/wp-content\/uploads\/2018\/12\/1_wyrozniajace-585x390.jpg","home_img_alt":"","_links":{"self":[{"href":"https:\/\/www.tui.pl\/blog\/wp-json\/wp\/v2\/posts\/3285","targetHints":{"allow":["GET"]}}],"collection":[{"href":"https:\/\/www.tui.pl\/blog\/wp-json\/wp\/v2\/posts"}],"about":[{"href":"https:\/\/www.tui.pl\/blog\/wp-json\/wp\/v2\/types\/post"}],"author":[{"embeddable":true,"href":"https:\/\/www.tui.pl\/blog\/wp-json\/wp\/v2\/users\/48"}],"replies":[{"embeddable":true,"href":"https:\/\/www.tui.pl\/blog\/wp-json\/wp\/v2\/comments?post=3285"}],"version-history":[{"count":4,"href":"https:\/\/www.tui.pl\/blog\/wp-json\/wp\/v2\/posts\/3285\/revisions"}],"predecessor-version":[{"id":3831,"href":"https:\/\/www.tui.pl\/blog\/wp-json\/wp\/v2\/posts\/3285\/revisions\/3831"}],"wp:featuredmedia":[{"embeddable":true,"href":"https:\/\/www.tui.pl\/blog\/wp-json\/wp\/v2\/media\/3281"}],"wp:attachment":[{"href":"https:\/\/www.tui.pl\/blog\/wp-json\/wp\/v2\/media?parent=3285"}],"wp:term":[{"taxonomy":"category","embeddable":true,"href":"https:\/\/www.tui.pl\/blog\/wp-json\/wp\/v2\/categories?post=3285"},{"taxonomy":"post_tag","embeddable":true,"href":"https:\/\/www.tui.pl\/blog\/wp-json\/wp\/v2\/tags?post=3285"}],"curies":[{"name":"wp","href":"https:\/\/api.w.org\/{rel}","templated":true}]}}