{"id":3168,"date":"2018-11-16T15:52:58","date_gmt":"2018-11-16T14:52:58","guid":{"rendered":"https:\/\/tui-blog.azurewebsites.net\/?p=3168"},"modified":"2024-05-20T15:21:03","modified_gmt":"2024-05-20T13:21:03","slug":"teneryfa-wyspa-dla-kazdego","status":"publish","type":"post","link":"https:\/\/www.tui.pl\/blog\/teneryfa-wyspa-dla-kazdego\/","title":{"rendered":"Teneryfa &#8211; wyspa dla ka\u017cdego"},"content":{"rendered":"\n<p style=\"text-align: justify;\"><strong>\u201eTyle wycieczek, tyle destynacji, tyle do zobaczenia. \u015awiat jest ogromny! Co tu wybra\u0107 na urlop.\u201d Te my\u015bli pierwsze przysz\u0142y mi do g\u0142owy, kiedy zacz\u0105\u0142em planowa\u0107 wyjazd na urlop. W dywagacjach pojawi\u0142a si\u0119 Tajlandia, Sri lanka czy Dominikana. Nie wiedzia\u0142em, na co si\u0119 zdecydowa\u0107, gdy nagle pojawi\u0142a si\u0119 ciekawa oferta z Teneryf\u0105. Mimo \u017ce w og\u00f3le nie bra\u0142em jej pod uwag\u0119 postanowi\u0142em zaryzykowa\u0107. To by\u0142 strza\u0142 w dziesi\u0105tk\u0119.\r\n<\/strong><\/p>\r\n<p style=\"text-align: justify;\"><!--more--><\/p>\r\n<p style=\"text-align: justify;\"><a href=\"https:\/\/www.tui.pl\/wypoczynek\/wyspy-kanaryjskie\/teneryfa?utm_source=blog-autor-adrian-dubaniewicz&amp;utm_medium=adrian-dubaniewicz&amp;utm_campaign=wpis-na-blogu\">Teneryfa <\/a>to miejsce dla ka\u017cdego. Raj znajd\u0105 tutaj zar\u00f3wno poszukuj\u0105cy spokoju i malowniczych miejsc, jak i ludzie chc\u0105cy poimprezowa\u0107 i aktywnie sp\u0119dzi\u0107 czas uprawiaj\u0105c na przyk\u0142ad sporty wodne. Na Teneryfie by\u0142em siedem dni i uwa\u017cam to za optymalny wymiar czasu. Warto zacz\u0105\u0107 od tego, \u017ce ta jedna z najs\u0142ynniejszych <a href=\"https:\/\/www.tui.pl\/wypoczynek\/wyspy-kanaryjskie?utm_source=blog-autor-adrian-dubaniewicz&amp;utm_medium=adrian-dubaniewicz&amp;utm_campaign=wpis-na-blogu\">Wysp Kanaryjskich<\/a>, nie jest du\u017ca. Wraz ze znajomymi wynaj\u0119li\u015bmy samoch\u00f3d i by\u0142 to doskona\u0142y pomys\u0142. Dzi\u0119ki temu zwiedzili\u015bmy najwa\u017cniejsze miejsca i nie musieli\u015bmy by\u0107 zale\u017cni od innych. Zwiedzanie zaj\u0119\u0142o nam ok. 4 dni. Reszt\u0119 czasu mogli\u015bmy przeznaczy\u0107 na relaks nad przepi\u0119knym i orze\u017awiaj\u0105cym oceanem.<\/p>\r\n<p style=\"text-align: justify;\">\n\n\n<\/p>\n<p style=\"text-align: justify;\">\n\n\n<figure class=\"wp-block-image\" style=\"text-align: justify;\"><img loading=\"lazy\" decoding=\"async\" width=\"1060\" height=\"708\" class=\"wp-image-3183\" src=\"https:\/\/tui-blog.azurewebsites.net\/wp-content\/uploads\/2018\/11\/shutterstock_296090726-1.jpg\" alt=\"\" title=\"\" srcset=\"https:\/\/www.tui.pl\/blog\/wp-content\/uploads\/2018\/11\/shutterstock_296090726-1.jpg 1060w, https:\/\/www.tui.pl\/blog\/wp-content\/uploads\/2018\/11\/shutterstock_296090726-1-600x401.jpg 600w, https:\/\/www.tui.pl\/blog\/wp-content\/uploads\/2018\/11\/shutterstock_296090726-1-1024x684.jpg 1024w, https:\/\/www.tui.pl\/blog\/wp-content\/uploads\/2018\/11\/shutterstock_296090726-1-768x513.jpg 768w, https:\/\/www.tui.pl\/blog\/wp-content\/uploads\/2018\/11\/shutterstock_296090726-1-585x391.jpg 585w, https:\/\/www.tui.pl\/blog\/wp-content\/uploads\/2018\/11\/shutterstock_296090726-1-263x175.jpg 263w\" sizes=\"auto, (max-width: 1060px) 100vw, 1060px\" \/><\/figure>\r\n<\/p><p style=\"text-align: justify;\">\n\n\n<\/p>\n<p style=\"text-align: justify;\">\n\n\n<\/p><p style=\"text-align: justify;\">Zwiedzanie <a href=\"https:\/\/www.tui.pl\/wypoczynek\/wyspy-kanaryjskie\/teneryfa\/oferty-lato-first-minute?utm_source=blog-autor-adrian-dubaniewicz&amp;utm_medium=adrian-dubaniewicz&amp;utm_campaign=wpis-na-blogu\">Teneryfy <\/a>rozpocz\u0119li\u015bmy od nadmorskiej miejscowo\u015bci Los Gigantes po\u0142o\u017conej na zachodzie wyspy. Nazwa miasteczka wzi\u0119\u0142a si\u0119 od pobliskich Acantilados de los Gigantes \u2013 klif\u00f3w olbrzym\u00f3w, kt\u00f3rych wysoko\u015b\u0107 si\u0119ga od 300 do 600 metr\u00f3w. Klify mo\u017cna podziwia\u0107 z punktu widokowego, naprawd\u0119 robi\u0105 wra\u017cenie. Nast\u0119pnie udali\u015bmy si\u0119 do miejscowo\u015bci Masca le\u017c\u0105cej na wysoko\u015bci 600 m n.p.m.<\/p>\r\n<p style=\"text-align: justify;\">\n\n\n<\/p>\n<p style=\"text-align: justify;\">\n\n\n<figure class=\"wp-block-image\" style=\"text-align: justify;\"><img loading=\"lazy\" decoding=\"async\" width=\"1404\" height=\"936\" class=\"wp-image-3181 aligncenter\" src=\"https:\/\/tui-blog.azurewebsites.net\/wp-content\/uploads\/2018\/11\/shutterstock_1074876491-1.jpg\" alt=\"\" title=\"\" srcset=\"https:\/\/www.tui.pl\/blog\/wp-content\/uploads\/2018\/11\/shutterstock_1074876491-1.jpg 1404w, https:\/\/www.tui.pl\/blog\/wp-content\/uploads\/2018\/11\/shutterstock_1074876491-1-600x400.jpg 600w, https:\/\/www.tui.pl\/blog\/wp-content\/uploads\/2018\/11\/shutterstock_1074876491-1-1024x683.jpg 1024w, https:\/\/www.tui.pl\/blog\/wp-content\/uploads\/2018\/11\/shutterstock_1074876491-1-768x512.jpg 768w, https:\/\/www.tui.pl\/blog\/wp-content\/uploads\/2018\/11\/shutterstock_1074876491-1-1170x780.jpg 1170w, https:\/\/www.tui.pl\/blog\/wp-content\/uploads\/2018\/11\/shutterstock_1074876491-1-585x390.jpg 585w, https:\/\/www.tui.pl\/blog\/wp-content\/uploads\/2018\/11\/shutterstock_1074876491-1-263x175.jpg 263w\" sizes=\"auto, (max-width: 1404px) 100vw, 1404px\" \/><\/figure>\r\n<\/p><p style=\"text-align: justify;\">\n\n\n<\/p>\n<p style=\"text-align: justify;\">\n\n\n<\/p><p style=\"text-align: justify;\">Do wsi Masca wiedzie w\u0105ska stroma droga co stanowi nie lada wyzwanie dla kierowc\u00f3w. Pocz\u0105tkuj\u0105cym kierowcom odradzam podr\u00f3\u017c samochodem, bo \u0142atwo o wypadek lub starcie hamulc\u00f3w. Masca jest spokojnym miejscem, z typow\u0105 dla regionu architektur\u0105.<\/p>\r\n<p style=\"text-align: justify;\">\n\n\n<\/p>\n<p style=\"text-align: justify;\">\n\n\n<figure class=\"wp-block-image\" style=\"text-align: justify;\"><img loading=\"lazy\" decoding=\"async\" width=\"1472\" height=\"983\" class=\"wp-image-3180\" src=\"https:\/\/tui-blog.azurewebsites.net\/wp-content\/uploads\/2018\/11\/shutterstock_1034657383-1.jpg\" alt=\"\" title=\"\" srcset=\"https:\/\/www.tui.pl\/blog\/wp-content\/uploads\/2018\/11\/shutterstock_1034657383-1.jpg 1472w, https:\/\/www.tui.pl\/blog\/wp-content\/uploads\/2018\/11\/shutterstock_1034657383-1-600x401.jpg 600w, https:\/\/www.tui.pl\/blog\/wp-content\/uploads\/2018\/11\/shutterstock_1034657383-1-1024x684.jpg 1024w, https:\/\/www.tui.pl\/blog\/wp-content\/uploads\/2018\/11\/shutterstock_1034657383-1-768x513.jpg 768w, https:\/\/www.tui.pl\/blog\/wp-content\/uploads\/2018\/11\/shutterstock_1034657383-1-1170x781.jpg 1170w, https:\/\/www.tui.pl\/blog\/wp-content\/uploads\/2018\/11\/shutterstock_1034657383-1-585x391.jpg 585w, https:\/\/www.tui.pl\/blog\/wp-content\/uploads\/2018\/11\/shutterstock_1034657383-1-263x175.jpg 263w\" sizes=\"auto, (max-width: 1472px) 100vw, 1472px\" \/><figcaption>W\u0105sko!<\/figcaption><\/figure>\r\n<\/p><p style=\"text-align: justify;\">\n\n\n<\/p>\n<p style=\"text-align: justify;\">\n\n\n<\/p><p style=\"text-align: justify;\">Wioska jest licznie odwiedzane przez turyst\u00f3w, stanowi te\u017c punkt w\u0119dr\u00f3wek trekkingowych. Tutaj to przy popo\u0142udniowej herbacie, siedz\u0105c w kawiarni ogl\u0105dali\u015bmy dalsz\u0105 cz\u0119\u015b\u0107 klif\u00f3w Los Gigantes. W kolejnej cz\u0119\u015bci podr\u00f3\u017cy objechali\u015bmy dooko\u0142a ca\u0142\u0105 wysp\u0119, zatrzymuj\u0105c si\u0119 w p\u00f3\u0142nocnych nieturystycznych miastach, gdzie mieli\u015bmy przyjemno\u015b\u0107 obserwacji codziennego \u017cycia Kanaryjczyk\u00f3w.<\/p>\r\n<p style=\"text-align: justify;\">\n\n\n<\/p>\n<p style=\"text-align: justify;\">\n\n\n<figure class=\"wp-block-image\" style=\"text-align: justify;\"><img loading=\"lazy\" decoding=\"async\" width=\"920\" height=\"614\" class=\"wp-image-3178\" src=\"https:\/\/tui-blog.azurewebsites.net\/wp-content\/uploads\/2018\/11\/shutterstock_518101570-1.jpg\" alt=\"\" title=\"\" srcset=\"https:\/\/www.tui.pl\/blog\/wp-content\/uploads\/2018\/11\/shutterstock_518101570-1.jpg 920w, https:\/\/www.tui.pl\/blog\/wp-content\/uploads\/2018\/11\/shutterstock_518101570-1-600x400.jpg 600w, https:\/\/www.tui.pl\/blog\/wp-content\/uploads\/2018\/11\/shutterstock_518101570-1-768x513.jpg 768w, https:\/\/www.tui.pl\/blog\/wp-content\/uploads\/2018\/11\/shutterstock_518101570-1-585x390.jpg 585w, https:\/\/www.tui.pl\/blog\/wp-content\/uploads\/2018\/11\/shutterstock_518101570-1-263x175.jpg 263w\" sizes=\"auto, (max-width: 920px) 100vw, 920px\" \/><\/figure>\r\n<\/p><p style=\"text-align: justify;\">\n\n\n<\/p>\n<p style=\"text-align: justify;\">\n\n\n<\/p><p style=\"text-align: justify;\">Ostatni dzie\u0144 wyprawy samochodowej wykorzystali\u015bmy na to, aby wjecha\u0107 na aktywny wulkan Pico del Teide. Musz\u0119 przyzna\u0107, \u017ce by\u0142o to niesamowite prze\u017cycie zacz\u0105\u0107 tu\u017c przy oceanie i wjecha\u0107 blisko 2,4 km pod g\u00f3r\u0119. Daje to mo\u017cliwo\u015b\u0107 obserwacji przyrody, od teren\u00f3w pustynnych, po lasy sosnowe, trawy i ro\u015blinno\u015b\u0107 wysokog\u00f3rsk\u0105, co sk\u0142ada si\u0119 na typowy dla <a href=\"https:\/\/www.tui.pl\/wypoczynek\/wyspy-kanaryjskie\/teneryfa\/oferty-lato-first-minute?utm_source=blog-autor-adrian-dubaniewicz&amp;utm_medium=adrian-dubaniewicz&amp;utm_campaign=wpis-na-blogu\">Teneryfy <\/a>r\u00f3\u017cnorodny krajobraz. A widok z wulkanu Pico del Teide zapiera dech w piersiach!<\/p>\r\n<p style=\"text-align: justify;\">\n\n\n<\/p>\n<p style=\"text-align: justify;\">\n\n\n<figure class=\"wp-block-image\" style=\"text-align: justify;\"><img loading=\"lazy\" decoding=\"async\" width=\"1423\" height=\"826\" class=\"wp-image-3182\" src=\"https:\/\/tui-blog.azurewebsites.net\/wp-content\/uploads\/2018\/11\/shutterstock_1111927790-1.jpg\" alt=\"\" title=\"\" srcset=\"https:\/\/www.tui.pl\/blog\/wp-content\/uploads\/2018\/11\/shutterstock_1111927790-1.jpg 1423w, https:\/\/www.tui.pl\/blog\/wp-content\/uploads\/2018\/11\/shutterstock_1111927790-1-600x348.jpg 600w, https:\/\/www.tui.pl\/blog\/wp-content\/uploads\/2018\/11\/shutterstock_1111927790-1-1024x594.jpg 1024w, https:\/\/www.tui.pl\/blog\/wp-content\/uploads\/2018\/11\/shutterstock_1111927790-1-768x446.jpg 768w, https:\/\/www.tui.pl\/blog\/wp-content\/uploads\/2018\/11\/shutterstock_1111927790-1-1170x679.jpg 1170w, https:\/\/www.tui.pl\/blog\/wp-content\/uploads\/2018\/11\/shutterstock_1111927790-1-585x340.jpg 585w\" sizes=\"auto, (max-width: 1423px) 100vw, 1423px\" \/><\/figure>\r\n<\/p><p style=\"text-align: justify;\">\n\n\n<\/p>\n<p style=\"text-align: justify;\">\n\n\n<\/p><p style=\"text-align: justify;\">Po tych wszystkich atrakcjach odwiedzili\u015bmy<a href=\"https:\/\/www.tui.pl\/wypoczynek\/wyspy-kanaryjskie\/teneryfa\/tigotan-playa-de-las-amricas-tfs38007\">Playa de las Am\u00e9ricas<\/a>, czyli rozrywkowe centrum ca\u0142ej Teneryfy. W tym mie\u015bcie po\u0142o\u017conym na po\u0142udniu impreza trwa ca\u0142y dzie\u0144! Amatorzy zabaw czy ta\u0144ca, wspaniale sp\u0119dz\u0105 tutaj czas. W swoim wpisie nie wspominam o takich miejscach jak Siam Park czy Loro Park, bo s\u0105 to miejsca, kt\u00f3re koniecznie trzeba zobaczy\u0107, a tym samym s\u0105 tak mocno promowane na Teneryfie, \u017ce trudne je pomin\u0105\u0107.<\/p>\r\n<p style=\"text-align: justify;\">\n\n\n<\/p>\n<p style=\"text-align: justify;\">\n<\/p><p style=\"text-align: justify;\">Teneryfa to miejsce, w kt\u00f3rym ka\u017cdy znajdzie sw\u00f3j zak\u0105tek. Sprawd\u017a nasz\u0105 ofert\u0119 wycieczek na Teneryf\u0119: <a href=\"https:\/\/www.tui.pl\/wypoczynek\/wyspy-kanaryjskie\/teneryfa\/oferty-lato-first-minute?q=%3Aprice%3AbyPlane%3AT%3AadditionalType%3AGT03%2523TUZ-S23%3AadditionalType%3AGT03%2523TUZ-FIRSTS%3AdF%3A6%3AdT%3A15%3ActAdult%3A2%3ActChild%3A0%3Ac%3ATFS%3AminHotelCategory%3AdefaultHotelCategory%3AtripAdvisorRating%3AdefaultTripAdvisorRating%3Abeach_distance%3AdefaultBeachDistance%3AtripType%3AWS&amp;fullPrice=false\">Lato First Minute Teneryfa<\/a><\/p>","protected":false},"excerpt":{"rendered":"<p>\u201eTyle wycieczek, tyle destynacji, tyle do zobaczenia. \u015awiat jest ogromny! Co tu wybra\u0107 na urlop.\u201d Te my\u015bli pierwsze przysz\u0142y mi do g\u0142owy, kiedy zacz\u0105\u0142em planowa\u0107 wyjazd na urlop. W dywagacjach&hellip;<\/p>\n","protected":false},"author":48,"featured_media":3172,"comment_status":"open","ping_status":"closed","sticky":false,"template":"","format":"standard","meta":{"_lmt_disableupdate":"","_lmt_disable":"","footnotes":""},"categories":[9,182,68,48],"tags":[],"class_list":["post-3168","post","type-post","status-publish","format-standard","has-post-thumbnail","hentry","category-europa","category-podroze","category-teneryfa","category-wyspy-kanaryjskie"],"home_img_url":"https:\/\/www.tui.pl\/blog\/wp-content\/uploads\/2018\/11\/shutterstock_679333912-585x390.jpg","home_img_alt":"","_links":{"self":[{"href":"https:\/\/www.tui.pl\/blog\/wp-json\/wp\/v2\/posts\/3168","targetHints":{"allow":["GET"]}}],"collection":[{"href":"https:\/\/www.tui.pl\/blog\/wp-json\/wp\/v2\/posts"}],"about":[{"href":"https:\/\/www.tui.pl\/blog\/wp-json\/wp\/v2\/types\/post"}],"author":[{"embeddable":true,"href":"https:\/\/www.tui.pl\/blog\/wp-json\/wp\/v2\/users\/48"}],"replies":[{"embeddable":true,"href":"https:\/\/www.tui.pl\/blog\/wp-json\/wp\/v2\/comments?post=3168"}],"version-history":[{"count":10,"href":"https:\/\/www.tui.pl\/blog\/wp-json\/wp\/v2\/posts\/3168\/revisions"}],"predecessor-version":[{"id":7013,"href":"https:\/\/www.tui.pl\/blog\/wp-json\/wp\/v2\/posts\/3168\/revisions\/7013"}],"wp:featuredmedia":[{"embeddable":true,"href":"https:\/\/www.tui.pl\/blog\/wp-json\/wp\/v2\/media\/3172"}],"wp:attachment":[{"href":"https:\/\/www.tui.pl\/blog\/wp-json\/wp\/v2\/media?parent=3168"}],"wp:term":[{"taxonomy":"category","embeddable":true,"href":"https:\/\/www.tui.pl\/blog\/wp-json\/wp\/v2\/categories?post=3168"},{"taxonomy":"post_tag","embeddable":true,"href":"https:\/\/www.tui.pl\/blog\/wp-json\/wp\/v2\/tags?post=3168"}],"curies":[{"name":"wp","href":"https:\/\/api.w.org\/{rel}","templated":true}]}}