{"id":3057,"date":"2023-08-17T15:04:28","date_gmt":"2023-08-17T13:04:28","guid":{"rendered":"https:\/\/tui-blog.azurewebsites.net\/?p=3057"},"modified":"2024-02-22T12:55:18","modified_gmt":"2024-02-22T11:55:18","slug":"mapa-madery-pomysly-wycieczki-czasie-wakacji","status":"publish","type":"post","link":"https:\/\/www.tui.pl\/blog\/mapa-madery-pomysly-wycieczki-czasie-wakacji\/","title":{"rendered":"Mapa Madery \u2013 pomys\u0142y na wycieczki w czasie wakacji"},"content":{"rendered":"\n<p>Ta pi\u0119kna portugalska wyspa oferuje niepowtarzaln\u0105 faun\u0119 i flor\u0119 oraz przyjemn\u0105 pogod\u0119 przez ca\u0142y rok \u2013 temperatura latem wynosi ok. 25\u00b0C i 17\u00b0C zim\u0105, przy umiarkowanej wilgotno\u015bci powietrza.&nbsp;<a href=\"https:\/\/www.tui.pl\/wypoczynek\/portugalia\/madera\">Madera<\/a>&nbsp;jest znana z niesamowitych widok\u00f3w, g\u0119stych las\u00f3w, pokrytych bujn\u0105 zieleni\u0105 g\u00f3r wulkanicznych, barwnych ogrod\u00f3w kwiatowych, wyj\u0105tkowego smaku mango i nurkowania w b\u0142\u0119kicie Atlantyku.&nbsp;Wyspa zosta\u0142a uhonorowana tytu\u0142em najprzyja\u017aniejszej dla turyst\u00f3w wyspy na \u015bwiecie \u201eBest Island Tourist Destination in the World\u201d dwukrotnie: w latach 2015 oraz 2016.&nbsp; Zapewnia idealn\u0105 przestrze\u0144 na ekscytuj\u0105ce wycieczki, bez wzgl\u0119du na to, w kt\u00f3rym miejscu na Maderze dok\u0142adnie si\u0119 znajdujesz. Warto zastanowi\u0107 si\u0119 nad wypo\u017cyczeniem samochodu w dobrej cenie z TUI Cars, by stworzy\u0107 sw\u00f3j w\u0142asny plan podr\u00f3\u017cy i cieszy\u0107 si\u0119 atrakcjami wyspy. Poni\u017cej przedstawiamy pomys\u0142y na ciekawe wycieczki do ciesz\u0105cych si\u0119 du\u017c\u0105 popularno\u015bci\u0105 pi\u0119knych lokalizacji wyspy.<\/p>\n\n\n\n<figure class=\"wp-block-image size-large\"><img loading=\"lazy\" decoding=\"async\" width=\"1024\" height=\"634\" src=\"https:\/\/www.tui.pl\/blog\/wp-content\/uploads\/2023\/08\/mapka-Madera-002-1024x634.jpg\" alt=\"\" class=\"wp-image-6512\" title=\"\" srcset=\"https:\/\/www.tui.pl\/blog\/wp-content\/uploads\/2023\/08\/mapka-Madera-002-1024x634.jpg 1024w, https:\/\/www.tui.pl\/blog\/wp-content\/uploads\/2023\/08\/mapka-Madera-002-600x372.jpg 600w, https:\/\/www.tui.pl\/blog\/wp-content\/uploads\/2023\/08\/mapka-Madera-002-768x476.jpg 768w, https:\/\/www.tui.pl\/blog\/wp-content\/uploads\/2023\/08\/mapka-Madera-002-1170x724.jpg 1170w, https:\/\/www.tui.pl\/blog\/wp-content\/uploads\/2023\/08\/mapka-Madera-002-585x362.jpg 585w, https:\/\/www.tui.pl\/blog\/wp-content\/uploads\/2023\/08\/mapka-Madera-002.jpg 1200w\" sizes=\"auto, (max-width: 1024px) 100vw, 1024px\" \/><\/figure>\n\n\n\n<h2 class=\"wp-block-heading\">Po\u0142udniowe wybrze\u017ce<\/h2>\n\n\n\n<p>W pobli\u017cu po\u0142udniowego wybrze\u017ca&nbsp;<a href=\"https:\/\/www.tui.pl\/wypoczynek\/portugalia\/madera\/oferty-lato-first-minute\">Madery<\/a>&nbsp;znajduje si\u0119 wiele atrakcji, szczeg\u00f3lnie polecane przez nas to kolejka linowa w Funchal, dawna wioska rybacka C\u00e2mara&nbsp;de Lobos, punkt widokowy na Cabo Gir\u00e3o, miasto Calheta i pla\u017ca Calheta.<\/p>\n\n\n\n<h2 class=\"wp-block-heading\">Kolejka linowa w Funchal<\/h2>\n\n\n\n<p>Z centrum Funchal mo\u017cna dotrze\u0107 do Monte kolejk\u0105 linow\u0105 w ci\u0105gu ok. 15 minut, syc\u0105c oczy wspania\u0142ymi widokami nie tylko na miasto, ale tak\u017ce na otaczaj\u0105ce je pasma g\u00f3rskie. Stacja w Funchal znajduje si\u0119 w Campo Almirante Reis, a w Monte \u2013 w Largo das Babosas. B\u0119d\u0105c w Monte, warto odwiedzi\u0107 wspania\u0142y ogr\u00f3d tropikalny. Drog\u0119 powrotn\u0105 mo\u017cna odby\u0107 albo kolejk\u0105 linow\u0105, albo wiklinowym toboganem do Livramento. Ten jedyny w swoim rodzaju, prowadzony przez dw\u00f3ch carreiros pojazd ma histori\u0119 wywodz\u0105c\u0105 si\u0119 z 1850 roku, a przeja\u017cd\u017cka nim to niezapomniana frajda z odrobin\u0105 adrenaliny.<\/p>\n\n\n\n<figure class=\"wp-block-image size-full\"><img loading=\"lazy\" decoding=\"async\" width=\"760\" height=\"507\" src=\"https:\/\/www.tui.pl\/blog\/wp-content\/uploads\/2023\/08\/Kolejka-linowa-w-Funchal.png\" alt=\"\" class=\"wp-image-6524\" title=\"\" srcset=\"https:\/\/www.tui.pl\/blog\/wp-content\/uploads\/2023\/08\/Kolejka-linowa-w-Funchal.png 760w, https:\/\/www.tui.pl\/blog\/wp-content\/uploads\/2023\/08\/Kolejka-linowa-w-Funchal-600x400.png 600w, https:\/\/www.tui.pl\/blog\/wp-content\/uploads\/2023\/08\/Kolejka-linowa-w-Funchal-585x390.png 585w, https:\/\/www.tui.pl\/blog\/wp-content\/uploads\/2023\/08\/Kolejka-linowa-w-Funchal-263x175.png 263w\" sizes=\"auto, (max-width: 760px) 100vw, 760px\" \/><\/figure>\n\n\n\n<h2 class=\"wp-block-heading\">Dawna wioska rybacka C\u00e2mara de Lobos<\/h2>\n\n\n\n<p>Warto zrobi\u0107 spacer przez centrum C\u00e2mara de Lobos. Widok na zatok\u0119, z zacumowanymi \u0142odziami rybackimi w Lago do Po\u00e7o tak zachwyci\u0142 sir Winstona Churchilla, \u017ce namalowa\u0142 on \u00f3w krajobraz podczas swojej wizyty na Maderze w 1950 roku. W licznych barach i restauracjach mo\u017cna skosztowa\u0107 typowych miejscowych napoj\u00f3w, na przyk\u0142ad poncha, a tak\u017ce zje\u015b\u0107 \u015bwie\u017co z\u0142owion\u0105 ryb\u0119. Pobliska promenada prowadzi na pla\u017c\u0119 Formosa w Funchal. Gdy mowa o maderskim winie, nale\u017cy koniecznie wspomnie\u0107 o uprawach winoro\u015bli w parafii Estreito de C\u00e2mara de Lobos, kt\u00f3rej winnice upi\u0119kszaj\u0105 krajobraz, zmieniaj\u0105cy sw\u00f3j charakter z sezonu na sezon. Typowym daniem regionalnym jest szasz\u0142yk wo\u0142owy, kt\u00f3rego przepis powsta\u0142 w\u0142a\u015bnie tutaj w latach pi\u0119\u0107dziesi\u0105tych ubieg\u0142ego stulecia.<\/p>\n\n\n\n<figure class=\"wp-block-image size-large\"><img loading=\"lazy\" decoding=\"async\" width=\"1024\" height=\"590\" src=\"https:\/\/www.tui.pl\/blog\/wp-content\/uploads\/2023\/08\/shutterstock_1115016398sm-1024x590.jpg\" alt=\"\" class=\"wp-image-6514\" title=\"\" srcset=\"https:\/\/www.tui.pl\/blog\/wp-content\/uploads\/2023\/08\/shutterstock_1115016398sm-1024x590.jpg 1024w, https:\/\/www.tui.pl\/blog\/wp-content\/uploads\/2023\/08\/shutterstock_1115016398sm-600x346.jpg 600w, https:\/\/www.tui.pl\/blog\/wp-content\/uploads\/2023\/08\/shutterstock_1115016398sm-768x442.jpg 768w, https:\/\/www.tui.pl\/blog\/wp-content\/uploads\/2023\/08\/shutterstock_1115016398sm-1170x674.jpg 1170w, https:\/\/www.tui.pl\/blog\/wp-content\/uploads\/2023\/08\/shutterstock_1115016398sm-585x337.jpg 585w, https:\/\/www.tui.pl\/blog\/wp-content\/uploads\/2023\/08\/shutterstock_1115016398sm.jpg 1200w\" sizes=\"auto, (max-width: 1024px) 100vw, 1024px\" \/><\/figure>\n\n\n\n<h2 class=\"wp-block-heading\">Punkt widokowy na Cabo Gir\u00e3o<\/h2>\n\n\n\n<p>Cabo Gir\u00e3o&nbsp;to najwy\u017cszy klif Europy (580 m) \u2013 nic wi\u0119c dziwnego, \u017ce stworzono tam niezwyk\u0142y punkt widokowy na zawieszonej, szklanej platformie zwanej \u201espacerem po niebie\u201d. Mo\u017cna z niej podziwia\u0107 zar\u00f3wno Rancho i Cabo Gir\u00e3o&nbsp;fajas \u2013 ma\u0142e obszary uprawne tu\u017c pod klifem \u2013 jak i obszary nale\u017c\u0105ce do gmin C\u00e2mara&nbsp;de Lobos i Funchal, ale przede wszystkim bezkresny ocean. Jedn\u0105 z oferowanych przez TUI wycieczek fakultatywnych na Maderze jest rejs katamaranem pod klify Cabo Gir\u00e3o. Krajobrazy wzd\u0142u\u017c linii brzegowe a przede wszystkim klify z perspektywy komfortowego katamaranu prezentuj\u0105 si\u0119 spektakularnie. Wi\u0119cej informacji na temat wycieczek fakultatywnych na Maderze znajdziesz na gotui.com.<\/p>\n\n\n\n<figure class=\"wp-block-image size-full\"><img loading=\"lazy\" decoding=\"async\" width=\"1000\" height=\"654\" src=\"https:\/\/www.tui.pl\/blog\/wp-content\/uploads\/2023\/08\/Krajobraz-z-Cabo-Girao.jpg\" alt=\"\" class=\"wp-image-6515\" title=\"\" srcset=\"https:\/\/www.tui.pl\/blog\/wp-content\/uploads\/2023\/08\/Krajobraz-z-Cabo-Girao.jpg 1000w, https:\/\/www.tui.pl\/blog\/wp-content\/uploads\/2023\/08\/Krajobraz-z-Cabo-Girao-600x392.jpg 600w, https:\/\/www.tui.pl\/blog\/wp-content\/uploads\/2023\/08\/Krajobraz-z-Cabo-Girao-768x502.jpg 768w, https:\/\/www.tui.pl\/blog\/wp-content\/uploads\/2023\/08\/Krajobraz-z-Cabo-Girao-585x383.jpg 585w\" sizes=\"auto, (max-width: 1000px) 100vw, 1000px\" \/><\/figure>\n\n\n\n<h2 class=\"wp-block-heading\">Miasto Calheta i pla\u017ca Calheta<\/h2>\n\n\n\n<p>W Calhecie warto zajrze\u0107 do ogrodu miejskiego, znajduj\u0105cego si\u0119 w centrum \u2013 dominuj\u0105c\u0105 ro\u015blinno\u015bci\u0105 s\u0105 w nim draceny smocze, palisandry, palmy oraz wawrzynowce. Interesuj\u0105c\u0105 opcj\u0105 jest r\u00f3wnie\u017c spacer wzd\u0142u\u017c mariny Calheta. Mo\u017ce w niej zacumowa\u0107 trzysta \u0142odzi, marina jest dodatkowo znakomitym miejscem do uprawiania sport\u00f3w wodnych. Otwarcie niezwyk\u0142ej pla\u017cy Calheta nast\u0105pi\u0142o w 2004 i jest to pierwsza w tym regionie pla\u017ca z przywiezionym z Maroko \u017c\u00f3\u0142tym piaskiem. Le\u017cy blisko tutejszej mariny, ma d\u0142ugo\u015b\u0107 100 m, z terenem przeznaczonym do opalania o powierzchni ok. 7300 m\u00b2 i chroni\u0105cymi j\u0105 dwoma falochronami. Wst\u0119p wolny. Istnieje mo\u017cliwo\u015b\u0107 wypo\u017cyczenia le\u017cak\u00f3w i parasoli, a w okolicy mo\u017cna znale\u017a\u0107 liczne bary i restauracje, a tak\u017ce punkty us\u0142ug turystycznych. W gminie Calheta poprowadzono cztery zalecane szlaki piesze, jednym z najpopularniejszych szlak\u00f3w wyspy jest szlak Levada das 25 Fontes, gdzie jak sama nazwa wskazuje odkry\u0107 mo\u017cna 25 \u017ar\u00f3de\u0142. Skala trudno\u015bci trasy jest \u015brednia, czas przej\u015bcia to oko\u0142o 3 godziny. Po drodze znajduje si\u0119 wodospad, kt\u00f3rego wody sp\u0142ywaj\u0105 majestatycznie po ska\u0142ach.<\/p>\n\n\n\n<h2 class=\"wp-block-heading\">Zachodnie wybrze\u017ce<\/h2>\n\n\n\n<p>W pobli\u017cu zachodniego wybrze\u017ca&nbsp;<a href=\"https:\/\/www.tui.pl\/wypoczynek\/portugalia\/madera\/oferty-last-minute\">Madery<\/a>&nbsp;warte uwagi lokalizacje to naszym zdaniem Latarnia w Ponta do Pargo oraz naturalne baseny w Porto Moniz.<\/p>\n\n\n\n<h2 class=\"wp-block-heading\">Latarnia w Ponta do Pargo<\/h2>\n\n\n\n<p>Latarnia morska Ponta do Pargo, kt\u00f3rej konstrukcja si\u0119ga wstecz do roku 1922, strze\u017ce 300-metrowego klifu w Ponta da Vigia, czyli najbardziej wysuni\u0119tego na zach\u00f3d punktu Madery. W 1999 roku zosta\u0142a uznana za zabytek dziedzictwa lokalnego o warto\u015bci kulturowej, a od roku 2001 znajduje si\u0119 tu muzeum z eksponatami zwi\u0105zanymi z latarniami morskimi na Maderze. Wst\u0119p wolny.<\/p>\n\n\n\n<figure class=\"wp-block-image size-large\"><img loading=\"lazy\" decoding=\"async\" width=\"1024\" height=\"682\" src=\"https:\/\/www.tui.pl\/blog\/wp-content\/uploads\/2023\/08\/shutterstock_176990516sm-1024x682.jpg\" alt=\"\" class=\"wp-image-6517\" title=\"\" srcset=\"https:\/\/www.tui.pl\/blog\/wp-content\/uploads\/2023\/08\/shutterstock_176990516sm-1024x682.jpg 1024w, https:\/\/www.tui.pl\/blog\/wp-content\/uploads\/2023\/08\/shutterstock_176990516sm-600x400.jpg 600w, https:\/\/www.tui.pl\/blog\/wp-content\/uploads\/2023\/08\/shutterstock_176990516sm-768x511.jpg 768w, https:\/\/www.tui.pl\/blog\/wp-content\/uploads\/2023\/08\/shutterstock_176990516sm-1170x779.jpg 1170w, https:\/\/www.tui.pl\/blog\/wp-content\/uploads\/2023\/08\/shutterstock_176990516sm-585x390.jpg 585w, https:\/\/www.tui.pl\/blog\/wp-content\/uploads\/2023\/08\/shutterstock_176990516sm-263x175.jpg 263w, https:\/\/www.tui.pl\/blog\/wp-content\/uploads\/2023\/08\/shutterstock_176990516sm.jpg 1200w\" sizes=\"auto, (max-width: 1024px) 100vw, 1024px\" \/><\/figure>\n\n\n\n<h2 class=\"wp-block-heading\">Naturalne baseny w Porto Moniz<\/h2>\n\n\n\n<p>W gminie Porto Moniz znajduj\u0105 si\u0119 naturalne baseny Porto Moniz i Seixal. S\u0142onowodne baseny utworzone naturalnie przez wyrastaj\u0105ce z morza ska\u0142y wulkaniczne, s\u0105 cz\u0119\u015bci\u0105 zapieraj\u0105cego dech w piersiach widoku, a p\u0142ywanie w ich krystalicznie czystych wodach to niezapomniane prze\u017cycie. Baseny Porto Moniz oferuj\u0105 osobny basen dla dzieci, wej\u015bcie dla os\u00f3b niepe\u0142nosprawnych, przebieralnie, \u0142azienki, szafki, miejsce udzielania pierwszej pomocy, le\u017caki do opalania, parasole, a latem tak\u017ce bar przek\u0105skowy. Wst\u0119p p\u0142atny. Naturalne baseny Seixal s\u0105 otoczone wspania\u0142ym krajobrazem i mieszcz\u0105 si\u0119 w pobli\u017cu pla\u017cy Laje. Na go\u015bci czeka bar, toalety i prysznice, nie ma tu jednak ratownik\u00f3w. Wst\u0119p wolny.<\/p>\n\n\n\n<figure class=\"wp-block-image size-large\"><img loading=\"lazy\" decoding=\"async\" width=\"1024\" height=\"576\" src=\"https:\/\/www.tui.pl\/blog\/wp-content\/uploads\/2023\/08\/Porto-Moriz-lava-pool-1024x576.jpg\" alt=\"\" class=\"wp-image-6518\" title=\"\" srcset=\"https:\/\/www.tui.pl\/blog\/wp-content\/uploads\/2023\/08\/Porto-Moriz-lava-pool-1024x576.jpg 1024w, https:\/\/www.tui.pl\/blog\/wp-content\/uploads\/2023\/08\/Porto-Moriz-lava-pool-600x338.jpg 600w, https:\/\/www.tui.pl\/blog\/wp-content\/uploads\/2023\/08\/Porto-Moriz-lava-pool-768x432.jpg 768w, https:\/\/www.tui.pl\/blog\/wp-content\/uploads\/2023\/08\/Porto-Moriz-lava-pool-1170x658.jpg 1170w, https:\/\/www.tui.pl\/blog\/wp-content\/uploads\/2023\/08\/Porto-Moriz-lava-pool-585x329.jpg 585w, https:\/\/www.tui.pl\/blog\/wp-content\/uploads\/2023\/08\/Porto-Moriz-lava-pool.jpg 1200w\" sizes=\"auto, (max-width: 1024px) 100vw, 1024px\" \/><\/figure>\n\n\n\n<h2 class=\"wp-block-heading\">P\u00f3\u0142nocne wybrze\u017ce<\/h2>\n\n\n\n<p>Na p\u00f3\u0142nocnym wybrze\u017cu warta uwagi jest gmina Santana oraz wodospad \u201eWelon panny m\u0142odej\u201d.<\/p>\n\n\n\n<h2 class=\"wp-block-heading\">Malownicza gmina Santana<\/h2>\n\n\n\n<p>W gminie poprowadzono sze\u015b\u0107 zalecanych szlak\u00f3w pieszych. Szlak Vereda do Pico Ruivo prowadzi na najwy\u017cszy szczyt Madery \u2013 Pico Ruivo, z kolei szlak Levada do Rei prowadzi przez las do Ribeiro Bonito, uwa\u017canego za sanktuarium przyrody \u2013 teren pokryty typow\u0105 ro\u015blinno\u015bci\u0105 Lasu Wawrzynowego. W gminie znajduje si\u0119 tak\u017ce Park Tematyczny Madery \u2013 jedyny takiego rodzaju w Portugalii park po\u015bwi\u0119cony historii, nauce i tradycjom. Mo\u017cna tu zobaczy\u0107 replik\u0119 poci\u0105gu Monte, tradycyjne wozy ci\u0105gni\u0119te przez wo\u0142y, typowy dom z Santany, tereny zielone z endemiczn\u0105 flor\u0105 Madery, jezioro z \u0142\u00f3dkami oraz wspania\u0142y plac zabaw. Dodatkowo zaledwie 5 km od Santany mie\u015bci si\u0119 park idealny na pikniki i spacery, gdzie zlokalizowany jest Casa das Queimadas, czyli du\u017cy budynek kryty strzech\u0105. Tradycyjne domy Santany zosta\u0142y zaadaptowane do wsp\u00f3\u0142czesnego u\u017cytkowania, a w znajduj\u0105cych si\u0119 tam sklepikach kupi\u0107 mo\u017cna najr\u00f3\u017cniejsze produkty rzemie\u015blnicze.<\/p>\n\n\n\n<figure class=\"wp-block-image size-full\"><img loading=\"lazy\" decoding=\"async\" width=\"760\" height=\"507\" src=\"https:\/\/www.tui.pl\/blog\/wp-content\/uploads\/2023\/08\/Malownicza-gmina-Santana-1.png\" alt=\"\" class=\"wp-image-6526\" title=\"\" srcset=\"https:\/\/www.tui.pl\/blog\/wp-content\/uploads\/2023\/08\/Malownicza-gmina-Santana-1.png 760w, https:\/\/www.tui.pl\/blog\/wp-content\/uploads\/2023\/08\/Malownicza-gmina-Santana-1-600x400.png 600w, https:\/\/www.tui.pl\/blog\/wp-content\/uploads\/2023\/08\/Malownicza-gmina-Santana-1-585x390.png 585w, https:\/\/www.tui.pl\/blog\/wp-content\/uploads\/2023\/08\/Malownicza-gmina-Santana-1-263x175.png 263w\" sizes=\"auto, (max-width: 760px) 100vw, 760px\" \/><\/figure>\n\n\n\n<h2 class=\"wp-block-heading\">Punkty widokowe na Ponta de S\u00e3o Louren\u00e7o<\/h2>\n\n\n\n<figure class=\"wp-block-image size-full\"><img loading=\"lazy\" decoding=\"async\" width=\"760\" height=\"505\" src=\"https:\/\/www.tui.pl\/blog\/wp-content\/uploads\/2023\/08\/Wschodnie-Wybrzeze-2.png\" alt=\"\" class=\"wp-image-6528\" title=\"\" srcset=\"https:\/\/www.tui.pl\/blog\/wp-content\/uploads\/2023\/08\/Wschodnie-Wybrzeze-2.png 760w, https:\/\/www.tui.pl\/blog\/wp-content\/uploads\/2023\/08\/Wschodnie-Wybrzeze-2-600x399.png 600w, https:\/\/www.tui.pl\/blog\/wp-content\/uploads\/2023\/08\/Wschodnie-Wybrzeze-2-585x389.png 585w, https:\/\/www.tui.pl\/blog\/wp-content\/uploads\/2023\/08\/Wschodnie-Wybrzeze-2-263x175.png 263w\" sizes=\"auto, (max-width: 760px) 100vw, 760px\" \/><\/figure>\n\n\n\n<p>Punkt widokowy Ba\u00eda&nbsp;de Abra, znajduj\u0105cy si\u0119 na Ponta de S\u00e3o Louren\u00e7o, najbardziej wysuni\u0119tym na wsch\u00f3d p\u00f3\u0142wyspie Madery, nazwany zosta\u0142 na cze\u015b\u0107 statku Jo\u00e3o Gon\u00e7alves Zarco. Z tego miejsca roztacza si\u0119 wspania\u0142y widok na Ponta de S\u00e3o Louren\u00e7o i jego lini\u0119 brzegow\u0105, znaczon\u0105 erozj\u0105 spowodowan\u0105 dzia\u0142aniem wiatru i morza. Punkt widokowy Ponta do Rosto to miejsce znajduj\u0105ce si\u0119 w p\u00f3\u0142nocnej cz\u0119\u015bci p\u00f3\u0142wyspu S\u00e3o Louren\u00e7o i warto o nim wspomnie\u0107 ze wzgl\u0119du na wyst\u0119puj\u0105ce tu gatunki ro\u015blin i zwierz\u0105t. Przy dobrej widoczno\u015bci mo\u017cna zobaczy\u0107 zar\u00f3wno p\u00f3\u0142nocne, jak i po\u0142udniowe wybrze\u017ce Madery, a tak\u017ce wysp\u0119 Porto Santo. Dla Ponta de S\u00e3o Louren\u00e7o charakterystyczne s\u0105 formacje skalne w kolorach czerwonym i czarnym, a tak\u017ce ma\u0142e wysepki. Id\u0105c szlakiem, podziwia si\u0119 zapieraj\u0105ce dech w piersi widoki na p\u00f3\u0142nocne i po\u0142udniowe wybrze\u017ce wyspy, a tak\u017ce na wyspy Desertas i Porto Santo. Obok znajduj\u0105cego si\u0119 na ko\u0144cu szlaku mola Sardinha mie\u015bci si\u0119 Casa do Sardinha, w kt\u00f3rym \u2013 po uprzedniej rezerwacji \u2013 go\u015bcie mog\u0105 obejrze\u0107 sta\u0142\u0105 ekspozycj\u0119 dotycz\u0105c\u0105 rezerwatu.<\/p>\n\n\n\n<h2 class=\"wp-block-heading\">Centralna cz\u0119\u015b\u0107 wyspy<\/h2>\n\n\n\n<p>W centralnej cz\u0119\u015bci wyspy wyr\u00f3\u017cnili\u015bmy widok ze szczytu Pico do Arieiro.<\/p>\n\n\n\n<h2 class=\"wp-block-heading\">Widok ze szczytu Pico do Arieiro<\/h2>\n\n\n\n<p>Pico do Arieiro to trzeci co do wysoko\u015bci szczyt Madery (1818 m n.p.m.), z kt\u00f3rego rozci\u0105ga si\u0119 fantastyczny widok na centralny masyw g\u00f3rski wyspy. Mo\u017cna tutaj wjecha\u0107 samochodem i rozpocz\u0105\u0107 w\u0119dr\u00f3wk\u0119 szlakiem, kt\u00f3ry bez stopnia przesady mo\u017cna okre\u015bli\u0107 jednym z najbardziej spektakularnych w regionie. Prowadzi do najwy\u017cszego szczytu archipelagu Pico Ruivo o wysoko\u015bci 1862 m n.p.m. Tutaj gniazduje najbardziej zagro\u017cony wygini\u0119ciem ptak morski Europy czyli petrel maderski. W\u0119dr\u00f3wka z przewodnikiem tras\u0105 \u0142\u0105cz\u0105c\u0105 zar\u00f3wno Pico do Arieiro, jak i Pico Ruivo jest dost\u0119pna w ofercie wycieczek fakultatywnych oferowanych przez TUI. To \u015bwietna okazja do zachwytu nad pi\u0119kn\u0105 faun\u0105 i flor\u0105, z kt\u00f3rej s\u0142ynie wyspa. Wi\u0119cej informacji znajdziesz na gotui.com.<\/p>\n\n\n\n<figure class=\"wp-block-image size-large\"><img loading=\"lazy\" decoding=\"async\" width=\"1024\" height=\"765\" src=\"https:\/\/www.tui.pl\/blog\/wp-content\/uploads\/2023\/08\/pico-de-1024x765.jpg\" alt=\"\" class=\"wp-image-6520\" title=\"\" srcset=\"https:\/\/www.tui.pl\/blog\/wp-content\/uploads\/2023\/08\/pico-de-1024x765.jpg 1024w, https:\/\/www.tui.pl\/blog\/wp-content\/uploads\/2023\/08\/pico-de-600x449.jpg 600w, https:\/\/www.tui.pl\/blog\/wp-content\/uploads\/2023\/08\/pico-de-768x574.jpg 768w, https:\/\/www.tui.pl\/blog\/wp-content\/uploads\/2023\/08\/pico-de-1170x875.jpg 1170w, https:\/\/www.tui.pl\/blog\/wp-content\/uploads\/2023\/08\/pico-de-585x437.jpg 585w, https:\/\/www.tui.pl\/blog\/wp-content\/uploads\/2023\/08\/pico-de.jpg 1200w\" sizes=\"auto, (max-width: 1024px) 100vw, 1024px\" \/><\/figure>\n\n\n\n<div style=\"height:30px\" aria-hidden=\"true\" class=\"wp-block-spacer\"><\/div>\n\n\n\n<p class=\"has-text-align-center\"><strong><a href=\"https:\/\/www.tui.pl\/wypoczynek\/wyniki-wyszukiwania-samolot?q=%3Aprice%3AbyPlane%3AT%3AdF%3A6%3AdT%3A8%3ActAdult%3A2%3ActChild%3A0%3Ac%3AFNC%3AminHotelCategory%3AdefaultHotelCategory%3AtripAdvisorRating%3AdefaultTripAdvisorRating%3Abeach_distance%3AdefaultBeachDistance%3AtripType%3AWS&amp;fullPrice=false\">Sprawd\u017a aktualne oferty na Mader\u0119 ><\/a><\/strong><\/p>\n","protected":false},"excerpt":{"rendered":"<p>Ta pi\u0119kna portugalska wyspa oferuje niepowtarzaln\u0105 faun\u0119 i flor\u0119 oraz przyjemn\u0105 pogod\u0119 przez ca\u0142y rok \u2013 temperatura latem wynosi ok. 25\u00b0C i 17\u00b0C zim\u0105, przy umiarkowanej wilgotno\u015bci powietrza.&nbsp;Madera&nbsp;jest znana z&hellip;<\/p>\n","protected":false},"author":35,"featured_media":3128,"comment_status":"open","ping_status":"closed","sticky":false,"template":"","format":"standard","meta":{"_lmt_disableupdate":"","_lmt_disable":"","footnotes":""},"categories":[9,21,182,30],"tags":[],"class_list":["post-3057","post","type-post","status-publish","format-standard","has-post-thumbnail","hentry","category-europa","category-madera","category-podroze","category-portugalia"],"home_img_url":"https:\/\/www.tui.pl\/blog\/wp-content\/uploads\/2018\/10\/Mader_v1-2-585x390.jpg","home_img_alt":"","_links":{"self":[{"href":"https:\/\/www.tui.pl\/blog\/wp-json\/wp\/v2\/posts\/3057","targetHints":{"allow":["GET"]}}],"collection":[{"href":"https:\/\/www.tui.pl\/blog\/wp-json\/wp\/v2\/posts"}],"about":[{"href":"https:\/\/www.tui.pl\/blog\/wp-json\/wp\/v2\/types\/post"}],"author":[{"embeddable":true,"href":"https:\/\/www.tui.pl\/blog\/wp-json\/wp\/v2\/users\/35"}],"replies":[{"embeddable":true,"href":"https:\/\/www.tui.pl\/blog\/wp-json\/wp\/v2\/comments?post=3057"}],"version-history":[{"count":33,"href":"https:\/\/www.tui.pl\/blog\/wp-json\/wp\/v2\/posts\/3057\/revisions"}],"predecessor-version":[{"id":7438,"href":"https:\/\/www.tui.pl\/blog\/wp-json\/wp\/v2\/posts\/3057\/revisions\/7438"}],"wp:featuredmedia":[{"embeddable":true,"href":"https:\/\/www.tui.pl\/blog\/wp-json\/wp\/v2\/media\/3128"}],"wp:attachment":[{"href":"https:\/\/www.tui.pl\/blog\/wp-json\/wp\/v2\/media?parent=3057"}],"wp:term":[{"taxonomy":"category","embeddable":true,"href":"https:\/\/www.tui.pl\/blog\/wp-json\/wp\/v2\/categories?post=3057"},{"taxonomy":"post_tag","embeddable":true,"href":"https:\/\/www.tui.pl\/blog\/wp-json\/wp\/v2\/tags?post=3057"}],"curies":[{"name":"wp","href":"https:\/\/api.w.org\/{rel}","templated":true}]}}