{"id":2670,"date":"2017-05-18T16:25:39","date_gmt":"2017-05-18T14:25:39","guid":{"rendered":"https:\/\/tui-blog.azurewebsites.net\/?p=2670"},"modified":"2023-11-02T11:56:02","modified_gmt":"2023-11-02T10:56:02","slug":"bulgaria-za-mlody-na-sloneczny-brzeg","status":"publish","type":"post","link":"https:\/\/www.tui.pl\/blog\/bulgaria-za-mlody-na-sloneczny-brzeg\/","title":{"rendered":"Bu\u0142garia &#8211; Za m\u0142ody na S\u0142oneczny Brzeg"},"content":{"rendered":"<p style=\"text-align: justify;\">Jestem ju\u017c w Warszawie. W Portugalii by\u0142o mi\u0142o, spokojnie, wypoczynkowo, wakacyjnie. A dzi\u015b do mnie przyjecha\u0142 m\u00f3j kolega mieszkaj\u0105cy na sta\u0142e w Pary\u017cu, kt\u00f3ry jest z pochodzenia Bu\u0142garem. No mo\u017ce nie zupe\u0142nie. Matka Bu\u0142garka, ojciec Polak, a on sam urodzony w Polsce. Wyemigrowa\u0142 do Francji wiele lat temu. Ale jego opowie\u015bci o Bu\u0142garii s\u0105 przeurocze. Podziel\u0119 si\u0119 tym z wami. Podobnie jak z radami i anegdotami Fiolki Najdenowicz, by\u0142ej wokalistki kiedy\u015b bardzo popularnego zespo\u0142u Balkan Electrics. A wi\u0119c do dzie\u0142a!<!--more--><\/p>\n<p style=\"text-align: justify;\"><strong>Je\u015bli Bu\u0142garia, to wiadomo Z\u0142ote Piaski albo S\u0142oneczny Brzeg<\/strong>, cho\u0107 mo\u017ce niekt\u00f3rym, kt\u00f3rzy pami\u0119taj\u0105 czasy PRL-u, S\u0142oneczny Brzeg bardziej kojarzy si\u0119 z brandy ni\u017c pla\u017c\u0105\u2026\u00a0\ud83d\ude42 S\u0142oneczny Brzeg polecam raczej ludziom m\u0142odym, cho\u0107 oczywi\u015bcie rodziny z ma\u0142ymi dzie\u0107mi nudzi\u0107 si\u0119 nie b\u0119d\u0105. Rzecz w tym, \u017ce to miejsce raczej clubbingowe, gdzie zabawa na pla\u017cy trwa ca\u0142\u0105 dob\u0119. Ciekawostka: IKEA zrobi\u0142a reklam\u0119, w kt\u00f3rej has\u0142em by\u0142o zdanie: You are too young to go to Sunny Beach (Jeste\u015b za m\u0142ody\/-a, by pojecha\u0107 nad S\u0142oneczny Brzeg). By\u0142a to reklama kuchenek, w kt\u00f3rej m\u0142oda dziewczyna w\u015bcieka si\u0119, gdy\u017c rodzice nie chc\u0105 jej pu\u015bci\u0107 na wakacje do Bu\u0142garii. Przekaz reklamy by\u0142 do\u015b\u0107 mocny. Nasze kuchenki s\u0105 tak mocne jak mocny jest S\u0142oneczny Brzeg pe\u0142en szalej\u0105cej m\u0142odzie\u017cy\u2026J Bary i dyskoteki S\u0142onecznego Brzegu nastawione s\u0105 przede wszystkim na turyst\u00f3w niemieckich i skandynawskich. I tak s\u0105 kluby proponuj\u0105ce kilkana\u015bcie gatunk\u00f3w niemieckiego piwa i niemieck\u0105 kuchnie. Inne zn\u00f3w nastawione s\u0105 na mocniejsze trunki. <strong>Tak czy siak S\u0142oneczny Brzeg jest kr\u00f3lestwem m\u0142odzie\u017cy.<\/strong> Jest bardzo tanio, jest ciep\u0142o, czeg\u00f3\u017c chcie\u0107 wi\u0119cej. W\u0142adze Bu\u0142garii marz\u0105 o tym, aby S\u0142oneczny Brzeg sta\u0142 si\u0119 drug\u0105 Ibiz\u0105. Nie stanie to si\u0119 jutro, ale jest to mo\u017cliwe.<\/p>\n<p style=\"text-align: justify;\"><strong>A zaledwie kilka kilometr\u00f3w od pla\u017c S\u0142onecznego Brzegu mie\u015bci si\u0119 Nesebyr.<\/strong> To jedno z najstarszych miast Europy zosta\u0142o wpisane na List\u0119 \u015awiatowego Dziedzictwa UNESCO. I taka ma\u0142a anegdotka, ale jest to najprawdziwsza prawda J Miasto o ma\u0142o co nie zosta\u0142o z tej listy skre\u015blone. W Nesybarze s\u0142ycha\u0107 noc\u0105 muzyk\u0119 p\u0142yn\u0105ca z pla\u017c i klub\u00f3w S\u0142onecznego Brzegu. Kolejnym powodem, kt\u00f3ry nie spodoba\u0142 si\u0119 ekspertom z UNESCO, to zbyt du\u017ca liczba handlarzy oferuj\u0105cych turystom pami\u0105tki o w\u0105tpliwej jako\u015bci. Na szcz\u0119\u015bcie Bu\u0142garzy jako\u015b sytuacj\u0119 opanowali.<\/p>\n<p style=\"text-align: justify;\">Miasto zosta\u0142o za\u0142o\u017cone 3000 lat p.n.e. Przez lata morze zabiera\u0142o tereny miejskie. Dzi\u015b Star\u00f3wka ma zaledwie 850 metr\u00f3w d\u0142ugo\u015bci i 350 metr\u00f3w szeroko\u015bci. <strong>W Nesebyrze mo\u017cna nurkowa\u0107 i podziwia\u0107 zalane fragmenty miasta.<\/strong> W samym mie\u015bcie zabroniony jest ruch samochodowy. M\u00f3wi\u0119 o starej cz\u0119\u015bci miasta. Ta nowa, z hotelami, restauracjami i sklepami, oddalona jest o kilka kilometr\u00f3w od Starego Miasta. Oczywi\u015bcie kursuj\u0105 mi\u0119dzy tymi dwiema cz\u0119\u015bciami miasta autobusy. Ale w starej cz\u0119\u015bci miasta jest r\u00f3wnie\u017c sporo mi\u0142ych knajpeczek. I jest bardzo du\u017co turyst\u00f3w. Tak jak pisa\u0142em, g\u0142\u00f3wnie Niemc\u00f3w. Ju\u017c w latach 30. XX wieku lubili tu przyje\u017cd\u017ca\u0107. Tak te\u017c dzia\u0142o si\u0119 w latach 50. i 60. XX wieku. Ci z NRD przyje\u017cd\u017cali tu, bo nie mogli wyjecha\u0107 na Zach\u00f3d, do W\u0142och czy Hiszpanii. Ci z RFN, bo by\u0142o tanio. Dzi\u015b do Bu\u0142garii przyje\u017cd\u017ca coraz wi\u0119cej Polak\u00f3w. Wszak Czarne Morze nie ust\u0119puje niczym Morzu \u015ar\u00f3dziemnemu. A i Polacy czuj\u0105 si\u0119 tu lepiej. Jest jako\u015b swojsko.<\/p>\n","protected":false},"excerpt":{"rendered":"<p>Jestem ju\u017c w Warszawie. W Portugalii by\u0142o mi\u0142o, spokojnie, wypoczynkowo, wakacyjnie. A dzi\u015b do mnie przyjecha\u0142 m\u00f3j kolega mieszkaj\u0105cy na sta\u0142e w Pary\u017cu, kt\u00f3ry jest z pochodzenia Bu\u0142garem. No mo\u017ce&hellip;<\/p>\n","protected":false},"author":39,"featured_media":2671,"comment_status":"open","ping_status":"closed","sticky":false,"template":"","format":"standard","meta":{"_lmt_disableupdate":"","_lmt_disable":"","footnotes":""},"categories":[182,55,9],"tags":[],"class_list":["post-2670","post","type-post","status-publish","format-standard","has-post-thumbnail","hentry","category-podroze","category-bulgaria","category-europa"],"home_img_url":"https:\/\/www.tui.pl\/blog\/wp-content\/uploads\/2017\/05\/var21075_38-585x390.jpg","home_img_alt":"","_links":{"self":[{"href":"https:\/\/www.tui.pl\/blog\/wp-json\/wp\/v2\/posts\/2670","targetHints":{"allow":["GET"]}}],"collection":[{"href":"https:\/\/www.tui.pl\/blog\/wp-json\/wp\/v2\/posts"}],"about":[{"href":"https:\/\/www.tui.pl\/blog\/wp-json\/wp\/v2\/types\/post"}],"author":[{"embeddable":true,"href":"https:\/\/www.tui.pl\/blog\/wp-json\/wp\/v2\/users\/39"}],"replies":[{"embeddable":true,"href":"https:\/\/www.tui.pl\/blog\/wp-json\/wp\/v2\/comments?post=2670"}],"version-history":[{"count":1,"href":"https:\/\/www.tui.pl\/blog\/wp-json\/wp\/v2\/posts\/2670\/revisions"}],"predecessor-version":[{"id":2672,"href":"https:\/\/www.tui.pl\/blog\/wp-json\/wp\/v2\/posts\/2670\/revisions\/2672"}],"wp:featuredmedia":[{"embeddable":true,"href":"https:\/\/www.tui.pl\/blog\/wp-json\/wp\/v2\/media\/2671"}],"wp:attachment":[{"href":"https:\/\/www.tui.pl\/blog\/wp-json\/wp\/v2\/media?parent=2670"}],"wp:term":[{"taxonomy":"category","embeddable":true,"href":"https:\/\/www.tui.pl\/blog\/wp-json\/wp\/v2\/categories?post=2670"},{"taxonomy":"post_tag","embeddable":true,"href":"https:\/\/www.tui.pl\/blog\/wp-json\/wp\/v2\/tags?post=2670"}],"curies":[{"name":"wp","href":"https:\/\/api.w.org\/{rel}","templated":true}]}}