{"id":2648,"date":"2017-03-29T16:07:06","date_gmt":"2017-03-29T14:07:06","guid":{"rendered":"https:\/\/tui-blog.azurewebsites.net\/?p=2648"},"modified":"2024-05-20T15:07:07","modified_gmt":"2024-05-20T13:07:07","slug":"na-kanary","status":"publish","type":"post","link":"https:\/\/www.tui.pl\/blog\/na-kanary\/","title":{"rendered":"Na Kanary!"},"content":{"rendered":"<p style=\"text-align: justify;\"><strong>Teneryfa, Gran Canaria, Lanzarote, Feurteventura.<\/strong> Chyba ka\u017cdy wie, gdzie le\u017c\u0105 <a href=\"https:\/\/www.tui.pl\/wypoczynek\/wyspy-kanaryjskie\">Wyspy Kanaryjskie<\/a> i chyba prawie ka\u017cdy, je\u015bli jeszcze tam nie by\u0142, chcia\u0142by tam pojecha\u0107. I cho\u0107 teraz jestem w Portugalii, a wi\u0119c bawi\u0119 u historycznego adwersarza Hiszpanii, do kt\u00f3rej nale\u017c\u0105 wyspy, to troch\u0119 o Kanarach poopowiadam.<!--more--><\/p>\n<p style=\"text-align: justify;\">Wyspy jak wiadomo le\u017c\u0105 na Oceanie Atlantyckim, blisko wybrze\u017ca maroka\u0144skiego i wraz z Azorami, Mader\u0105 i Wyspami Zielonego Przyl\u0105dka tworz\u0105 tak zwan\u0105 Makaronezj\u0119, czyli, z grecka, \u201eWyspy Szcz\u0119\u015bliwe\u201d. Tu wed\u0142ug antycznych legend greckich ko\u0144czy\u0142 si\u0119 zamieszka\u0142y przez cz\u0142owieka \u015bwiat, tu mia\u0142y le\u017ce\u0107 Pola Elizejskie, ogrody Hesperyd rodz\u0105ce z\u0142ote jab\u0142ka czy wreszcie mityczna Atlantyda. I te rajskie por\u00f3wnania s\u0105 w pe\u0142ni uzasadnione. <strong>Wyspy Kanaryjskie rzeczywi\u015bcie powalaj\u0105 naturalnym pi\u0119knem.<\/strong><\/p>\n<p style=\"text-align: justify;\">Zwyczajowo jad\u0105c na <a href=\"https:\/\/www.tui.pl\/wypoczynek\/wyspy-kanaryjskie\/oferty-hotele\">Kanary <\/a>mieszkamy w jednym hotelu przez ca\u0142y nasz wakacyjny pobyt. Ale warto popodr\u00f3\u017cowa\u0107. Najlepszym sposobem jest po prostu wynaj\u0119cie samochodu. Warto plan wycieczki przygotowa\u0107 zawczasu, gdy\u017c na promy, kt\u00f3re zawioz\u0105 nas na inne wyspy nie mo\u017cna wjecha\u0107 samochodem.<\/p>\n<p style=\"text-align: justify;\"><a href=\"https:\/\/tui-blog.azurewebsites.netwp-content\/uploads\/2017\/03\/shutterstock_115588897.jpg\" data-rel=\"penci-gallery-image-content\" ><img loading=\"lazy\" decoding=\"async\" class=\"aligncenter wp-image-2650\" src=\"https:\/\/tui-blog.azurewebsites.netwp-content\/uploads\/2017\/03\/shutterstock_115588897.jpg\" alt=\"shutterstock_115588897\" width=\"800\" height=\"800\" title=\"\" srcset=\"https:\/\/www.tui.pl\/blog\/wp-content\/uploads\/2017\/03\/shutterstock_115588897.jpg 800w, https:\/\/www.tui.pl\/blog\/wp-content\/uploads\/2017\/03\/shutterstock_115588897-600x600.jpg 600w, https:\/\/www.tui.pl\/blog\/wp-content\/uploads\/2017\/03\/shutterstock_115588897-150x150.jpg 150w, https:\/\/www.tui.pl\/blog\/wp-content\/uploads\/2017\/03\/shutterstock_115588897-768x768.jpg 768w, https:\/\/www.tui.pl\/blog\/wp-content\/uploads\/2017\/03\/shutterstock_115588897-585x585.jpg 585w\" sizes=\"auto, (max-width: 800px) 100vw, 800px\" \/><\/a><\/p>\n<p style=\"text-align: justify;\"><strong>Zacznijmy od Tenerefy<\/strong>, jutro o kolejnych wyspach. I na pocz\u0105tek co\u015b dla mi\u0142o\u015bnik\u00f3w pieszych wycieczek w\u015br\u00f3d niebywa\u0142ych krajobraz\u00f3w i zapieraj\u0105cej dech w piersiach faunie i florze. <strong>M\u00f3wi\u0119 o Parku Wiejskim Anaga<\/strong>. Z jednej strony pla\u017ce, z drugiej wspania\u0142e lasy laurowe (wawrzynowe). Zapaleni trekkingowcy mog\u0105 tam nawet sp\u0119dzi\u0107 dwa dni, bo w rezerwacie wybudowano schronisko. Cena za nocleg bardzo atrakcyjna. Dla mniej wprawionych kilka rad. O dobrych butach nie b\u0119d\u0119 wspomina\u0107, bo to rzecz oczywista. Ale we\u017acie ze sob\u0105 czapk\u0119 i krem przeciws\u0142oneczny. Wrzuci\u0107 nale\u017cy do plecaka r\u00f3wnie\u017c sweter i co\u015b nieprzemakalnego. Pogoda zmienia si\u0119 tam bowiem bardzo szybko, niespodziewanie. I oczywi\u015bcie str\u00f3j k\u0105pielowy<strong>. <\/strong><\/p>\n<p style=\"text-align: justify;\"><strong>Nie mniej ciekawszy jest Park Narodowy Teide<\/strong>, wpisany na List\u0119 \u015awiatowego Dziedzictwa UNESCO. Tam w\u0142a\u015bnie wznosi si\u0119 wielki wulkan o tej samej nazwie \u2013 Teide. Ta najwy\u017csza g\u00f3ra Hiszpanii ma 3715 m n.p.m. Na wulkan mo\u017cna wej\u015b\u0107, ale zajmuje to dwa dni. Jeden nocleg w schronisku. Jest jednak inna mo\u017cliwo\u015b\u0107. Na wysoko\u015bci 2355 m wybudowano kolejk\u0119 linow\u0105. W 8 minut jeste\u015bcie 1200 m wy\u017cej, prawie na samym szczycie. Wej\u015bcie na wulkan wymaga zezwolenia. Jest to park narodowy i Hiszpanie dbaj\u0105 o to, aby tury\u015bci nie \u201ezadeptali\u201d przyrody. Oczywi\u015bcie zezwolenia dostaje ka\u017cdy, ale trzeba to zrobi\u0107 z wyprzedzeniem.<\/p>\n<p style=\"text-align: justify;\"><a href=\"https:\/\/tui-blog.azurewebsites.netwp-content\/uploads\/2017\/03\/shutterstock_103987721.jpg\" data-rel=\"penci-gallery-image-content\" ><img loading=\"lazy\" decoding=\"async\" class=\"size-full wp-image-2651 aligncenter\" src=\"https:\/\/tui-blog.azurewebsites.netwp-content\/uploads\/2017\/03\/shutterstock_103987721.jpg\" alt=\"shutterstock_103987721\" width=\"800\" height=\"531\" title=\"\" srcset=\"https:\/\/www.tui.pl\/blog\/wp-content\/uploads\/2017\/03\/shutterstock_103987721.jpg 800w, https:\/\/www.tui.pl\/blog\/wp-content\/uploads\/2017\/03\/shutterstock_103987721-600x398.jpg 600w, https:\/\/www.tui.pl\/blog\/wp-content\/uploads\/2017\/03\/shutterstock_103987721-768x510.jpg 768w, https:\/\/www.tui.pl\/blog\/wp-content\/uploads\/2017\/03\/shutterstock_103987721-585x388.jpg 585w, https:\/\/www.tui.pl\/blog\/wp-content\/uploads\/2017\/03\/shutterstock_103987721-263x175.jpg 263w\" sizes=\"auto, (max-width: 800px) 100vw, 800px\" \/><\/a><\/p>\n<p style=\"text-align: justify;\">Na <a href=\"https:\/\/www.tui.pl\/wypoczynek\/wyspy-kanaryjskie\/teneryfa\">Teneryfie <\/a>rosn\u0105 s\u0142ynne <strong>draceny smocze<\/strong>, przedziwne drzewa wyst\u0119puj\u0105ce w\u0142a\u015bciwie \u00a0tylko na Wyspach Kanaryjskich, Zielonym Przyl\u0105dku i Maderze. \u017bywicy, kt\u00f3ra pod wp\u0142ywem tlenu nabiera krwawej barwy, przypisywano w\u0142a\u015bciwo\u015bci lecznicze i magiczne. I jeszcze jedna rzecz warta zobaczenia. <strong>Cueva del Viento, czyli Jaskinia Wiatru<\/strong>, jedna z najwi\u0119kszych grot na \u015bwiecie pochodzenia wulkanicznego. Liczy 17 kilometr\u00f3w d\u0142ugo\u015bci. \u00a0Swoj\u0105 nazw\u0119 zawdzi\u0119cza silnym przeci\u0105gom panuj\u0105cym wewn\u0105trz. Zwiedzanie trwa oko\u0142o godzin\u0119. Krajobrazy wr\u0119cz ksi\u0119\u017cycowe. Jutro o kolejnej wyspie. Och, tak mi si\u0119 dobrze \u00a0Kanary wspomina, \u017ce poszukam tu w portugalskich sklepikach <strong>ma\u0142mazji<\/strong> \u2013 s\u0142odkiego wina ze specjalnej odmiany winogron rosn\u0105cych w\u0142a\u015bnie na Teneryfie i <a href=\"https:\/\/www.tui.pl\/wypoczynek\/wyspy-kanaryjskie\/lanzarote\">Lanzarote<\/a>. Do deseru doskona\u0142e&#8230;<\/p>\n","protected":false},"excerpt":{"rendered":"<p>Teneryfa, Gran Canaria, Lanzarote, Feurteventura. Chyba ka\u017cdy wie, gdzie le\u017c\u0105 Wyspy Kanaryjskie i chyba prawie ka\u017cdy, je\u015bli jeszcze tam nie by\u0142, chcia\u0142by tam pojecha\u0107. I cho\u0107 teraz jestem w Portugalii,&hellip;<\/p>\n","protected":false},"author":48,"featured_media":2649,"comment_status":"open","ping_status":"closed","sticky":false,"template":"","format":"standard","meta":{"_lmt_disableupdate":"","_lmt_disable":"","footnotes":""},"categories":[9,60,63,182,30,68,48],"tags":[],"class_list":["post-2648","post","type-post","status-publish","format-standard","has-post-thumbnail","hentry","category-europa","category-fuerteventura","category-lanzarote","category-podroze","category-portugalia","category-teneryfa","category-wyspy-kanaryjskie"],"home_img_url":"https:\/\/www.tui.pl\/blog\/wp-content\/uploads\/2017\/03\/shutterstock_246530668-585x390.jpg","home_img_alt":"","_links":{"self":[{"href":"https:\/\/www.tui.pl\/blog\/wp-json\/wp\/v2\/posts\/2648","targetHints":{"allow":["GET"]}}],"collection":[{"href":"https:\/\/www.tui.pl\/blog\/wp-json\/wp\/v2\/posts"}],"about":[{"href":"https:\/\/www.tui.pl\/blog\/wp-json\/wp\/v2\/types\/post"}],"author":[{"embeddable":true,"href":"https:\/\/www.tui.pl\/blog\/wp-json\/wp\/v2\/users\/48"}],"replies":[{"embeddable":true,"href":"https:\/\/www.tui.pl\/blog\/wp-json\/wp\/v2\/comments?post=2648"}],"version-history":[{"count":1,"href":"https:\/\/www.tui.pl\/blog\/wp-json\/wp\/v2\/posts\/2648\/revisions"}],"predecessor-version":[{"id":2652,"href":"https:\/\/www.tui.pl\/blog\/wp-json\/wp\/v2\/posts\/2648\/revisions\/2652"}],"wp:featuredmedia":[{"embeddable":true,"href":"https:\/\/www.tui.pl\/blog\/wp-json\/wp\/v2\/media\/2649"}],"wp:attachment":[{"href":"https:\/\/www.tui.pl\/blog\/wp-json\/wp\/v2\/media?parent=2648"}],"wp:term":[{"taxonomy":"category","embeddable":true,"href":"https:\/\/www.tui.pl\/blog\/wp-json\/wp\/v2\/categories?post=2648"},{"taxonomy":"post_tag","embeddable":true,"href":"https:\/\/www.tui.pl\/blog\/wp-json\/wp\/v2\/tags?post=2648"}],"curies":[{"name":"wp","href":"https:\/\/api.w.org\/{rel}","templated":true}]}}