{"id":2640,"date":"2017-03-24T14:23:02","date_gmt":"2017-03-24T13:23:02","guid":{"rendered":"https:\/\/tui-blog.azurewebsites.net\/?p=2640"},"modified":"2024-05-20T15:07:04","modified_gmt":"2024-05-20T13:07:04","slug":"portugalia-czyli-kraj-szczerych-ludzi","status":"publish","type":"post","link":"https:\/\/www.tui.pl\/blog\/portugalia-czyli-kraj-szczerych-ludzi\/","title":{"rendered":"Portugalia, czyli kraj szczerych ludzi"},"content":{"rendered":"<p style=\"text-align: justify;\">Jestem w Tomar. Szanowni Pa\u0144stwo, nie jest to \u017caden znany kurort, nie jest to \u017cadne znane miasto, to tak troch\u0119 jakby wyjecha\u0107 do Ma\u0142kini czy Radomia. Oczywi\u015bcie \u015bmieje si\u0119. Wyjecha\u0142em do portugalskiego Tomar, bo tam zrozumia\u0142em kilka lat temu, czym jest Portugalia. Tam zakocha\u0142em si\u0119 po raz pierwszy w tym kraju. Tam postanowi\u0142em, \u017ce <strong>Portugalia stanie si\u0119 jedn\u0105 z moich ulubionych europejskich krain.<\/strong> \u00a0Ale bez osobistych wycieczek \ud83d\ude42\u00a0O innych wycieczkach tu pisz\u0119\u00a0\ud83d\ude42<!--more--><\/p>\n<p style=\"text-align: justify;\">Tomar le\u017cy w centralnej <a href=\"https:\/\/www.tui.pl\/wypoczynek\/portugalia\">Portugalii <\/a>i chyba \u017cadne biuro turystyczne nie oferuje tu swoich us\u0142ug. <strong>Wi\u0119kszo\u015b\u0107 jedzie do Algarve, na Mader\u0119, no ewentualnie do Porto czy z powod\u00f3w religijnych do Fatimy i oczywi\u015bcie Lizbony.<\/strong> Wi\u0119c co ja tu bajdurz\u0119 o jakim\u015b tam Tomar? \u00a0Mam pow\u00f3d. Bo tu jest prawdziwa <a href=\"https:\/\/www.tui.pl\/wypoczynek\/portugalia\/oferty-hotele\">Portugalia<\/a>. Tu wszystko jest prostsze. Tu wszystko jest oczywiste. I podziel\u0119 si\u0119 moimi spostrze\u017ceniami, kt\u00f3re powinny was zach\u0119ci\u0107 do podr\u00f3\u017cy do Portugalii. Oczywi\u015bcie nie wy\u0142\u0105cznie do Tomar, ale ju\u017c tam, dok\u0105d wasza dusza zapragnie.<\/p>\n<p style=\"text-align: justify;\">Na pocz\u0105tek ma\u0142a rada. Je\u015bli nie znacie portugalskiego, rozmawiajcie po angielsku, albo po francusku. <strong>Nie m\u00f3wcie po hiszpa\u0144sku<\/strong>, bo Portugalczycy za tym nie przepadaj\u0105, ze wzgl\u0119du na historyczn\u0105, odwieczn\u0105 rywalizacj\u0119 o dominacj\u0119 ze swoimi s\u0105siadami.<\/p>\n<p style=\"text-align: justify;\">Portugalia ma doskona\u0142e drogi, perfekcyjn\u0105 komunikacj\u0119, eleganckie hotele, doskona\u0142e restauracje, wspania\u0142e owoce morza i ryby, niebywa\u0142e w smaku wino, i to wytrawne i s\u0142odkie, a wszystko jest wyj\u0105tkowo tanie. Ten pi\u0119kny, ciep\u0142y, pogodny kraj ma wszystko co najlepsze, ale ma jeszcze jedn\u0105 cech\u0119, coraz rzadziej spotykan\u0105 w Europie. <strong>Ten kraj i jego mieszka\u0144cy s\u0105 skromni. Obca jest im chciwo\u015b\u0107<\/strong>. Bogacenie si\u0119 na turystach za wszelk\u0105 cen\u0105 jest wr\u0119cz \u017ale widziane. Kilka lat temu, mieszkaj\u0105c r\u00f3wnie\u017c w Tomar, chodzi\u0142em codziennie na aperitif przed kolacj\u0105 do ma\u0142ego lokalnego barku. Z w\u0142a\u015bcicielem dobrze mi si\u0119 gaw\u0119dzi\u0142o. R\u00f3wnie mi\u0142o konwersowa\u0142em z jego go\u015b\u0107mi czy znajomymi. I chyba 4 dnia ten przemi\u0142y restaurator oznajmi\u0142 mi, \u017ce jestem jego go\u015bciem i nie mam prawa p\u0142aci\u0107. Oczywi\u015bcie gest by\u0142 symboliczny. Ma\u0142y aperitif kosztuje w ma\u0142ym barku oko\u0142o 1 euro. Ale taki gest nie cz\u0119sto w Europie si\u0119 zdarza. W <a href=\"https:\/\/www.tui.pl\/wypoczynek\/portugalia\/oferty-last-minute\">Portugalii <\/a>jest to zwyczajne, codzienne, normalne.<\/p>\n<p style=\"text-align: justify;\"><strong>Lizbona<\/strong> jest pi\u0119kna. Szeroki na kilkana\u015bcie kilometr\u00f3w Tag. Wspania\u0142a architektura. <strong>\u017bywio\u0142owe noce i refleksyjne pie\u015bni fado<\/strong>. Ale najwa\u017cniejszy jest tam spok\u00f3j. Pami\u0119tam \u2013 jad\u0119 kiedy\u015b s\u0142ynnym, lizbo\u0144skim tramwajem. Pasa\u017cerowie jak ki\u015bcie winogron wisz\u0105 na schodkach otwartych zawsze drzwi. Wskakuj\u0105 i wyskakuj\u0105 w biegu. Tramwaj jedzie bardzo wolno. I nagle na \u015brodku torowisko wida\u0107 zaparkowany samoch\u00f3d. Tramwaj staje, ludzie wychodz\u0105 na papierosa. Po 25 minutach zjawia si\u0119 w\u0142a\u015bciciel auta. Spokojnie odje\u017cd\u017ca. Nikt nie klnie, nie z\u0142orzeczy. Tramwaj spokojnie rusza w swoj\u0105 dalsz\u0105 podr\u00f3\u017c.<\/p>\n<p style=\"text-align: justify;\">Nie pisz\u0119 tu celowo o tym, co mo\u017cna zobaczy\u0107 na Maderze, czy w regionie Algarve. O tym wszystkim przeczytacie na stronach internetowych przy zamawianiu wycieczki. Pisz\u0119 tu o tym, o czym z tych stron si\u0119 nie dowiecie, a co stanowi wyj\u0105tkowy urok Portugalii. Spr\u00f3bujcie tu zje\u015b\u0107 pewne wyj\u0105tkowe danie, a raczej wyj\u0105tkowy owoc morza. Po polsku nazywa si\u0119 dziwnie. <strong>M\u00f3wi\u0119 o p\u0105klach kaczenicach<\/strong>. Po portugalsku nazywa si\u0119 to <strong>percebes.<\/strong> Nie s\u0105 tanie, ale jak na Europ\u0119 ich cena w <a href=\"https:\/\/www.tui.pl\/wypoczynek\/portugalia\/oferty-last-minute\">Portugalii <\/a>jest wyj\u0105tkowo atrakcyjna. Nic wi\u0119cej nie powiem. Poklikajcie sobie w Internecie i zobaczcie, jaki maj\u0105 dziwaczny kszta\u0142t. Smak nie-by-wa-\u0142y! W\u0142a\u015bnie wysysam kolejn\u0105 n\u00f3\u017ck\u0119\u2026 Popijam bia\u0142ym winem z regionu Tejo\u2026 Jest pysznie\u2026<\/p>\n","protected":false},"excerpt":{"rendered":"<p>Jestem w Tomar. Szanowni Pa\u0144stwo, nie jest to \u017caden znany kurort, nie jest to \u017cadne znane miasto, to tak troch\u0119 jakby wyjecha\u0107 do Ma\u0142kini czy Radomia. Oczywi\u015bcie \u015bmieje si\u0119. Wyjecha\u0142em&hellip;<\/p>\n","protected":false},"author":48,"featured_media":2641,"comment_status":"open","ping_status":"closed","sticky":false,"template":"","format":"standard","meta":{"_lmt_disableupdate":"","_lmt_disable":"","footnotes":""},"categories":[9,182,30],"tags":[],"class_list":["post-2640","post","type-post","status-publish","format-standard","has-post-thumbnail","hentry","category-europa","category-podroze","category-portugalia"],"home_img_url":"https:\/\/www.tui.pl\/blog\/wp-content\/uploads\/2017\/03\/Modny-Cascais-585x390.jpg","home_img_alt":"","_links":{"self":[{"href":"https:\/\/www.tui.pl\/blog\/wp-json\/wp\/v2\/posts\/2640","targetHints":{"allow":["GET"]}}],"collection":[{"href":"https:\/\/www.tui.pl\/blog\/wp-json\/wp\/v2\/posts"}],"about":[{"href":"https:\/\/www.tui.pl\/blog\/wp-json\/wp\/v2\/types\/post"}],"author":[{"embeddable":true,"href":"https:\/\/www.tui.pl\/blog\/wp-json\/wp\/v2\/users\/48"}],"replies":[{"embeddable":true,"href":"https:\/\/www.tui.pl\/blog\/wp-json\/wp\/v2\/comments?post=2640"}],"version-history":[{"count":3,"href":"https:\/\/www.tui.pl\/blog\/wp-json\/wp\/v2\/posts\/2640\/revisions"}],"predecessor-version":[{"id":2645,"href":"https:\/\/www.tui.pl\/blog\/wp-json\/wp\/v2\/posts\/2640\/revisions\/2645"}],"wp:featuredmedia":[{"embeddable":true,"href":"https:\/\/www.tui.pl\/blog\/wp-json\/wp\/v2\/media\/2641"}],"wp:attachment":[{"href":"https:\/\/www.tui.pl\/blog\/wp-json\/wp\/v2\/media?parent=2640"}],"wp:term":[{"taxonomy":"category","embeddable":true,"href":"https:\/\/www.tui.pl\/blog\/wp-json\/wp\/v2\/categories?post=2640"},{"taxonomy":"post_tag","embeddable":true,"href":"https:\/\/www.tui.pl\/blog\/wp-json\/wp\/v2\/tags?post=2640"}],"curies":[{"name":"wp","href":"https:\/\/api.w.org\/{rel}","templated":true}]}}