{"id":2510,"date":"2016-12-29T13:54:11","date_gmt":"2016-12-29T12:54:11","guid":{"rendered":"https:\/\/tui-blog.azurewebsites.net\/?p=2510"},"modified":"2024-05-20T15:15:25","modified_gmt":"2024-05-20T13:15:25","slug":"costa-brava-dalego","status":"publish","type":"post","link":"https:\/\/www.tui.pl\/blog\/costa-brava-dalego\/","title":{"rendered":"Costa Brava Dalego"},"content":{"rendered":"<p style=\"text-align: justify;\">\u201eTen kraj jest moj\u0105 inspiracj\u0105. Jestem nierozerwalnie zwi\u0105zany z tutejszym niebem, morzem, ska\u0142ami. Jestem po\u0142\u0105czony na zawsze z Portem Lligat, w kt\u00f3rym zdefiniowa\u0142em moje surowe zasady i korzenie. U siebie jestem tylko tu. Gdzie indziej biwakuj\u0119\u201d. Tak pisa\u0142 o <a href=\"https:\/\/www.tui.pl\/wypoczynek\/hiszpania\/costa-brava\/oferty-hotele\">Costa Brava<\/a> boski Dali \u2013 wielki katalo\u0144ski malarz, rze\u017abiarz, re\u017cyser i pisarz. Surrealista z krwi i ko\u015bci. Skandalista i ekscentryk. To w\u0142a\u015bnie w Porcie Lligat, <strong>dwa kroki od Cadaqu\u00e8s<\/strong>, mie\u015bci si\u0119 dom artysty, w kt\u00f3rym mieszka\u0142 od lat 30. XX wieku do 1982 roku. W\u00f3wczas, po \u015bmierci swojej \u017cony Gali, <strong>przeprowadzi\u0142 si\u0119 do zamku w P\u00fabol<\/strong>. Natomiast <strong>w Figueres<\/strong>, w budynku dawnego teatru, mie\u015bci si\u0119 dzi\u015b <strong>muzeum imienia Salvadora Dalego<\/strong>. Port Lligat, P\u00fabol i Figueres to s\u0142ynny tr\u00f3jk\u0105t, kt\u00f3ry tworz\u0105 miejscowo\u015bci naznaczone jego geniuszem. B\u0119d\u0105c na wakacjach na <a href=\"https:\/\/www.tui.pl\/wypoczynek\/hiszpania\/costa-brava\">Costa Brava<\/a> nie wolno przynajmniej do jednej z nich nie zajrze\u0107.<!--more--><br \/>\n<strong>Warto zacz\u0105\u0107 od Figueres<\/strong>. Przez ponad dziesi\u0119\u0107 lat Dali przerabia\u0142 budynek dawnego teatru, by stworzy\u0107 z niego muzeum ku swojej czci. Tam jest te\u017c pochowany. To drugie najcz\u0119\u015bciej odwiedzane, hiszpa\u0144skie muzeum po madryckim Prado. W lipcu i sierpniu bez wcze\u015bniejszej rezerwacji bilet\u00f3w nie ma szans na wej\u015bcie. Ten wielki, kiczowaty pa\u0142ac o czerwonych \u015bcianach i wielkich kurzych jajach zdobi\u0105cych jego mury uosabia wszystkie dziwactwa i szale\u0144stwa Dalego. Tego nie da si\u0119 opisa\u0107 \u2013 to trzeba zobaczy\u0107. Nawet najbardziej zatwardziali przeciwnicy \u0142a\u017cenia po muzeach w czas kaniku\u0142y wyjd\u0105 z tego budynku z g\u0119b\u0105 na wp\u00f3\u0142 otwart\u0105 \ud83d\ude42 \u00a0No i jeszcze obok ma\u0142y budyneczek z wystaw\u0105 bi\u017cuterii zaprojektowanej przez Dalego. Istne cude\u0144ka!!!<\/p>\n<p style=\"text-align: justify;\"><strong>Pora na Port Lligat<\/strong>. Tam Dali \u017cy\u0142 na co dzie\u0144. To bardzo intymne muzeum. Z okien widok roztacza si\u0119 na Cap de Creus, wspania\u0142y p\u00f3\u0142wysep, gdzie gro\u017ane Pireneje schodz\u0105 do morza. Tam te\u017c najsilniej wieje tramontana \u2013 niebezpieczny dla rybak\u00f3w g\u00f3rski wiatr. Z Cadaques do Portu Lligat idziemy pieszo. Spacer zajmuje oko\u0142o 20 minut. A sam dom Dalego by\u0142 na pocz\u0105tku zwyk\u0142\u0105, skromn\u0105 ryback\u0105 chatk\u0105, kt\u00f3r\u0105 artysta latami rozbudowywa\u0142 i \u0142\u0105czy\u0142 z innymi pobliskimi chatkami. Dzi\u015b rezydencja ma 400 metr\u00f3w kwadratowych, a zwiedza\u0107 j\u0105 mo\u017cna tylko po wcze\u015bniejszej rezerwacji bilet\u00f3w. Poniewa\u017c Cap de Creus jest najbardziej wysuni\u0119tym na wsch\u00f3d miejscem na mapie Hiszpanii, Dali chwali\u0142 si\u0119, \u017ce to on jest tym cz\u0142owiekiem, kt\u00f3ry zawsze pierwszy widzi wsch\u00f3d s\u0142o\u0144ca.<\/p>\n<p style=\"text-align: justify;\"><strong>P\u00fabol to ma\u0142e miasteczko oddalone zaledwie kilkana\u015bcie kilometr\u00f3w od Girony.<\/strong> A Girona to jak wiadomo miasto, kt\u00f3re koniecznie trzeba zobaczy\u0107. A wi\u0119c b\u0119d\u0105c w Gironie wsiadamy w autobus i wysiadamy w La Pera, a dalej 2 kilometry na piechotk\u0119. Na leniwych czekaj\u0105 taks\u00f3wki. Mo\u017cna te\u017c i poci\u0105giem. Wtedy wysiadamy na stacji Fla\u00e7\u00e0. W 1968 roku Dali kupi\u0142 swojej \u017conie XI-wieczny zamek, by mog\u0142a w nim sp\u0119dzi\u0107 ostatnie lata swojego \u017cycia. W rzeczywisto\u015bci bywa\u0142a tam bardzo rzadko. Jest tam dzi\u015b jej gr\u00f3b, strze\u017cony przez rze\u017aby \u017cyrafy, koni i kr\u00f3lika. W angielskim ogrodzie wok\u00f3\u0142 basenu stoj\u0105 wyrze\u017abione popiersia Ryszarda Wagnera, ulubionego kompozytora Gali. Mi\u0119dzy drzewami dumnie prezentuj\u0105 si\u0119 rze\u017aby s\u0142oni. Zn\u00f3w surrealizm w czystej postaci. Tym sposobem <a href=\"https:\/\/www.tui.pl\/wypoczynek\/hiszpania\/costa-brava\/oferty-all-inclusive\">Costa Brava<\/a> to nie tylko pla\u017ce i hotele. To ziemia jednego z najwi\u0119kszych artyst\u00f3w XX wieku.<\/p>\n","protected":false},"excerpt":{"rendered":"<p>\u201eTen kraj jest moj\u0105 inspiracj\u0105. Jestem nierozerwalnie zwi\u0105zany z tutejszym niebem, morzem, ska\u0142ami. Jestem po\u0142\u0105czony na zawsze z Portem Lligat, w kt\u00f3rym zdefiniowa\u0142em moje surowe zasady i korzenie. U siebie&hellip;<\/p>\n","protected":false},"author":48,"featured_media":2511,"comment_status":"open","ping_status":"closed","sticky":false,"template":"","format":"standard","meta":{"_lmt_disableupdate":"","_lmt_disable":"","footnotes":""},"categories":[9,12,182],"tags":[],"class_list":["post-2510","post","type-post","status-publish","format-standard","has-post-thumbnail","hentry","category-europa","category-hiszpania","category-podroze"],"home_img_url":"https:\/\/www.tui.pl\/blog\/wp-content\/uploads\/2016\/12\/LIB_SHU_12_F112_RF-585x390.jpg","home_img_alt":"","_links":{"self":[{"href":"https:\/\/www.tui.pl\/blog\/wp-json\/wp\/v2\/posts\/2510","targetHints":{"allow":["GET"]}}],"collection":[{"href":"https:\/\/www.tui.pl\/blog\/wp-json\/wp\/v2\/posts"}],"about":[{"href":"https:\/\/www.tui.pl\/blog\/wp-json\/wp\/v2\/types\/post"}],"author":[{"embeddable":true,"href":"https:\/\/www.tui.pl\/blog\/wp-json\/wp\/v2\/users\/48"}],"replies":[{"embeddable":true,"href":"https:\/\/www.tui.pl\/blog\/wp-json\/wp\/v2\/comments?post=2510"}],"version-history":[{"count":5,"href":"https:\/\/www.tui.pl\/blog\/wp-json\/wp\/v2\/posts\/2510\/revisions"}],"predecessor-version":[{"id":5860,"href":"https:\/\/www.tui.pl\/blog\/wp-json\/wp\/v2\/posts\/2510\/revisions\/5860"}],"wp:featuredmedia":[{"embeddable":true,"href":"https:\/\/www.tui.pl\/blog\/wp-json\/wp\/v2\/media\/2511"}],"wp:attachment":[{"href":"https:\/\/www.tui.pl\/blog\/wp-json\/wp\/v2\/media?parent=2510"}],"wp:term":[{"taxonomy":"category","embeddable":true,"href":"https:\/\/www.tui.pl\/blog\/wp-json\/wp\/v2\/categories?post=2510"},{"taxonomy":"post_tag","embeddable":true,"href":"https:\/\/www.tui.pl\/blog\/wp-json\/wp\/v2\/tags?post=2510"}],"curies":[{"name":"wp","href":"https:\/\/api.w.org\/{rel}","templated":true}]}}