{"id":1477,"date":"2014-02-07T11:38:34","date_gmt":"2014-02-07T10:38:34","guid":{"rendered":"https:\/\/tui-blog.azurewebsites.net\/?p=1477"},"modified":"2024-05-20T14:24:57","modified_gmt":"2024-05-20T12:24:57","slug":"odkrywamy-wschodnie-wybrzeze-madery","status":"publish","type":"post","link":"https:\/\/www.tui.pl\/blog\/odkrywamy-wschodnie-wybrzeze-madery\/","title":{"rendered":"Poznajmy wschodnie wybrze\u017ce Madery"},"content":{"rendered":"<p><strong>Tym razem zaczniemy dosy\u0107 nietypowo. Ka\u017cdy kto przybywa na Mader\u0119 musi si\u0119 zetkn\u0105\u0107 z t\u0105 wyj\u0105tkow\u0105 budowl\u0105. Tak\u017ce przy okazji r\u00f3\u017cnych wycieczek zdarzy\u0107 si\u0119 mo\u017ce, \u017ce b\u0119dziemy j\u0105 podziwia\u0107 z innej perspektywy.\u00a0 Chodzi o lotnisko \u2013 co w nim nietypowego? Pas startowy a dok\u0142adnie jego konstrukcja. Cz\u0119\u015b\u0107 pasa spoczywa na 180 kolumnach o\u00a0wysoko\u015bci ok. 70 metr\u00f3w ka\u017cda, z daleka wydaje si\u0119, \u017ce pas startowy \u201ewisi w powietrzu\u201d. Pod pasem przebiega droga via Rapida \u0142\u0105cz\u0105ca Funchal z Machico. W\u0142a\u015bnie <i>Machico<\/i> b\u0119dzie kolejnym przystankiem wycieczki.<!--more--><\/strong><\/p>\n<p style=\"text-align: justify;\">Jest to miasto niezwyk\u0142e z historycznego punktu widzenia, to tutaj w 1420 roku przyby\u0142 kapitan Zarco i og\u0142osi\u0142 zwierzchnictwo Portugalii nad Mader\u0105, tym samym miasto sta\u0142o si\u0119 pierwsz\u0105 stolic\u0105 wyspy. Zwiedzanie miasta zaczniemy na tr\u00f3jk\u0105tnym placu zwanym Largo do Municipio. Na placu wznosi si\u0119 ratusz miejski z pocz\u0105tk\u00f3w XX w. Po\u015brodku placu znajduje si\u0119 pomnik pierwszego zarz\u0105dcy wyspy Trist\u00e3o Vaz Teixeiry. Po przeciwnej stronie ratusza stoi XV-wieczny ko\u015bci\u00f3\u0142 Igreja da Nossa Senhora da Concei\u00e7\u00e3o. W ko\u015bciele mo\u017cna podziwia\u0107 z\u0142ocony o\u0142tarz z figurk\u0105 Matki Boskiej, kt\u00f3ra zosta\u0142a podarowana przez kr\u00f3la Portugalii \u2013 Manuela I.<\/p>\n<div id=\"attachment_1478\" style=\"width: 310px\" class=\"wp-caption aligncenter\"><img loading=\"lazy\" decoding=\"async\" aria-describedby=\"caption-attachment-1478\" class=\"size-medium wp-image-1478 \" alt=\"Pomnik Trist\u00e3o Vaz Teixeiry\" src=\"https:\/\/tui-blog.azurewebsites.netwp-content\/uploads\/2014\/02\/pomnik2-300x225.jpg\" width=\"300\" height=\"225\" title=\"\"><p id=\"caption-attachment-1478\" class=\"wp-caption-text\">Pomnik Trist\u00e3o Vaz Teixeiry<\/p><\/div>\n<p style=\"text-align: justify;\">Spacer kontynuujemy na po\u0142udnie w\u0105skimi brukowanymi uliczkami prowadz\u0105cymi do zatoki. Po drodze zobaczymy \u017c\u00f3\u0142t\u0105 fortec\u0119, zbudowan\u0105 na planie tr\u00f3jk\u0105ta &#8211; Forte de Nossa Senhora do Amparo. Zosta\u0142a zbudowana w 1706 roku w celu obrony \u2013 podobnie jak inne fortece na Maderze \u2013 przed piratami. Dzisiaj jest udost\u0119pniona dla zwiedzaj\u0105cych. \u00a0Z fortecy ju\u017c tylko kilka krok\u00f3w dzieli nas od wybrukowanej promenady przy kt\u00f3rej mie\u015bci si\u0119 o\u015brodek kultury F\u00f3rum Machico. W o\u015brodku mie\u015bci si\u0119 bar z kt\u00f3rego rozci\u0105gaj\u0105 si\u0119 przepi\u0119kne widoki na zatok\u0119. Wracaj\u0105c w okolice Largo do Municipio mo\u017cna skierowa\u0107 si\u0119 na plac po drugiej stronie rzeki na Largo Senhor dos Milagres.\u00a0 Tutaj stoi Capella dos Milagres (kaplica Cud\u00f3w). Z kaplic\u0105 wi\u0105\u017ce si\u0119 legenda pewnego krucyfiksu. Kt\u00f3ry uwa\u017cano za zaginiony po powodzi, kt\u00f3ra porwa\u0142a ko\u015bci\u00f3\u0142, jednak po kilkudziesi\u0119ciu latach \u00f3w krucyfiks zosta\u0142 wyrzucony na brzeg i od tego czasu znajduje si\u0119 w ko\u015bciele powy\u017cej tabernakulum.<\/p>\n<p style=\"text-align: justify;\">Opuszczamy Machico i udajemy si\u0119 na wsch\u00f3d do miejscowo\u015bci znanej jako ostatnie miejsce w Europie gdzie po\u0142awiano wieloryby, mowa o <i>Cani\u00e7al<\/i>. Sama miejscowo\u015b\u0107 jest niewielka i do 1982 stanowi\u0142a baz\u0119 dla wielorybnik\u00f3w.\u00a0 Dzisiaj o przesz\u0142o\u015bci przypomina Museu de Baleia, gdzie mo\u017cna zapozna\u0107 si\u0119 z histori\u0105 po\u0142ow\u00f3w tych olbrzymich ssak\u00f3w na wyspie. Zgromadzono tutaj fotografie przedstawiaj\u0105ce m.in. sposoby ich od\u0142awiania. Znajduj\u0105 si\u0119 tutaj repliki \u0142odzi wielorybniczych oraz naturalnej wielko\u015bci model wieloryba. Cani\u00e7al jest \u015bwietnym miejscem dla os\u00f3b, kt\u00f3re ceni\u0105 sobie dania ze \u015bwie\u017co z\u0142owionych ryb, tutejsze bary i restauracje specjalizuj\u0105 si\u0119 w takich w\u0142a\u015bnie daniach.<\/p>\n<div id=\"attachment_1479\" style=\"width: 310px\" class=\"wp-caption aligncenter\"><a href=\"https:\/\/tui-blog.azurewebsites.netwp-content\/uploads\/2014\/02\/Cani\u00e7al.jpg\" data-rel=\"penci-gallery-image-content\" ><img loading=\"lazy\" decoding=\"async\" aria-describedby=\"caption-attachment-1479\" class=\"size-medium wp-image-1479  \" alt=\"Cani\u00e7al\" src=\"https:\/\/tui-blog.azurewebsites.netwp-content\/uploads\/2014\/02\/Cani\u00e7al-300x191.jpg\" width=\"300\" height=\"191\" title=\"\"><\/a><p id=\"caption-attachment-1479\" class=\"wp-caption-text\">Cani\u00e7al na Maderze (fot. Hansueli Krapf\/Wikimedia)<\/p><\/div>\n<p style=\"text-align: justify;\">My ruszamy w dalsz\u0105 drog\u0119. Tym razem udajemy si\u0119 na p\u00f3\u0142noc do <i>Porto da Cruz<\/i>. W miejscowo\u015bci znajduje si\u0119 stary m\u0142yn, w kt\u00f3rym do dnia dzisiejszego produkuje si\u0119 cukier z trzciny cukrowej. M\u0142yn znajduje si\u0119 nieopodal zatoki, mo\u017cna go pozna\u0107 po czerwonym kominie. To co naprawd\u0119 przyci\u0105ga do Porto da Cruz i s\u0105siedniej miejscowo\u015bci Faial to formacja skalna Penha d\u2019\u00c1guia, kt\u00f3ra oddziela obie miejscowo\u015bci. Na t\u0105 formacj\u0119 mo\u017cna si\u0119 wspi\u0105\u0107 i podziwia\u0107 osza\u0142amiaj\u0105ce widoki wschodniego wybrze\u017ca Madery \u2013 wida\u0107 st\u0105d m.in. Ponta de S\u00e3o Louren\u00e7o.<\/p>\n<p style=\"text-align: justify;\"><i>Faial<\/i> w ostatnich latach zas\u0142yn\u0119\u0142o z centrum rekreacyjnego, kt\u00f3re obejmuje naturalny basen, boiska do pi\u0142ki no\u017cnej oraz siatk\u00f3wki, a tak\u017ce restauracje.\u00a0 W pobli\u017cu pla\u017cy znajduje si\u0119 tor kartingowy.<\/p>\n<p style=\"text-align: justify;\">Z Faial kierujemy si\u0119 drog\u0105 ER 103 do <i>Ribeiro Frio<\/i>. Jest to niezwykle urocza miejscowo\u015b\u0107 po\u0142o\u017cona w samym sercu lasu wawrzynowego (Laurissilva), kt\u00f3ry\u00a0 jest unikatowy na skal\u0119 \u015bwiatow\u0105, zosta\u0142 wpisany na list\u0119 \u015bwiatowego dziedzictwa kulturowego UNESCO. Jest to niezwykle spokojne miejsce, w kt\u00f3rym towarzyszy nam szum p\u0142yn\u0105cego nieopodal potoku o tej samej nazwie co miejscowo\u015b\u0107. Do Ribeiro Frio &#8211; poza urokiem miejscowo\u015bci &#8211; przyci\u0105ga szlak Vereda dos Balc\u00f5es \u2013 jeden z \u0142atwiejszych na Maderze. Zaczyna si\u0119 on na drodze ER 103 nieoopodal restauracji Ribeiro Frio (jego pocz\u0105tek jest oznakowany tablic\u0105 z nazw\u0105 szlaku, kt\u00f3ra znajduje si\u0119 na skraju drogi). Ze wszystkich stron otaczaj\u0105 nas drzewa wawrzynowe, orchidee i platany. Po osi\u0105gni\u0119ciu punktu widokowego Balc\u00f5es, mo\u017cemy podziwia\u0107 zielona dolin\u0119 poro\u015bni\u0119t\u0105 lasem wawrzynowym &#8211; Ribeira da Metade. Przy dobrej pogodzie wida\u0107 st\u0105d najwy\u017csze szczyty wyspy: Pico Ruivo, Pico do Arieiro, Pico da Torres, Poco do Gato oraz charakterystyczny budynek elektrowni wodnej w Faj\u00e3 da Nogueira.<\/p>\n<p style=\"text-align: justify;\">W Ribeiro Frio znajduje si\u0119 jeszcze jedna atrakcja \u2013 hodowla pstr\u0105g\u00f3w. Warto j\u0105 odwiedzi\u0107 \u00a0cho\u0107by tylko po to, \u017ceby zobaczy\u0107 w jak pomys\u0142owy spos\u00f3b zosta\u0142a zbudowana.\u00a0 Pstr\u0105gi hodowane s\u0105 w kilku zbiornikach r\u00f3\u017cni\u0105cych si\u0119 kszta\u0142tem i wielko\u015bci\u0105, po\u0142\u0105czone s\u0105 mini kana\u0142ami z systemem zasuw \u2013 rozwi\u0105zanie proste i genialne.<\/p>\n<p style=\"text-align: justify;\">Opuszczamy Ribeiro Frio i kierujemy si\u0119 w stron\u0119 Funchal. Przeje\u017cd\u017camy przez osad\u0119 Poiso tutaj znajduje si\u0119 droga prowadz\u0105ca wprost na jeden z wy\u017cszych szczyt\u00f3w Madery &#8211;\u00a0 Pico do Arieiro . Za Poiso doje\u017cd\u017camy do skrzy\u017cowania i kierujemy si\u0119 drog\u0105 ER 203 do miejscowo\u015bci <i>Camacha<\/i>. Jest to urocza miejscowo\u015b\u0107 znana jako centrum wyrob\u00f3w wiklinowych. Z wikliny produkuje si\u0119 tutaj meble, kapelusze, ozdoby, naczynia kuchenne, uchwyty do wina i oczywi\u015bcie\u00a0 kosze we wszystkich rozmiarach i kszta\u0142tach, a tak\u017ce \u2026 sanie znane z Monte. Camacha znana jest tak\u017ce z Festa da Ma\u00e7\u00e3 czyli festiwalu jab\u0142ka, kt\u00f3ry odbywa si\u0119 w pa\u017adzierniku. Jest to wielkie wydarzenie dla mieszka\u0144c\u00f3w Camachy ze \u015bpiewem i ta\u0144cami folklorystycznymi. Podczas \u015bwi\u0119ta mo\u017cna zobaczy\u0107 jak produkuje si\u0119 cydr zwany \u201ecidra\u201d i oczywi\u015bcie go spr\u00f3bowa\u0107.<\/p>\n<p style=\"text-align: justify;\">Na dzisiaj ko\u0144czymy nasz\u0105 wycieczk\u0119 po wschodnim wybrze\u017cu. Mam nadziej\u0119, \u017ce jak ca\u0142a Madera ten region r\u00f3wnie\u017c przypadnie Pa\u0144stwu do gustu i z przyjemno\u015bci\u0105 go zwiedzicie.<\/p>\n<p style=\"text-align: justify;\"><em>(G\u0142\u00f3wna ilustracja fot.\u00a0anybookers)<\/em><\/p>\n","protected":false},"excerpt":{"rendered":"<p>Tym razem zaczniemy dosy\u0107 nietypowo. Ka\u017cdy kto przybywa na Mader\u0119 musi si\u0119 zetkn\u0105\u0107 z t\u0105 wyj\u0105tkow\u0105 budowl\u0105. Tak\u017ce przy okazji r\u00f3\u017cnych wycieczek zdarzy\u0107 si\u0119 mo\u017ce, \u017ce b\u0119dziemy j\u0105 podziwia\u0107 z&hellip;<\/p>\n","protected":false},"author":48,"featured_media":1480,"comment_status":"open","ping_status":"open","sticky":false,"template":"","format":"standard","meta":{"_lmt_disableupdate":"","_lmt_disable":"","footnotes":""},"categories":[9,21,182,30],"tags":[],"class_list":["post-1477","post","type-post","status-publish","format-standard","has-post-thumbnail","hentry","category-europa","category-madera","category-podroze","category-portugalia"],"home_img_url":false,"home_img_alt":"","_links":{"self":[{"href":"https:\/\/www.tui.pl\/blog\/wp-json\/wp\/v2\/posts\/1477","targetHints":{"allow":["GET"]}}],"collection":[{"href":"https:\/\/www.tui.pl\/blog\/wp-json\/wp\/v2\/posts"}],"about":[{"href":"https:\/\/www.tui.pl\/blog\/wp-json\/wp\/v2\/types\/post"}],"author":[{"embeddable":true,"href":"https:\/\/www.tui.pl\/blog\/wp-json\/wp\/v2\/users\/48"}],"replies":[{"embeddable":true,"href":"https:\/\/www.tui.pl\/blog\/wp-json\/wp\/v2\/comments?post=1477"}],"version-history":[{"count":1,"href":"https:\/\/www.tui.pl\/blog\/wp-json\/wp\/v2\/posts\/1477\/revisions"}],"predecessor-version":[{"id":3796,"href":"https:\/\/www.tui.pl\/blog\/wp-json\/wp\/v2\/posts\/1477\/revisions\/3796"}],"wp:featuredmedia":[{"embeddable":true,"href":"https:\/\/www.tui.pl\/blog\/wp-json\/"}],"wp:attachment":[{"href":"https:\/\/www.tui.pl\/blog\/wp-json\/wp\/v2\/media?parent=1477"}],"wp:term":[{"taxonomy":"category","embeddable":true,"href":"https:\/\/www.tui.pl\/blog\/wp-json\/wp\/v2\/categories?post=1477"},{"taxonomy":"post_tag","embeddable":true,"href":"https:\/\/www.tui.pl\/blog\/wp-json\/wp\/v2\/tags?post=1477"}],"curies":[{"name":"wp","href":"https:\/\/api.w.org\/{rel}","templated":true}]}}