{"id":1336,"date":"2013-12-23T22:57:57","date_gmt":"2013-12-23T21:57:57","guid":{"rendered":"https:\/\/tui-blog.azurewebsites.net\/?p=1336"},"modified":"2024-12-05T12:27:36","modified_gmt":"2024-12-05T11:27:36","slug":"swieta-i-nowy-rok-na-maderze","status":"publish","type":"post","link":"https:\/\/www.tui.pl\/blog\/swieta-i-nowy-rok-na-maderze\/","title":{"rendered":"\u015awi\u0119ta i Nowy Rok na Maderze"},"content":{"rendered":"<p style=\"text-align: justify;\"><strong>Ju\u017c nied\u0142ugo koniec roku. Od pocz\u0105tku grudnia wielu z nas ogarn\u0119\u0142a przed\u015bwi\u0105teczna gor\u0105czka. W witrynach sklepowych rozb\u0142ysn\u0119\u0142y \u015bwi\u0105teczne dekoracje, tworz\u0105c magiczny klimat bo\u017conarodzeniowy. W domach roznosi si\u0119 zapach pieczonych korzennych ciasteczek, makowca, gotowanego barszczu&#8230; Najpierw szykujemy tradycyjn\u0105 wigilijn\u0105 kolacj\u0119, a potem przygotowujemy si\u0119 do sylwestra z przyjaci\u00f3\u0142mi.<\/strong><!--more--><\/p>\n<div id=\"attachment_909\" style=\"width: 410px\" class=\"wp-caption aligncenter\"><a href=\"https:\/\/tui-blog.azurewebsites.netwp-content\/uploads\/2013\/12\/22.jpg\" data-rel=\"penci-gallery-image-content\" ><img decoding=\"async\" aria-describedby=\"caption-attachment-909\" class=\" wp-image-909 \" src=\"https:\/\/tui-blog.azurewebsites.netwp-content\/uploads\/2013\/12\/22.jpg\" alt=\"\" width=\"400\" title=\"\"><\/a><p id=\"caption-attachment-909\" class=\"wp-caption-text\">Fot.1.<\/p><\/div>\n<h2><\/h2>\n<p style=\"text-align: justify;\">A gdyby tak zmieni\u0107 coroczne plany i w tym czasie zamiast zosta\u0107 w domu uda\u0107 si\u0119 w niezwyk\u0142\u0105 podr\u00f3\u017c. Czy\u017c to nie brzmi ekscytuj\u0105co? Miejscem, kt\u00f3re warto odwiedzi\u0107 w okresie \u015bwi\u0105tecznym i karnawa\u0142owym jest z pewno\u015bci\u0105 Madera. Jej magia i lokalne zwyczaje zaczaruj\u0105 nawet najbardziej wybrednych podr\u00f3\u017cnik\u00f3w\u2026<\/p>\n<h2>Przed\u015bwi\u0105teczne zakupy na Maderze<\/h2>\n<p style=\"text-align: justify;\">Ju\u017c na pocz\u0105tku grudnia na Maderze, g\u0142\u00f3wnie w <strong>Funchal<\/strong> pojawiaj\u0105 si\u0119 drewniane budki, w kt\u00f3rych mo\u017cna zakupi\u0107 \u015bwi\u0105teczne przysmaki jak np. ciasto miodowe, oraz kwiaty doniczkowe. U nas popularna jest w tym okresie gwiazda betlejemska, a tam <strong>poinsecje, storczyki, anturium<\/strong>.<\/p>\n<div id=\"attachment_909\" style=\"width: 410px\" class=\"wp-caption aligncenter\"><a href=\"https:\/\/tui-blog.azurewebsites.netwp-content\/uploads\/2013\/12\/31.jpg\" data-rel=\"penci-gallery-image-content\" ><img decoding=\"async\" aria-describedby=\"caption-attachment-909\" class=\" wp-image-909 \" src=\"https:\/\/tui-blog.azurewebsites.netwp-content\/uploads\/2013\/12\/31.jpg\" alt=\"\" width=\"400\" title=\"\"><\/a><p id=\"caption-attachment-909\" class=\"wp-caption-text\">Fot.2.<\/p><\/div>\n<p style=\"text-align: justify;\">Osobom, kt\u00f3re sp\u0119dzaj\u0105 \u015awi\u0119ta czy karnawa\u0142 na Maderze polecam pojawi\u0107 si\u0119 tam jak najwcze\u015bniej. W grudniu na Maderze odbywa si\u0119 s\u0142ynna <strong>Noc na Targu (Noite do Mercado)<\/strong>. Tego dnia nikt nie idzie spa\u0107 wcze\u015bnie, wszyscy mieszka\u0144cy wyspy zje\u017cd\u017caj\u0105 si\u0119 do miasta na Mercado dos Lavradores (Rynek Rolnik\u00f3w). Najwi\u0119kszy bazar w Funchal otwarty jest przez ca\u0142\u0105 noc. To jest naprawd\u0119 niesamowite wydarzenie. Niekt\u00f3rych uczestnik\u00f3w targu mo\u017ce dziwi\u0107, jak to jest, \u017ce wszyscy akurat w przeddzie\u0144 Bo\u017cego Narodzenia robi\u0105 przed\u015bwi\u0105teczne zakupy. Jednak szybko zdaj\u0105 sobie spraw\u0119, \u017ce to nie tylko miejsce zakup\u00f3w, ale miejsce spotka\u0144 z przyjaci\u00f3\u0142mi, wsp\u00f3lnego kol\u0119dowania. Gdy zapada noc, najwi\u0119ksz\u0105 atrakcj\u0105 jest wsp\u00f3lne \u015bpiewanie tradycyjnych kol\u0119d. To zdarzenie jest wzbogacone udzia\u0142em zespo\u0142\u00f3w muzycznych i grup folklorystycznych. Wspania\u0142a atmosfera i zabawa trwaj\u0105 a\u017c do \u015bwitu.<\/p>\n<p style=\"text-align: justify;\">\u015awi\u0105teczny nastr\u00f3j pot\u0119guje tysi\u0105ce magicznych lampek i dekoracje \u015bwi\u0105teczne. B\u0119d\u0105c na Maderze podczas \u015bwi\u0105t, musimy koniecznie spr\u00f3bowa\u0107 lokalnego przysmaku z marynowanej wieprzowiny tj. <strong>Carne de vinho-e-\u00e1lhos<\/strong> oraz maderskiego wina. Okoliczne bary serwuj\u0105 wszystkim najr\u00f3\u017cniejsze napoje np. poncha (rum z cukru trzcinowego z dodatkiem miodu i soku z cytryny), cydr (nap\u00f3j z jab\u0142ek o niskiej zawarto\u015bci alkoholu) i popularna, znana r\u00f3wnie\u017c u nas sangria.<\/p>\n<div id=\"attachment_909\" style=\"width: 410px\" class=\"wp-caption aligncenter\"><a href=\"https:\/\/tui-blog.azurewebsites.netwp-content\/uploads\/2013\/12\/41.jpg\" data-rel=\"penci-gallery-image-content\" ><img decoding=\"async\" aria-describedby=\"caption-attachment-909\" class=\" wp-image-909 \" src=\"https:\/\/tui-blog.azurewebsites.netwp-content\/uploads\/2013\/12\/41.jpg\" alt=\"\" width=\"400\" title=\"\"><\/a><p id=\"caption-attachment-909\" class=\"wp-caption-text\">Fot.3.<\/p><\/div>\n<h2>Bo\u017ce Narodzenie<\/h2>\n<p style=\"text-align: justify;\">Madera obchodzi Bo\u017ce Narodzenie i Nowy Rok w tym samym czasie co wi\u0119kszo\u015b\u0107 narod\u00f3w chrze\u015bcija\u0144skich. Bo\u017ce Narodzenie ma tu bardzo wyj\u0105tkowe i szczeg\u00f3lne znaczenie dla mieszka\u0144c\u00f3w. To dla nich najwa\u017cniejsza pora roku, a \u015bwi\u0119ta obchodzone s\u0105 z wielk\u0105 tradycj\u0105, rado\u015bci\u0105, barw\u0105 i entuzjazmem.<\/p>\n<p style=\"text-align: justify;\">Na pierwszy rzut oka po przyje\u017adzie wszystko wydaje si\u0119 by\u0107 takie jak w Polsce, ale jak to si\u0119 m\u00f3wi \u201ediabe\u0142 tkwi w szczeg\u00f3\u0142ach\u201d. Specyficzna budowa Funchal, stolicy wyspy, powoduje, \u017ce w okresie \u015awi\u0105t i Nowego Roku miasto to, a\u017c kipi \u015bwi\u0105teczno\u015bci\u0105, kt\u00f3r\u0105 mo\u017cna podziwia\u0107 ju\u017c od pocz\u0105tku grudnia. Maderczycy podobnie jak Polacy ubieraj\u0105 przed \u015awi\u0119tami Bo\u017cego Narodzenia <strong>choink\u0119<\/strong>, z tym, \u017ce zazwyczaj jest to ma\u0142a <strong>sosenka<\/strong>. W niekt\u00f3rych domach wykonuje si\u0119 choink\u0119 z masy papierowej, lub kupionych na targu ga\u0142\u0105zek. Przy wigilijnym stole gromadz\u0105 si\u0119 ca\u0142e rodziny i zasiadaj\u0105 wsp\u00f3lnie do kolacji, zwanej <strong>consoad\u0105<\/strong>. W ca\u0142ej Portugalii popularna jest tradycja zapraszania na wieczerz\u0119 <strong>dusz zmar\u0142ych<\/strong>, dla nich przygotowuje si\u0119 puste miejsce. Niekt\u00f3rzy wrzucaj\u0105 okruszki z wieczerzy wigilijnej do kominka, co jest oznak\u0105 szcz\u0119\u015bcia w Nowym Roku.<\/p>\n<p style=\"text-align: justify;\">W tym magicznym okresie na ulicach Funchal s\u0105 miliony \u015bwiate\u0142ek w wielu kolorach. Ale nie tylko kolorowo i weso\u0142o jest w stolicy. R\u00f3wnie\u017c drogi poza Funchal o\u015bwietlone s\u0105 lamkami, prawie wszystkie latarnie na ca\u0142ej Maderze po\u0142\u0105czone s\u0105 \u015bwi\u0105tecznymi \u0142a\u0144cuchami, co z nieba daje wra\u017cenie <strong>o\u015bwietlonej mapy drogowej<\/strong>.<\/p>\n<p style=\"text-align: justify;\">Wspania\u0142a dekoracja \u015bwi\u0105teczna wraz z fantastycznymi <strong>noworocznymi fajerwerkami <\/strong>powoduje, \u017ce Madera jest jednym z najbardziej atrakcyjnych miejsc, do kt\u00f3rego przyje\u017cd\u017ca coraz wi\u0119cej turyst\u00f3w, by prze\u017cywa\u0107 ten szczeg\u00f3lny nastr\u00f3j.<\/p>\n<div id=\"attachment_909\" style=\"width: 410px\" class=\"wp-caption aligncenter\"><a href=\"https:\/\/tui-blog.azurewebsites.netwp-content\/uploads\/2013\/12\/5.jpg\" data-rel=\"penci-gallery-image-content\" ><img decoding=\"async\" aria-describedby=\"caption-attachment-909\" class=\" wp-image-909 \" src=\"https:\/\/tui-blog.azurewebsites.netwp-content\/uploads\/2013\/12\/5.jpg\" alt=\"\" width=\"400\" title=\"\"><\/a><p id=\"caption-attachment-909\" class=\"wp-caption-text\">Fot.4.<\/p><\/div>\n<h2>Sylwester na Maderze<\/h2>\n<p style=\"text-align: justify;\">Madera s\u0142ynie z niezapomnianych wra\u017ce\u0144 w noc sylwestrow\u0105. Odbywa si\u0119 tam jeden z najbardziej <strong>spektakularnych pokaz\u00f3w sztucznych ogni<\/strong> na ca\u0142ym \u015bwiecie. W noc sylwestrow\u0105 amfiteatr w Funchal jest scen\u0105 dla najpi\u0119kniejszej i najbardziej niesamowitych wystrza\u0142\u00f3w pirotechnicznych. Pokaz trwa zazwyczaj oko\u0142o 10 minut, a sztuczne ognie odpalane s\u0105 z 37 miejsc wok\u00f3\u0142 Funchal, z czego 6 miejsc zlokalizowanych jest na specjalnych platformach umieszczonych na oceanie. W czasie pokazu zu\u017cywanych jest 17 ton sztucznych ogni. \u015arednio podczas takiego pokazu jest ok 60 tys. wystrza\u0142\u00f3w. Od 2006 roku znajduje si\u0119 na li\u015bcie w <strong>Ksi\u0119dze Rekord\u00f3w Guinessa, jako najwi\u0119kszy na \u015bwiecie pokaz sztucznych ogni.<\/strong> Pokaz sztucznych ogni jest jedn\u0105 z najwi\u0119kszych atrakcji turystycznych. Coraz wi\u0119cej os\u00f3b podr\u00f3\u017cuje tutaj wy\u0142\u0105cznie w celu bycia osobi\u015bcie \u015bwiadkiem tego show rzadkiej urody. Niesamowity urok maj\u0105 te\u017c o\u015bwietlone statki, pe\u0142ne turyst\u00f3w, zakotwiczone wzd\u0142u\u017c zatoki Funchal obserwuj\u0105ce pokaz. \u017beby tradycji sta\u0142o si\u0119 za do\u015b\u0107, o p\u00f3\u0142nocy obowi\u0105zkowo trzeba wypi\u0107 <strong>kieliszek szampana z dwunastoma rodzynkami<\/strong>.<\/p>\n<div id=\"attachment_909\" style=\"width: 410px\" class=\"wp-caption aligncenter\"><a href=\"https:\/\/tui-blog.azurewebsites.netwp-content\/uploads\/2013\/12\/6.jpg\" data-rel=\"penci-gallery-image-content\" ><img decoding=\"async\" aria-describedby=\"caption-attachment-909\" class=\" wp-image-909 \" src=\"https:\/\/tui-blog.azurewebsites.netwp-content\/uploads\/2013\/12\/6.jpg\" alt=\"\" width=\"400\" title=\"\"><\/a><p id=\"caption-attachment-909\" class=\"wp-caption-text\">Fot.5.<\/p><\/div>\n","protected":false},"excerpt":{"rendered":"<p>Ju\u017c nied\u0142ugo koniec roku. Od pocz\u0105tku grudnia wielu z nas ogarn\u0119\u0142a przed\u015bwi\u0105teczna gor\u0105czka. W witrynach sklepowych rozb\u0142ysn\u0119\u0142y \u015bwi\u0105teczne dekoracje, tworz\u0105c magiczny klimat bo\u017conarodzeniowy. W domach roznosi si\u0119 zapach pieczonych korzennych&hellip;<\/p>\n","protected":false},"author":48,"featured_media":1345,"comment_status":"open","ping_status":"open","sticky":false,"template":"","format":"standard","meta":{"_lmt_disableupdate":"","_lmt_disable":"","footnotes":""},"categories":[9,21,182,30],"tags":[],"class_list":["post-1336","post","type-post","status-publish","format-standard","has-post-thumbnail","hentry","category-europa","category-madera","category-podroze","category-portugalia"],"home_img_url":false,"home_img_alt":"","_links":{"self":[{"href":"https:\/\/www.tui.pl\/blog\/wp-json\/wp\/v2\/posts\/1336","targetHints":{"allow":["GET"]}}],"collection":[{"href":"https:\/\/www.tui.pl\/blog\/wp-json\/wp\/v2\/posts"}],"about":[{"href":"https:\/\/www.tui.pl\/blog\/wp-json\/wp\/v2\/types\/post"}],"author":[{"embeddable":true,"href":"https:\/\/www.tui.pl\/blog\/wp-json\/wp\/v2\/users\/48"}],"replies":[{"embeddable":true,"href":"https:\/\/www.tui.pl\/blog\/wp-json\/wp\/v2\/comments?post=1336"}],"version-history":[{"count":2,"href":"https:\/\/www.tui.pl\/blog\/wp-json\/wp\/v2\/posts\/1336\/revisions"}],"predecessor-version":[{"id":9715,"href":"https:\/\/www.tui.pl\/blog\/wp-json\/wp\/v2\/posts\/1336\/revisions\/9715"}],"wp:featuredmedia":[{"embeddable":true,"href":"https:\/\/www.tui.pl\/blog\/wp-json\/"}],"wp:attachment":[{"href":"https:\/\/www.tui.pl\/blog\/wp-json\/wp\/v2\/media?parent=1336"}],"wp:term":[{"taxonomy":"category","embeddable":true,"href":"https:\/\/www.tui.pl\/blog\/wp-json\/wp\/v2\/categories?post=1336"},{"taxonomy":"post_tag","embeddable":true,"href":"https:\/\/www.tui.pl\/blog\/wp-json\/wp\/v2\/tags?post=1336"}],"curies":[{"name":"wp","href":"https:\/\/api.w.org\/{rel}","templated":true}]}}