{"id":12458,"date":"2026-02-15T12:21:00","date_gmt":"2026-02-15T11:21:00","guid":{"rendered":"https:\/\/www.tui.pl\/blog\/?p=12458"},"modified":"2026-03-05T09:13:08","modified_gmt":"2026-03-05T08:13:08","slug":"oferta-zima-2026-27-ruszyla","status":"publish","type":"post","link":"https:\/\/www.tui.pl\/blog\/oferta-zima-2026-27-ruszyla\/","title":{"rendered":"Sprzeda\u017c Zima 2026\/27 First Minute\u00ae ruszy\u0142a! Sprawd\u017a gor\u0105ce oferty i skorzystaj z benefit\u00f3w"},"content":{"rendered":"\n<p>Oferta na sezon <strong>Zima 2026\/27<\/strong> <strong>First Minute\u00ae <\/strong>jest ju\u017c dost\u0119pna dla wszystkich klient\u00f3w. To doskona\u0142y moment, aby zaplanowa\u0107 kolejne zimowe wakacje w ciep\u0142ych krajach i zapewni\u0107 sobie najlepsz\u0105 opcj\u0119 wyjazdu. Urlop zim\u0105 to idealny spos\u00f3b, by na\u0142adowa\u0107 baterie, odpocz\u0105\u0107 od codziennych obowi\u0105zk\u00f3w, a tak\u017ce w pe\u0142ni cieszy\u0107 si\u0119 przyjemnymi temperaturami i brakiem zmiennej pogody, kt\u00f3ra cz\u0119sto towarzyszy nam w tym czasie w Polsce. <\/p>\n\n\n\n<h2 class=\"wp-block-heading\">Pakiet benefit\u00f3w i nowo\u015bci w ofercie<\/h2>\n\n\n\n<p>W ofercie znajduje si\u0119 szeroki wyb\u00f3r hoteli na ca\u0142ym \u015bwiecie, a rezerwacji mo\u017cna dokona\u0107 wygodnie przez <a href=\"https:\/\/www.tui.pl\/\" target=\"_blank\" data-type=\"link\" data-id=\"tui.pl\" rel=\"noreferrer noopener\">stron\u0119 internetow\u0105<\/a>, <a href=\"https:\/\/www.tui.pl\/aplikacja-mobilna-tui\" target=\"_blank\" rel=\"noreferrer noopener\">aplikacj\u0119 mobiln\u0105<\/a>, Telefoniczne Centrum Rezerwacji lub w jednym z biur TUI na terenie ca\u0142ej Polski. Wraz ze startem oferty przygotowali\u015bmy pakiet benefit\u00f3w, kt\u00f3ry daje mo\u017cliwo\u015b\u0107 skorzystania z najlepszych ofert, nie wymaga dokonywania du\u017cych op\u0142at i gwarantuje spok\u00f3j. Co to dok\u0142adnie oznacza?<\/p>\n\n\n\n<h2 class=\"wp-block-heading\">Dlaczego warto kupowa\u0107 w First Minute w TUI?<\/h2>\n\n\n\n<p>Rezerwuj\u0105c wakacje w ofercie First Minute w TUI, zyskujesz dost\u0119p do szeregu istotnych korzy\u015bci, kt\u00f3re przek\u0142adaj\u0105 si\u0119 na komfort i bezpiecze\u0144stwo planowania urlopu. Zakupy w przedsprzeda\u017cy zapewniaj\u0105 dost\u0119p do szerokiego wyboru hoteli i termin\u00f3w i pozwalaj\u0105 na skorzystanie z <strong>niskiej zaliczki<\/strong> wynosz\u0105cej jedynie <strong>5%<\/strong>, dzi\u0119ki kt\u00f3rej mo\u017cesz zaplanowa\u0107 sw\u00f3j wymarzony wyjazd bez wi\u0119kszego obci\u0105\u017cania bud\u017cetu. Pozosta\u0142\u0105 kwot\u0119 nale\u017cy op\u0142aci\u0107 dopiero 25 dni przed wyjazdem. <\/p>\n\n\n\n<p>Kolejnym benefitem jest <strong>Pakiet Elastyczny Premium<\/strong> za jedyne 40 z\u0142\/os., kt\u00f3ry daje wi\u0119ksz\u0105 swobod\u0119 w przypadku zmiany wakacyjnych plan\u00f3w. Ca\u0142o\u015b\u0107 uzupe\u0142nia <strong>Gwarancja Niezmienno\u015bci Ceny <\/strong>w niskiej cenie, dzi\u0119ki kt\u00f3rej masz pewno\u015b\u0107, \u017ce koszt zarezerwowanych wakacji nie wzro\u015bnie a\u017c do dnia wyjazdu. To rozwi\u0105zania, kt\u00f3re zapewniaj\u0105 komfort i wygod\u0119 od samego pocz\u0105tku organizacji podr\u00f3\u017cy.<\/p>\n\n\n\n<h2 class=\"wp-block-heading\">Dok\u0105d polecisz z TUI Zim\u0105 2026\/27? Zimowe wakacje w ciep\u0142ych krajach<\/h2>\n\n\n\n<p>Polecane kierunki na wakacje w sezonie Zima 2026\/27 to mi\u0119dzy innymi bliskie i ciep\u0142e destynacje takie jak: <\/p>\n\n\n\n<ul class=\"wp-block-list\">\n<li><a href=\"https:\/\/www.tui.pl\/wypoczynek\/wyspy-kanaryjskie\" target=\"_blank\" rel=\"noreferrer noopener\">Wyspy Kanaryjskie<\/a>, <\/li>\n\n\n\n<li><a href=\"https:\/\/www.tui.pl\/wypoczynek\/portugalia\/madera\" target=\"_blank\" rel=\"noreferrer noopener\">Madera<\/a>, <\/li>\n\n\n\n<li><a href=\"https:\/\/www.tui.pl\/wypoczynek\/turcja\/riwiera-turecka\" target=\"_blank\" rel=\"noreferrer noopener\">Riwiera Turecka<\/a>, <\/li>\n\n\n\n<li><a href=\"https:\/\/www.tui.pl\/wypoczynek\/egipt\" target=\"_blank\" rel=\"noreferrer noopener\">Egipt<\/a>. <\/li>\n<\/ul>\n\n\n\n<p>Kierunki egzotyczne: <\/p>\n\n\n\n<ul class=\"wp-block-list\">\n<li><a href=\"https:\/\/www.tui.pl\/wypoczynek\/wyspy-zielonego-przyladka\" target=\"_blank\" rel=\"noreferrer noopener\">Wyspy Zielonego Przyl\u0105dka<\/a> (wyspa Sal), <\/li>\n\n\n\n<li><a href=\"https:\/\/www.tui.pl\/wypoczynek\/zjednoczone-emiraty-arabskie\" target=\"_blank\" rel=\"noreferrer noopener\">Zjednoczone Emiraty Arabskie<\/a>, <\/li>\n\n\n\n<li><a href=\"https:\/\/www.tui.pl\/wypoczynek\/zanzibar\" target=\"_blank\" rel=\"noreferrer noopener\">Zanzibar<\/a>, <\/li>\n\n\n\n<li><a href=\"https:\/\/www.tui.pl\/wypoczynek\/kenia\" target=\"_blank\" rel=\"noreferrer noopener\">Kenia<\/a>, <\/li>\n\n\n\n<li><a href=\"https:\/\/www.tui.pl\/wypoczynek\/oman\" target=\"_blank\" rel=\"noreferrer noopener\">Oman<\/a>,<\/li>\n\n\n\n<li><a href=\"https:\/\/www.tui.pl\/wypoczynek\/sri-lanka\" target=\"_blank\" rel=\"noreferrer noopener\">Sri Lanka<\/a><\/li>\n\n\n\n<li><a href=\"https:\/\/www.tui.pl\/wypoczynek\/gambia\" target=\"_blank\" rel=\"noreferrer noopener\">Gambia<\/a> \u2013 nowo\u015b\u0107 w ofercie TUI.<\/li>\n<\/ul>\n\n\n\n<p>Kierunki egzotyczne z przelotem Dreamlinerem: <\/p>\n\n\n\n<ul class=\"wp-block-list\">\n<li><a href=\"https:\/\/www.tui.pl\/wypoczynek\/meksyk\" target=\"_blank\" rel=\"noreferrer noopener\">Meksyk<\/a>, <\/li>\n\n\n\n<li><a href=\"https:\/\/www.tui.pl\/wypoczynek\/dominikana\" target=\"_blank\" rel=\"noreferrer noopener\">Dominikana<\/a>, <\/li>\n\n\n\n<li><a href=\"https:\/\/www.tui.pl\/wypoczynek\/mauritius\" target=\"_blank\" rel=\"noreferrer noopener\">Mauritius<\/a>.<\/li>\n<\/ul>\n\n\n\n<h2 class=\"wp-block-heading\">Zima w stylu TUI \u2013 nowe kierunki, nowe wra\u017cenia<\/h2>\n\n\n\n<p>Niezale\u017cnie od tego, czy marz\u0105 Ci si\u0119 bia\u0142e pla\u017ce, rafy koralowe, czy aktywny wypoczynek, oferta Zima 2026\/27 w TUI pozwala idealnie dopasowa\u0107 kierunek do Twoich potrzeb. Zaplanuj wakacje zim\u0105 ju\u017c dzi\u015b i ciesz si\u0119 b\u0142ogim odpoczynkiem na urlopie w cieniu palm.<\/p>\n\n\n\n<p><\/p>\n\n\n\n<div class=\"wp-block-buttons is-content-justification-center is-layout-flex wp-container-core-buttons-is-layout-16018d1d wp-block-buttons-is-layout-flex\">\n<div class=\"wp-block-button is-style-fill\"><a class=\"wp-block-button__link has-vivid-red-background-color has-background wp-element-button\" href=\"https:\/\/www.tui.pl\/first-minute-zima\"><strong>Sprawd\u017a ofert\u0119 Zima 2026\/27<\/strong><\/a><\/div>\n<\/div>\n\n\n\n<p><\/p>\n\n\n\n<p>Zach\u0119camy do regularnego \u015bledzenia naszej oferty First Minute, kt\u00f3r\u0105 nieustannie poszerzamy o nowe, ekscytuj\u0105ce kierunki oraz starannie wyselekcjonowane hotele.<\/p>\n","protected":false},"excerpt":{"rendered":"<p>Oferta na sezon Zima 2026\/27 First Minute\u00ae jest ju\u017c dost\u0119pna dla wszystkich klient\u00f3w. To doskona\u0142y moment, aby zaplanowa\u0107 kolejne zimowe wakacje w ciep\u0142ych krajach i zapewni\u0107 sobie najlepsz\u0105 opcj\u0119 wyjazdu.&hellip;<\/p>\n","protected":false},"author":55,"featured_media":12461,"comment_status":"closed","ping_status":"closed","sticky":false,"template":"","format":"standard","meta":{"_lmt_disableupdate":"","_lmt_disable":"","footnotes":""},"categories":[182],"tags":[],"class_list":["post-12458","post","type-post","status-publish","format-standard","has-post-thumbnail","hentry","category-podroze"],"home_img_url":"https:\/\/www.tui.pl\/blog\/wp-content\/uploads\/2026\/01\/Zima-2026-2027-wystartowala-Sprawdz-dlaczego-warto-zarezerwowac-oferty-w-First-Minute-585x390.jpg","home_img_alt":"Zima 2026\/2027 wystartowa\u0142a! Sprawd\u017a, dlaczego warto zarezerwowa\u0107 oferty w First Minute","_links":{"self":[{"href":"https:\/\/www.tui.pl\/blog\/wp-json\/wp\/v2\/posts\/12458","targetHints":{"allow":["GET"]}}],"collection":[{"href":"https:\/\/www.tui.pl\/blog\/wp-json\/wp\/v2\/posts"}],"about":[{"href":"https:\/\/www.tui.pl\/blog\/wp-json\/wp\/v2\/types\/post"}],"author":[{"embeddable":true,"href":"https:\/\/www.tui.pl\/blog\/wp-json\/wp\/v2\/users\/55"}],"replies":[{"embeddable":true,"href":"https:\/\/www.tui.pl\/blog\/wp-json\/wp\/v2\/comments?post=12458"}],"version-history":[{"count":3,"href":"https:\/\/www.tui.pl\/blog\/wp-json\/wp\/v2\/posts\/12458\/revisions"}],"predecessor-version":[{"id":12839,"href":"https:\/\/www.tui.pl\/blog\/wp-json\/wp\/v2\/posts\/12458\/revisions\/12839"}],"wp:featuredmedia":[{"embeddable":true,"href":"https:\/\/www.tui.pl\/blog\/wp-json\/wp\/v2\/media\/12461"}],"wp:attachment":[{"href":"https:\/\/www.tui.pl\/blog\/wp-json\/wp\/v2\/media?parent=12458"}],"wp:term":[{"taxonomy":"category","embeddable":true,"href":"https:\/\/www.tui.pl\/blog\/wp-json\/wp\/v2\/categories?post=12458"},{"taxonomy":"post_tag","embeddable":true,"href":"https:\/\/www.tui.pl\/blog\/wp-json\/wp\/v2\/tags?post=12458"}],"curies":[{"name":"wp","href":"https:\/\/api.w.org\/{rel}","templated":true}]}}