{"id":11166,"date":"2025-08-06T16:23:23","date_gmt":"2025-08-06T14:23:23","guid":{"rendered":"https:\/\/www.tui.pl\/blog\/?p=11166"},"modified":"2025-08-06T16:23:24","modified_gmt":"2025-08-06T14:23:24","slug":"co-spakowac-na-majorke-lista-rzeczy-do-zabrania","status":"publish","type":"post","link":"https:\/\/www.tui.pl\/blog\/co-spakowac-na-majorke-lista-rzeczy-do-zabrania\/","title":{"rendered":"Co spakowa\u0107 na Majork\u0119? Lista rzeczy, o kt\u00f3rych trzeba pami\u0119ta\u0107"},"content":{"rendered":"\n<p>Zanim Majorka oczaruje Ci\u0119 zapachem cytrus\u00f3w, smakiem \u015bwie\u017cych owoc\u00f3w morza i d\u017awi\u0119kiem fal rozbijaj\u0105cych si\u0119 o ska\u0142y, musisz stan\u0105\u0107 oko w oko z pierwszym podr\u00f3\u017cniczym wyzwaniem \u2013 pakowaniem walizki. Co zabra\u0107, aby zmie\u015bci\u0107 si\u0119 w limicie baga\u017cowym i by\u0107 przygotowanym na kaprysy pogody, spontaniczne wycieczki w g\u00f3ry i wieczorne kolacje pod go\u0142ym niebem? Sprawd\u017a, co spakowa\u0107 na Majork\u0119 i przygotuj si\u0119 na niezapomniane wakacje!<\/p>\n\n\n\n<h2 class=\"wp-block-heading\">Co zabra\u0107 na Majork\u0119? Przygotuj list\u0119!<\/h2>\n\n\n\n<p>Wyjazd na <a target=\"_blank\" rel=\"noreferrer noopener\" href=\"https:\/\/www.tui.pl\/wypoczynek\/hiszpania\/majorka\">Majork\u0119<\/a> to obietnica s\u0142o\u0144ca, ciep\u0142ych wieczor\u00f3w i zachwycaj\u0105cych krajobraz\u00f3w rozci\u0105gaj\u0105cych si\u0119 nad lazurowymi wodami Morza \u015ar\u00f3dziemnego. Aby w pe\u0142ni odda\u0107 si\u0119 tej \u015br\u00f3dziemnomorskiej sielance i prze\u017cy\u0107 wakacje bez \u017cadnych trosk, warto odpowiednio si\u0119 przygotowa\u0107 i spakowa\u0107 wszystkie niezb\u0119dne rzeczy. Nie chodzi jednak o to, aby zabra\u0107 ze sob\u0105 p\u00f3\u0142 domu! Liczy si\u0119 przemy\u015blany wyb\u00f3r \u2013 zabierz rzeczy, kt\u00f3re ochroni\u0105 Ci\u0119 przed upa\u0142em, zapewni\u0105 komfort podczas zwiedzania i wypoczynku na pla\u017cy, a przy okazji nie obci\u0105\u017c\u0105 nadmiernie baga\u017cu. Odpowiednio skompletowana walizka to gwarancja, \u017ce nie zaskocz\u0105 Ci\u0119 ani nag\u0142a zmiana pogody, ani planowana spontaniczna wycieczka w nieznane zak\u0105tki wyspy.<\/p>\n\n\n\n<p>Warto jednak pami\u0119ta\u0107, \u017ce nie istnieje uniwersalna recepta na idealnie spakowan\u0105 walizk\u0119 \u2013 ka\u017cda podr\u00f3\u017c jest inna, a potrzeby zale\u017c\u0105 od indywidualnych plan\u00f3w i stylu wypoczynku. Niemniej istnieje kilka podstawowych element\u00f3w, kt\u00f3re przydadz\u0105 si\u0119 ka\u017cdemu podr\u00f3\u017cnikowi. Najwa\u017cniejsze, aby pami\u0119ta\u0107, \u017ce ma by\u0107 lekko, wygodnie i praktycznie. W Twojej walizce powinny si\u0119 znale\u017a\u0107:<\/p>\n\n\n\n<ul class=\"wp-block-list\">\n<li>dokumenty, ubezpieczenie podr\u00f3\u017cne;<\/li>\n\n\n\n<li>okulary przeciws\u0142oneczne, nakrycie g\u0142owy, krem z filtrem;<\/li>\n\n\n\n<li>str\u00f3j k\u0105pielowy;<\/li>\n\n\n\n<li>przewiewne ubrania oraz cienka kurtka;<\/li>\n\n\n\n<li>wygodne buty na zwiedzanie;<\/li>\n\n\n\n<li>\u0142adowarka i powerbank;<\/li>\n\n\n\n<li>torba pla\u017cowa i ma\u0142y plecak;<\/li>\n\n\n\n<li>miniapteczka i podstawowe leki.<\/li>\n<\/ul>\n\n\n\n<h2 class=\"wp-block-heading\">Niezb\u0119dne dokumenty i ubezpieczenie turystyczne<\/h2>\n\n\n\n<figure class=\"wp-block-image size-full\"><img loading=\"lazy\" decoding=\"async\" width=\"1000\" height=\"667\" src=\"https:\/\/www.tui.pl\/blog\/wp-content\/uploads\/2025\/08\/shutterstock_2465322087-1.jpg\" alt=\"Co spakowa\u0107 na Majork\u0119? Zabierz najpotrzebniejsze dokumenty.\" class=\"wp-image-11168\" title=\"\" srcset=\"https:\/\/www.tui.pl\/blog\/wp-content\/uploads\/2025\/08\/shutterstock_2465322087-1.jpg 1000w, https:\/\/www.tui.pl\/blog\/wp-content\/uploads\/2025\/08\/shutterstock_2465322087-1-600x400.jpg 600w, https:\/\/www.tui.pl\/blog\/wp-content\/uploads\/2025\/08\/shutterstock_2465322087-1-768x512.jpg 768w, https:\/\/www.tui.pl\/blog\/wp-content\/uploads\/2025\/08\/shutterstock_2465322087-1-585x390.jpg 585w, https:\/\/www.tui.pl\/blog\/wp-content\/uploads\/2025\/08\/shutterstock_2465322087-1-263x175.jpg 263w\" sizes=\"auto, (max-width: 1000px) 100vw, 1000px\" \/><\/figure>\n\n\n\n<p>Pakowanie walizki na najwi\u0119ksz\u0105 wysp\u0119 archipelagu Balear\u00f3w warto zacz\u0105\u0107 od skompletowania wszystkich wa\u017cnych dokument\u00f3w, kt\u00f3re b\u0119d\u0105 potrzebne zar\u00f3wno przy przekraczaniu granicy, jak i podczas ca\u0142ego pobytu. Najwa\u017cniejszy jest aktualny dow\u00f3d osobisty lub paszport \u2013 dokumenty te umo\u017cliwi\u0105 przekroczenie granicy <a target=\"_blank\" rel=\"noreferrer noopener\" href=\"https:\/\/www.tui.pl\/wypoczynek\/hiszpania\">Hiszpanii <\/a>i zameldowanie si\u0119 w hotelu. Warto sprawdzi\u0107 odpowiednio wcze\u015bniej ich dat\u0119 wa\u017cno\u015bci, aby unikn\u0105\u0107 nieprzyjemnych niespodzianek na lotnisku.\u202fJe\u015bli planujesz wynaj\u0119cie samochodu, koniecznie spakuj r\u00f3wnie\u017c prawo jazdy i kart\u0119 kredytow\u0105 \u2013 b\u0119d\u0105 one niezb\u0119dne do podpisania umowy i pobrania depozytu w wypo\u017cyczalni. Wynajem samochodu to doskona\u0142y spos\u00f3b na swobodne zwiedzanie Majorki i odkrywanie jej najpi\u0119kniejszych zak\u0105tk\u00f3w we w\u0142asnym tempie.<\/p>\n\n\n\n<p>Dla w\u0142asnego komfortu i bezpiecze\u0144stwa zaleca si\u0119 wykonanie kopii wszystkich istotnych dokument\u00f3w \u2013 zar\u00f3wno w formie skan\u00f3w zapisanych na telefonie lub w chmurze, jak i wydrukowanych egzemplarzy. Utrata dokument\u00f3w za granic\u0105 wi\u0105\u017ce si\u0119 z du\u017cym stresem, ale posiadanie zapasowych kopii zdecydowanie u\u0142atwia p\u00f3\u017aniejsze formalno\u015bci. Dobrze zorganizowana dokumentacja pozwala cieszy\u0107 si\u0119 urlopem od pierwszych chwil po przylocie i unikn\u0105\u0107 niepotrzebnego stresu, kt\u00f3ry mo\u017ce pojawi\u0107 si\u0119 w najmniej odpowiednim momencie.<\/p>\n\n\n\n<h3 class=\"wp-block-heading\">Aplikacja TUI \u2013 cyfrowy asystent podr\u00f3\u017cy<\/h3>\n\n\n\n<p>Jednym z najbardziej praktycznych udogodnie\u0144 podczas wyjazdu z biurem podr\u00f3\u017cy <a target=\"_blank\" rel=\"noreferrer noopener\" href=\"https:\/\/www.tui.pl\/\">TUI<\/a> jest nowoczesna aplikacja mobilna, kt\u00f3ra znacz\u0105co podnosi komfort podr\u00f3\u017cowania. Aplikacja daje natychmiastowy dost\u0119p do wszelkich istotnych informacji w obr\u0119bie myTUI \u2013 od bilet\u00f3w lotniczych, przez dokumenty podr\u00f3\u017cy, po szczeg\u00f3\u0142owy plan wyjazdu czy propozycje atrakcji w okolicy. Dzi\u0119ki temu wszystkie niezb\u0119dne dokumenty i dane masz zawsze przy sobie, bez potrzeby drukowania czy przegl\u0105dania e-maili.<\/p>\n\n\n\n<h3 class=\"wp-block-heading\">Inwestycja w bezpiecze\u0144stwo<\/h3>\n\n\n\n<p>Inwestycja w bezpiecze\u0144stwo to podstawa podczas ka\u017cdej zagranicznej podr\u00f3\u017cy, dlatego wa\u017cne jest, aby przestrzega\u0107 podstawowych zasad bezpiecze\u0144stwa i nie zaniedbywa\u0107 kwestii ochrony. Warto zdecydowa\u0107 si\u0119 na rozszerzone <a target=\"_blank\" rel=\"noreferrer noopener\" href=\"https:\/\/www.tui.pl\/ubezpieczenia-turystyczne\">ubezpieczenie turystyczne<\/a>, kt\u00f3re pozwala unikn\u0105\u0107 wysokich koszt\u00f3w leczenia oraz innych niespodziewanych wydatk\u00f3w zwi\u0105zanych z nag\u0142ymi zdarzeniami, takimi jak choroba, wypadek czy op\u00f3\u017anienie lotu. Dobrze dobrane ubezpieczenie obejmuje zwykle ochron\u0119 w zakresie nast\u0119pstw nieszcz\u0119\u015bliwych wypadk\u00f3w (NNW) oraz odpowiedzialno\u015bci cywilnej (OC) w \u017cyciu prywatnym, co jest szczeg\u00f3lnie istotne w miejscach odwiedzanych przez wielu turyst\u00f3w. Dzi\u0119ki OC jeste\u015b dodatkowo zabezpieczony przed konsekwencjami finansowymi, kt\u00f3re mog\u0142yby powsta\u0107 w wyniku nieumy\u015blnego wyrz\u0105dzenia szk\u00f3d osobom trzecim.<\/p>\n\n\n\n<p>Warto pami\u0119ta\u0107, \u017ce nawet najlepsze ubezpieczenie nie zwalnia z potrzeby przestrzegania podstawowych zasad bezpiecze\u0144stwa \u2013 zar\u00f3wno w czasie podr\u00f3\u017cy, jak i podczas zwiedzania najpi\u0119kniejszych zak\u0105tk\u00f3w wyspy. Odpowiedzialne zachowanie, dba\u0142o\u015b\u0107 o swoje rzeczy i zdrowie oraz znajomo\u015b\u0107 podstawowych procedur w razie nag\u0142ego wypadku to absolutne minimum, kt\u00f3re warto mie\u0107 na uwadze. Najlepszym sposobem na unikni\u0119cie nieprzyjemnych sytuacji podczas wakacyjnego wyjazdu jest ograniczenie liczby zabieranych warto\u015bciowych przedmiot\u00f3w. Im mniej cennych rzeczy znajduje si\u0119 w baga\u017cu, tym mniejsze ryzyko ich utraty lub kradzie\u017cy w trakcie podr\u00f3\u017cy. Bezpieczne wakacje to suma odpowiedniego przygotowania, rozs\u0105dku i wyboru w\u0142a\u015bciwego ubezpieczenia \u2013 dzi\u0119ki temu Majorka stanie si\u0119 przede wszystkim \u017ar\u00f3d\u0142em pi\u0119knych wspomnie\u0144, a nie niepotrzebnych niepokoj\u00f3w.<\/p>\n\n\n\n<h2 class=\"wp-block-heading\">Jakie ubrania spakowa\u0107 na wakacje na Majorce?<\/h2>\n\n\n\n<figure class=\"wp-block-image size-full\"><img loading=\"lazy\" decoding=\"async\" width=\"1000\" height=\"650\" src=\"https:\/\/www.tui.pl\/blog\/wp-content\/uploads\/2025\/08\/shutterstock_2633695971-1.jpg\" alt=\"Co spakowa\u0107 na Majork\u0119? Nie zapomnij kremu z filtrem i okular\u00f3w przeciws\u0142onecznych.\" class=\"wp-image-11171\" title=\"\" srcset=\"https:\/\/www.tui.pl\/blog\/wp-content\/uploads\/2025\/08\/shutterstock_2633695971-1.jpg 1000w, https:\/\/www.tui.pl\/blog\/wp-content\/uploads\/2025\/08\/shutterstock_2633695971-1-600x390.jpg 600w, https:\/\/www.tui.pl\/blog\/wp-content\/uploads\/2025\/08\/shutterstock_2633695971-1-768x499.jpg 768w, https:\/\/www.tui.pl\/blog\/wp-content\/uploads\/2025\/08\/shutterstock_2633695971-1-585x380.jpg 585w\" sizes=\"auto, (max-width: 1000px) 100vw, 1000px\" \/><\/figure>\n\n\n\n<p>Podstaw\u0105 dobrze skompletowanej walizki na wyjazd na Majork\u0119 s\u0105 lekkie, przewiewne ubrania, kt\u00f3re zapewni\u0105 maksymalny komfort w s\u0142onecznym i gor\u0105cym \u015br\u00f3dziemnomorskim klimacie wyspy. Najlepszym wyborem b\u0119d\u0105 rzeczy uszyte z naturalnych materia\u0142\u00f3w \u2013 cienka bawe\u0142na, len czy wiskoza znakomicie odprowadzaj\u0105 wilgo\u0107, pozwalaj\u0105 sk\u00f3rze oddycha\u0107 i skutecznie chroni\u0105 przed przegrzaniem nawet w najwi\u0119ksze upa\u0142y. W Twoim baga\u017cu nie powinno zabrakn\u0105\u0107 kr\u00f3tkich spodenek, zwiewnych sukienek, letnich sp\u00f3dnic oraz lu\u017anych T-shirt\u00f3w czy top\u00f3w, kt\u00f3re sprawdz\u0105 si\u0119 podczas zwiedzania urokliwych miasteczek, jak i podczas relaksu na malowniczej pla\u017cy. Warto postawi\u0107 na jasne kolory ubra\u0144, kt\u00f3re odbijaj\u0105 promienie s\u0142oneczne i pomagaj\u0105 zachowa\u0107 komfortow\u0105 temperatur\u0119 cia\u0142a przez ca\u0142y dzie\u0144.<\/p>\n\n\n\n<p>Str\u00f3j k\u0105pielowy to absolutny must-have na tej s\u0142onecznej wyspie. Warto spakowa\u0107 do walizki przynajmniej dwa r\u00f3\u017cne komplety \u2013 to pozwoli na wygodn\u0105 zmian\u0119 po k\u0105pieli, aby nie sp\u0119dza\u0107 po\u0142owy dnia w mokrym kostiumie. Cho\u0107 w ci\u0105gu dnia na Majorce panuj\u0105 zazwyczaj wysokie temperatury, wieczory \u2013 szczeg\u00f3lnie poza szczytem sezonu wakacyjnego \u2013 potrafi\u0105 by\u0107 zaskakuj\u0105co rze\u015bkie. Dlatego warto w\u0142o\u017cy\u0107 do walizki lekki sweter, wygodny kardigan lub bluz\u0119 z d\u0142ugim r\u0119kawem, kt\u00f3re doskonale sprawdz\u0105 si\u0119 podczas wieczornych spacer\u00f3w czy posi\u0142k\u00f3w na tarasie.<\/p>\n\n\n\n<h3 class=\"wp-block-heading\">Elegancja na wiecz\u00f3r \u2013 Majorka w luksusowym wydaniu<\/h3>\n\n\n\n<p>Pobyt na Majorce pozwala cieszy\u0107 si\u0119 zar\u00f3wno komfortem luksusowych hoteli All Inclusive, jak i wyj\u0105tkow\u0105 atmosfer\u0105 restauracji \u00e0 la carte. Planuj\u0105c wieczorne wyj\u015bcia czy kolacje w eleganckich miejscach, warto zabra\u0107 ze sob\u0105 stylow\u0105 sukienk\u0119, eleganckie d\u0142ugie spodnie czy lekk\u0105 koszul\u0119. Taka klasyczna stylizacja pozwoli czu\u0107 si\u0119 swobodnie i odpowiednio r\u00f3wnie\u017c w bardziej formalnej oprawie.<\/p>\n\n\n\n<h2 class=\"wp-block-heading\">Obuwie na ka\u017cd\u0105 okazj\u0119 \u2013 pla\u017ce, ulice miasteczek i g\u00f3rskie szlaki<\/h2>\n\n\n\n<p>Odpowiedni wyb\u00f3r obuwia to podstawa udanego wyjazdu na Majork\u0119 \u2013 to w\u0142a\u015bnie on w du\u017cej mierze decyduje o komforcie zwiedzania i wypoczynku. Absolutn\u0105 podstaw\u0105 s\u0105 wodoodporne, wygodne sanda\u0142y lub klapki, kt\u00f3re idealnie sprawdz\u0105 si\u0119 na pla\u017cy, basenie czy podczas kr\u00f3tkich spacer\u00f3w po nadmorskim deptaku. Drug\u0105 niezb\u0119dn\u0105 par\u0105 s\u0105 lekkie buty sportowe lub trampki. B\u0119d\u0105 one niezast\u0105pione w trakcie zwiedzania klimatycznych miasteczek takich jak <a target=\"_blank\" rel=\"noreferrer noopener\" href=\"https:\/\/www.tui.pl\/atrakcje\/majorka\/wycieczka-do-palmy-z-opcjonalna-wizyta-w-katedrze-i-valldemossie-2-170126\">Palma<\/a> czy <a target=\"_blank\" rel=\"noreferrer noopener\" href=\"https:\/\/www.tui.pl\/atrakcje\/majorka\/wycieczka-do-valldemossy-son-marroig-i-soller-z-przejazdzka-zabytkowym-pociagiem-1-454821\">Valldemossa<\/a>, gdzie brukowane uliczki i d\u0142u\u017csze dystanse wymagaj\u0105 stabilnego podparcia dla st\u00f3p. Najlepiej spakowa\u0107 obuwie ju\u017c sprawdzone i rozchodzone, dzi\u0119ki czemu unikniesz nieprzyjemnych otar\u0107 i b\u0119dziesz m\u00f3g\u0142 w pe\u0142ni korzysta\u0107 z urok\u00f3w hiszpa\u0144skiej wyspy.<\/p>\n\n\n\n<p>Majorka to nie tylko raj dla mi\u0142o\u015bnik\u00f3w piaszczystych pla\u017c, ale tak\u017ce g\u00f3rzysty teren stworzony do pieszych w\u0119dr\u00f3wek i kontaktu z natur\u0105. Osoby planuj\u0105ce aktywny wypoczynek zdecydowanie powinny pomy\u015ble\u0107 o zabraniu wytrzyma\u0142ych but\u00f3w trekkingowych, kt\u00f3re zapewni\u0105 pewno\u015b\u0107 kroku i odpowiedni\u0105 stabilizacj\u0119 na wymagaj\u0105cych, nier\u00f3wnych \u015bcie\u017ckach. To szczeg\u00f3lnie wa\u017cne podczas eksplorowania malowniczych tras w rejonie <a target=\"_blank\" rel=\"noreferrer noopener\" href=\"https:\/\/www.tui.pl\/atrakcje\/majorka\/tramuntana-ukryte-zakatki-z-driveando-234551\">Serra de Tramuntana<\/a>, gdzie solidna podeszwa i dobra przyczepno\u015b\u0107 znacz\u0105co zwi\u0119kszaj\u0105 bezpiecze\u0144stwo oraz komfort marszu. Nawet przy mniej intensywnych w\u0119dr\u00f3wkach, wygodne obuwie z amortyzuj\u0105c\u0105 lub grubsz\u0105 podeszw\u0105 pozwoli bez obaw odkrywa\u0107 dzikie, mniej ucz\u0119szczane miejsca na wyspie.<\/p>\n\n\n\n<h2 class=\"wp-block-heading\">Niezb\u0119dne akcesoria i ochrona przed \u015br\u00f3dziemnomorskim s\u0142o\u0144cem<\/h2>\n\n\n\n<figure class=\"wp-block-image size-full\"><img loading=\"lazy\" decoding=\"async\" width=\"1000\" height=\"593\" src=\"https:\/\/www.tui.pl\/blog\/wp-content\/uploads\/2025\/08\/shutterstock_2471788191-1.jpg\" alt=\"Co spakowa\u0107 na Majork\u0119? Wygodne buty to absolutny must-have.\" class=\"wp-image-11169\" title=\"\" srcset=\"https:\/\/www.tui.pl\/blog\/wp-content\/uploads\/2025\/08\/shutterstock_2471788191-1.jpg 1000w, https:\/\/www.tui.pl\/blog\/wp-content\/uploads\/2025\/08\/shutterstock_2471788191-1-600x356.jpg 600w, https:\/\/www.tui.pl\/blog\/wp-content\/uploads\/2025\/08\/shutterstock_2471788191-1-768x455.jpg 768w, https:\/\/www.tui.pl\/blog\/wp-content\/uploads\/2025\/08\/shutterstock_2471788191-1-585x347.jpg 585w\" sizes=\"auto, (max-width: 1000px) 100vw, 1000px\" \/><\/figure>\n\n\n\n<p>Majorka zachwyca bezchmurnym niebem i wysokimi temperaturami, dlatego skuteczna ochrona przed s\u0142o\u0144cem to absolutny priorytet podczas pakowania wakacyjnego baga\u017cu. Przede wszystkim zabierz krem z wysokim filtrem UV i pami\u0119taj o jego regularnej aplikacji, zw\u0142aszcza po ka\u017cdej k\u0105pieli w morzu lub intensywnym wysi\u0142ku. Tylko systematyczne zabezpieczanie sk\u00f3ry pozwoli unikn\u0105\u0107 bolesnych poparze\u0144, pieczenia i nieestetycznych podra\u017cnie\u0144, kt\u00f3re mog\u0105 zepsu\u0107 wakacyjny wypoczynek. Niezast\u0105pione oka\u017c\u0105 si\u0119 r\u00f3wnie\u017c okulary przeciws\u0142oneczne z certyfikowanym filtrem UV, kt\u00f3re skutecznie ochroni\u0105 wzrok przed szkodliwym promieniowaniem i o\u015blepiaj\u0105cym blaskiem s\u0142o\u0144ca. Spakuj r\u00f3wnie\u017c o lekki szal lub pareo, kt\u00f3re mo\u017ce pos\u0142u\u017cy\u0107 jako os\u0142ona ramion w najmocniejszym s\u0142o\u0144cu lub przyda\u0107 si\u0119 podczas zwiedzania zabytk\u00f3w i miejsc, gdzie wymagany jest odpowiedni str\u00f3j.<\/p>\n\n\n\n<p>Nieoceniony w codziennym funkcjonowaniu na pla\u017cy oka\u017ce si\u0119 dobrze zorganizowany ekwipunek. Warto zabra\u0107 ze sob\u0105 du\u017c\u0105, praktyczn\u0105 torb\u0119, kt\u00f3ra pomie\u015bci wszystkie niezb\u0119dne rzeczy: r\u0119cznik, butelk\u0119 z wod\u0105 (najlepiej termiczn\u0105, kt\u00f3ra utrzyma ch\u0142\u00f3d przez wiele godzin), przek\u0105ski oraz ulubion\u0105 lektur\u0119 lub czasopismo. Majorka to raj dla mi\u0142o\u015bnik\u00f3w sport\u00f3w wodnych i relaksu na \u015bwie\u017cym powietrzu \u2013 mo\u017cna tu nurkowa\u0107, spr\u00f3bowa\u0107 si\u0142 w kajakarstwie, pop\u0142ywa\u0107 na desce SUP, a nawet wybra\u0107 si\u0119 na <a target=\"_blank\" rel=\"noreferrer noopener\" href=\"https:\/\/www.tui.pl\/atrakcje\/majorka\/tramuntana-ukryte-zakatki-z-driveando-234551\">rejs \u0142odzi\u0105<\/a> wzd\u0142u\u017c malowniczego wybrze\u017ca. Je\u015bli pasjonuje Ci\u0119 <a target=\"_blank\" rel=\"noreferrer noopener\" href=\"https:\/\/www.tui.pl\/atrakcje\/majorka\/snorkeling-z-przewodnikiem-na-majorce-z-eco-island-adventure-443632\">snorkeling<\/a> i chcesz samodzielnie eksplorowa\u0107 podwodne rafy, zabierz ze sob\u0105 w\u0142asn\u0105 mask\u0119 i rurk\u0119 \u2013 dzi\u0119ki temu b\u0119dziesz m\u00f3g\u0142 swobodnie odkrywa\u0107 najpi\u0119kniejsze miejsca bez konieczno\u015bci korzystania z wypo\u017cyczalni sprz\u0119tu sportowego. Dla tych, kt\u00f3rzy wol\u0105 mniej ruchu, idealnie sprawdzi si\u0119 dmuchany materac do wody lub hamak do zawieszenia mi\u0119dzy palmami.<\/p>\n\n\n\n<h2 class=\"wp-block-heading\">Odkrywanie Majorki i r\u00f3\u017cne atrakcje turystyczne \u2013 jak si\u0119 przygotowa\u0107?<\/h2>\n\n\n\n<p>Aby w pe\u0142ni wykorzysta\u0107 pobyt na Majorce i cieszy\u0107 si\u0119 wszystkimi jej atrakcjami, warto wzbogaci\u0107 sw\u00f3j baga\u017c o kilka przemy\u015blanych drobiazg\u00f3w. Aparat fotograficzny lub smartfon z wysokiej jako\u015bci aparatem to niezb\u0119dnik ka\u017cdego podr\u00f3\u017cnika. Zachwycaj\u0105ce krajobrazy, pi\u0119kne pla\u017ce, krystalicznie czysta, turkusowa woda oraz romantyczne miasteczka wr\u0119cz prosz\u0105 si\u0119 o zatrzymanie w kadrze. Zdj\u0119cia tych zapieraj\u0105cych dech w piersiach widok\u00f3w stan\u0105 si\u0119 bezcenn\u0105 pami\u0105tk\u0105 z podr\u00f3\u017cy.<\/p>\n\n\n\n<p>Dla mi\u0142o\u015bnik\u00f3w dobrej lektury idealnym towarzyszem b\u0119dzie ksi\u0105\u017cka lub czytnik e-book\u00f3w, kt\u00f3re uprzyjemni\u0105 chwile relaksu na pla\u017cy czy przy hotelowym basenie. Warto tak\u017ce zabra\u0107 ze sob\u0105 praktyczny przewodnik w wersji papierowej \u2013 sprawdzi si\u0119 znakomicie w miejscach z ograniczonym zasi\u0119giem internetu. Nie zapomnij zostawi\u0107 w walizce troch\u0119 wolnego miejsca na wyj\u0105tkowe pami\u0105tki i lokalne produkty takie jak s\u0142ynna oliwa z oliwek, tradycyjna ensaimada czy r\u0119cznie wykonane wyroby z pere\u0142.<\/p>\n\n\n\n<h3 class=\"wp-block-heading\">Przygotuj si\u0119 na majorka\u0144skie przygody!<\/h3>\n\n\n\n<figure class=\"wp-block-image size-full\"><img loading=\"lazy\" decoding=\"async\" width=\"1000\" height=\"667\" src=\"https:\/\/www.tui.pl\/blog\/wp-content\/uploads\/2025\/08\/shutterstock_2289920763-1.jpg\" alt=\"Co spakowa\u0107 na Majork\u0119? Przygotuj si\u0119 na d\u0142u\u017csze wycieczki.\" class=\"wp-image-11167\" title=\"\" srcset=\"https:\/\/www.tui.pl\/blog\/wp-content\/uploads\/2025\/08\/shutterstock_2289920763-1.jpg 1000w, https:\/\/www.tui.pl\/blog\/wp-content\/uploads\/2025\/08\/shutterstock_2289920763-1-600x400.jpg 600w, https:\/\/www.tui.pl\/blog\/wp-content\/uploads\/2025\/08\/shutterstock_2289920763-1-768x512.jpg 768w, https:\/\/www.tui.pl\/blog\/wp-content\/uploads\/2025\/08\/shutterstock_2289920763-1-585x390.jpg 585w, https:\/\/www.tui.pl\/blog\/wp-content\/uploads\/2025\/08\/shutterstock_2289920763-1-263x175.jpg 263w\" sizes=\"auto, (max-width: 1000px) 100vw, 1000px\" \/><\/figure>\n\n\n\n<p>Majorka to wyspa pe\u0142na r\u00f3\u017cnorodnych atrakcji, kt\u00f3re zadowol\u0105 zar\u00f3wno pasjonat\u00f3w intensywnego zwiedzania, jak i mi\u0142o\u015bnik\u00f3w pla\u017cowania. Warto spakowa\u0107 lekki plecak i wygodne buty \u2013 dzi\u0119ki nim mo\u017cesz bez przeszk\u00f3d korzysta\u0107 z bogatej oferty wycieczek fakultatywnych lub samodzielnie odkrywa\u0107 zakamarki wyspy. Czekaj\u0105 na Ciebie zabytkowe uliczki stolicy wyspy, kt\u00f3re skrywaj\u0105 \u015blady bogatej historii, a tak\u017ce magiczne jaskinie z podziemnymi jeziorami, kt\u00f3re oczaruj\u0105 ka\u017cdego mi\u0142o\u015bnika przyrody.<\/p>\n\n\n\n<p>Nie przegap wycieczki na Cap de Formentor, czyli najbardziej wysuni\u0119ty na p\u00f3\u0142noc punkt wyspy, gdzie skaliste klify spotykaj\u0105 si\u0119 z lazurowym horyzontem Morza \u015ar\u00f3dziemnego i tworz\u0105 spektakularn\u0105 sceneri\u0119. W przerwie mi\u0119dzy kolejnymi przygodami nie zapomnij skosztowa\u0107 lokalnej kuchni \u2013 tradycyjne majorka\u0144skie potrawy, wyroby kulinarne z lokalnych produkt\u00f3w, a tak\u017ce aromatyczne wina to nie tylko uzupe\u0142nienie si\u0142, ale i prawdziwa podr\u00f3\u017c po smakach wyspy. Bogactwo wra\u017ce\u0144, lokalnych smak\u00f3w i pi\u0119knych widok\u00f3w sprawia, \u017ce ka\u017cdy dzie\u0144 sp\u0119dzony na Majorce staje si\u0119 inspiruj\u0105cym prze\u017cyciem, do kt\u00f3rego ch\u0119tnie si\u0119 wraca wspomnieniami.<\/p>\n\n\n\r\n<div class=\"shortcode-content\">\r\n            <div class=\"offer-header\">Polecane hotele na Majorce<\/div>\r\n    \r\n    <div class=\"js-offers-slider offers-slider\" aria-label=\"Offers slider\">\r\n                                    <div class=\"slide-item js-slide-item\">\r\n                    <div class=\"offer-item\">\r\n                        <img decoding=\"async\" class=\"offer-item__img\" loading=\"lazy\" width=\"250\" height=\"133\" src=\"https:\/\/r.cdn.redgalaxy.com\/scale\/o2\/TUI\/hotels\/PMI68008\/S18\/8227962.jpg?dstw=1157&amp;dsth=621&amp;srcw=1157&amp;srch=621&amp;srcx=1\/2&amp;srcy=1\/2&amp;srcmode=3&amp;type=1&amp;quality=80\" alt=\"\" title=\"\">\r\n                        <div class='offer-item__content'>\r\n                            <div>\r\n                                <div class=\"offer-item__standard\">\r\n                                                                                                            \r\n                                                                            <svg xmlns=\"http:\/\/www.w3.org\/2000\/svg\" width=\"16\" height=\"16\" viewBox=\"0 0 120 120\"\r\n                                            class=\"Rating_icon__5eKO5\">\r\n                                            <path fill=\"#1b115c\"\r\n                                                d=\"M34.536 105.262c-3.142 2.278-7.361-.804-6.147-4.49l9.793-29.717-25.516-18.33c-3.16-2.27-1.548-7.257 2.343-7.249l31.518.069 9.668-29.78c1.197-3.687 6.413-3.687 7.61 0l9.668 29.78 31.518-.069c3.89-.008 5.502 4.98 2.343 7.249l-25.516 18.33 9.793 29.717c1.214 3.686-3.005 6.768-6.147 4.49L60 86.801z\">\r\n                                            <\/path>\r\n                                        <\/svg>\r\n                                                                            <svg xmlns=\"http:\/\/www.w3.org\/2000\/svg\" width=\"16\" height=\"16\" viewBox=\"0 0 120 120\"\r\n                                            class=\"Rating_icon__5eKO5\">\r\n                                            <path fill=\"#1b115c\"\r\n                                                d=\"M34.536 105.262c-3.142 2.278-7.361-.804-6.147-4.49l9.793-29.717-25.516-18.33c-3.16-2.27-1.548-7.257 2.343-7.249l31.518.069 9.668-29.78c1.197-3.687 6.413-3.687 7.61 0l9.668 29.78 31.518-.069c3.89-.008 5.502 4.98 2.343 7.249l-25.516 18.33 9.793 29.717c1.214 3.686-3.005 6.768-6.147 4.49L60 86.801z\">\r\n                                            <\/path>\r\n                                        <\/svg>\r\n                                                                            <svg xmlns=\"http:\/\/www.w3.org\/2000\/svg\" width=\"16\" height=\"16\" viewBox=\"0 0 120 120\"\r\n                                            class=\"Rating_icon__5eKO5\">\r\n                                            <path fill=\"#1b115c\"\r\n                                                d=\"M34.536 105.262c-3.142 2.278-7.361-.804-6.147-4.49l9.793-29.717-25.516-18.33c-3.16-2.27-1.548-7.257 2.343-7.249l31.518.069 9.668-29.78c1.197-3.687 6.413-3.687 7.61 0l9.668 29.78 31.518-.069c3.89-.008 5.502 4.98 2.343 7.249l-25.516 18.33 9.793 29.717c1.214 3.686-3.005 6.768-6.147 4.49L60 86.801z\">\r\n                                            <\/path>\r\n                                        <\/svg>\r\n                                                                            <svg xmlns=\"http:\/\/www.w3.org\/2000\/svg\" width=\"16\" height=\"16\" viewBox=\"0 0 120 120\"\r\n                                            class=\"Rating_icon__5eKO5\">\r\n                                            <path fill=\"#1b115c\"\r\n                                                d=\"M34.536 105.262c-3.142 2.278-7.361-.804-6.147-4.49l9.793-29.717-25.516-18.33c-3.16-2.27-1.548-7.257 2.343-7.249l31.518.069 9.668-29.78c1.197-3.687 6.413-3.687 7.61 0l9.668 29.78 31.518-.069c3.89-.008 5.502 4.98 2.343 7.249l-25.516 18.33 9.793 29.717c1.214 3.686-3.005 6.768-6.147 4.49L60 86.801z\">\r\n                                            <\/path>\r\n                                        <\/svg>\r\n                                                                                                        <\/div>\r\n                                <div class=\"offer-item__title\">\r\n                                    Protur Safari Park                                <\/div>\r\n                                <div class=\"offer-item__direction\">Hiszpania \/ Majorka \/ Sa Coma<\/div>\r\n                            <\/div>\r\n                            <div>\r\n                                <a href=\"https:\/\/tui.pl\/wypoczynek\/hiszpania\/majorka\/protur-safari-park-pmi68008?pm_source=blog&amp;pm_name=polecane-hotele-PMI\" target=\"_blank\" class=\"offer-item__link\" rel=\"noopener\">\r\n                                    3 195                                    z\u0142\/os.\r\n                                <\/a>\r\n                            <\/div>\r\n                        <\/div>\r\n                    <\/div>\r\n                <\/div>\r\n                                                <div class=\"slide-item js-slide-item\">\r\n                    <div class=\"offer-item\">\r\n                        <img decoding=\"async\" class=\"offer-item__img\" loading=\"lazy\" width=\"250\" height=\"133\" src=\"https:\/\/r.cdn.redgalaxy.com\/scale\/o2\/TUI\/hotels\/PMI60001\/S19\/12210582.jpg?dstw=1157&amp;dsth=621&amp;srcw=1157&amp;srch=621&amp;srcx=1\/2&amp;srcy=1\/2&amp;srcmode=3&amp;type=1&amp;quality=80\" alt=\"\" title=\"\">\r\n                        <div class='offer-item__content'>\r\n                            <div>\r\n                                <div class=\"offer-item__standard\">\r\n                                                                                                            \r\n                                                                            <svg xmlns=\"http:\/\/www.w3.org\/2000\/svg\" width=\"16\" height=\"16\" viewBox=\"0 0 120 120\"\r\n                                            class=\"Rating_icon__5eKO5\">\r\n                                            <path fill=\"#1b115c\"\r\n                                                d=\"M34.536 105.262c-3.142 2.278-7.361-.804-6.147-4.49l9.793-29.717-25.516-18.33c-3.16-2.27-1.548-7.257 2.343-7.249l31.518.069 9.668-29.78c1.197-3.687 6.413-3.687 7.61 0l9.668 29.78 31.518-.069c3.89-.008 5.502 4.98 2.343 7.249l-25.516 18.33 9.793 29.717c1.214 3.686-3.005 6.768-6.147 4.49L60 86.801z\">\r\n                                            <\/path>\r\n                                        <\/svg>\r\n                                                                            <svg xmlns=\"http:\/\/www.w3.org\/2000\/svg\" width=\"16\" height=\"16\" viewBox=\"0 0 120 120\"\r\n                                            class=\"Rating_icon__5eKO5\">\r\n                                            <path fill=\"#1b115c\"\r\n                                                d=\"M34.536 105.262c-3.142 2.278-7.361-.804-6.147-4.49l9.793-29.717-25.516-18.33c-3.16-2.27-1.548-7.257 2.343-7.249l31.518.069 9.668-29.78c1.197-3.687 6.413-3.687 7.61 0l9.668 29.78 31.518-.069c3.89-.008 5.502 4.98 2.343 7.249l-25.516 18.33 9.793 29.717c1.214 3.686-3.005 6.768-6.147 4.49L60 86.801z\">\r\n                                            <\/path>\r\n                                        <\/svg>\r\n                                                                            <svg xmlns=\"http:\/\/www.w3.org\/2000\/svg\" width=\"16\" height=\"16\" viewBox=\"0 0 120 120\"\r\n                                            class=\"Rating_icon__5eKO5\">\r\n                                            <path fill=\"#1b115c\"\r\n                                                d=\"M34.536 105.262c-3.142 2.278-7.361-.804-6.147-4.49l9.793-29.717-25.516-18.33c-3.16-2.27-1.548-7.257 2.343-7.249l31.518.069 9.668-29.78c1.197-3.687 6.413-3.687 7.61 0l9.668 29.78 31.518-.069c3.89-.008 5.502 4.98 2.343 7.249l-25.516 18.33 9.793 29.717c1.214 3.686-3.005 6.768-6.147 4.49L60 86.801z\">\r\n                                            <\/path>\r\n                                        <\/svg>\r\n                                                                            <svg xmlns=\"http:\/\/www.w3.org\/2000\/svg\" width=\"16\" height=\"16\" viewBox=\"0 0 120 120\"\r\n                                            class=\"Rating_icon__5eKO5\">\r\n                                            <path fill=\"#1b115c\"\r\n                                                d=\"M34.536 105.262c-3.142 2.278-7.361-.804-6.147-4.49l9.793-29.717-25.516-18.33c-3.16-2.27-1.548-7.257 2.343-7.249l31.518.069 9.668-29.78c1.197-3.687 6.413-3.687 7.61 0l9.668 29.78 31.518-.069c3.89-.008 5.502 4.98 2.343 7.249l-25.516 18.33 9.793 29.717c1.214 3.686-3.005 6.768-6.147 4.49L60 86.801z\">\r\n                                            <\/path>\r\n                                        <\/svg>\r\n                                                                                                        <\/div>\r\n                                <div class=\"offer-item__title\">\r\n                                    Insotel Club Cala Mandia                                <\/div>\r\n                                <div class=\"offer-item__direction\">Hiszpania \/ Majorka \/ Cala Mandia<\/div>\r\n                            <\/div>\r\n                            <div>\r\n                                <a href=\"https:\/\/tui.pl\/wypoczynek\/hiszpania\/majorka\/insotel-club-cala-mandia-pmi60001?pm_source=blog&amp;pm_name=polecane-hotele-PMI\" target=\"_blank\" class=\"offer-item__link\" rel=\"noopener\">\r\n                                    3 594                                    z\u0142\/os.\r\n                                <\/a>\r\n                            <\/div>\r\n                        <\/div>\r\n                    <\/div>\r\n                <\/div>\r\n                                                <div class=\"slide-item js-slide-item\">\r\n                    <div class=\"offer-item\">\r\n                        <img decoding=\"async\" class=\"offer-item__img\" loading=\"lazy\" width=\"250\" height=\"133\" src=\"https:\/\/r.cdn.redgalaxy.com\/scale\/o2\/TUI\/hotels\/PMI09005\/S21\/16761092.jpg?dstw=1157&amp;dsth=621&amp;srcw=1157&amp;srch=621&amp;srcx=1\/2&amp;srcy=1\/2&amp;srcmode=3&amp;type=1&amp;quality=80\" alt=\"\" title=\"\">\r\n                        <div class='offer-item__content'>\r\n                            <div>\r\n                                <div class=\"offer-item__standard\">\r\n                                                                                                            \r\n                                                                            <svg xmlns=\"http:\/\/www.w3.org\/2000\/svg\" width=\"16\" height=\"16\" viewBox=\"0 0 120 120\"\r\n                                            class=\"Rating_icon__5eKO5\">\r\n                                            <path fill=\"#1b115c\"\r\n                                                d=\"M34.536 105.262c-3.142 2.278-7.361-.804-6.147-4.49l9.793-29.717-25.516-18.33c-3.16-2.27-1.548-7.257 2.343-7.249l31.518.069 9.668-29.78c1.197-3.687 6.413-3.687 7.61 0l9.668 29.78 31.518-.069c3.89-.008 5.502 4.98 2.343 7.249l-25.516 18.33 9.793 29.717c1.214 3.686-3.005 6.768-6.147 4.49L60 86.801z\">\r\n                                            <\/path>\r\n                                        <\/svg>\r\n                                                                            <svg xmlns=\"http:\/\/www.w3.org\/2000\/svg\" width=\"16\" height=\"16\" viewBox=\"0 0 120 120\"\r\n                                            class=\"Rating_icon__5eKO5\">\r\n                                            <path fill=\"#1b115c\"\r\n                                                d=\"M34.536 105.262c-3.142 2.278-7.361-.804-6.147-4.49l9.793-29.717-25.516-18.33c-3.16-2.27-1.548-7.257 2.343-7.249l31.518.069 9.668-29.78c1.197-3.687 6.413-3.687 7.61 0l9.668 29.78 31.518-.069c3.89-.008 5.502 4.98 2.343 7.249l-25.516 18.33 9.793 29.717c1.214 3.686-3.005 6.768-6.147 4.49L60 86.801z\">\r\n                                            <\/path>\r\n                                        <\/svg>\r\n                                                                            <svg xmlns=\"http:\/\/www.w3.org\/2000\/svg\" width=\"16\" height=\"16\" viewBox=\"0 0 120 120\"\r\n                                            class=\"Rating_icon__5eKO5\">\r\n                                            <path fill=\"#1b115c\"\r\n                                                d=\"M34.536 105.262c-3.142 2.278-7.361-.804-6.147-4.49l9.793-29.717-25.516-18.33c-3.16-2.27-1.548-7.257 2.343-7.249l31.518.069 9.668-29.78c1.197-3.687 6.413-3.687 7.61 0l9.668 29.78 31.518-.069c3.89-.008 5.502 4.98 2.343 7.249l-25.516 18.33 9.793 29.717c1.214 3.686-3.005 6.768-6.147 4.49L60 86.801z\">\r\n                                            <\/path>\r\n                                        <\/svg>\r\n                                                                            <svg xmlns=\"http:\/\/www.w3.org\/2000\/svg\" width=\"16\" height=\"16\" viewBox=\"0 0 120 120\"\r\n                                            class=\"Rating_icon__5eKO5\">\r\n                                            <path fill=\"#1b115c\"\r\n                                                d=\"M34.536 105.262c-3.142 2.278-7.361-.804-6.147-4.49l9.793-29.717-25.516-18.33c-3.16-2.27-1.548-7.257 2.343-7.249l31.518.069 9.668-29.78c1.197-3.687 6.413-3.687 7.61 0l9.668 29.78 31.518-.069c3.89-.008 5.502 4.98 2.343 7.249l-25.516 18.33 9.793 29.717c1.214 3.686-3.005 6.768-6.147 4.49L60 86.801z\">\r\n                                            <\/path>\r\n                                        <\/svg>\r\n                                                                                                        <\/div>\r\n                                <div class=\"offer-item__title\">\r\n                                    Globales Cala Vi\u00f1as                                <\/div>\r\n                                <div class=\"offer-item__direction\">Hiszpania \/ Majorka \/ Cala Vi\u00f1as<\/div>\r\n                            <\/div>\r\n                            <div>\r\n                                <a href=\"https:\/\/tui.pl\/wypoczynek\/hiszpania\/majorka\/globales-cala-vias-pmi09005?pm_source=blog&amp;pm_name=polecane-hotele-PMI\" target=\"_blank\" class=\"offer-item__link\" rel=\"noopener\">\r\n                                    2 652                                    z\u0142\/os.\r\n                                <\/a>\r\n                            <\/div>\r\n                        <\/div>\r\n                    <\/div>\r\n                <\/div>\r\n                        <\/div>\r\n<\/div>\n","protected":false},"excerpt":{"rendered":"<p>Zanim Majorka oczaruje Ci\u0119 zapachem cytrus\u00f3w, smakiem \u015bwie\u017cych owoc\u00f3w morza i d\u017awi\u0119kiem fal rozbijaj\u0105cych si\u0119 o ska\u0142y, musisz stan\u0105\u0107 oko w oko z pierwszym podr\u00f3\u017cniczym wyzwaniem \u2013 pakowaniem walizki. Co&hellip;<\/p>\n","protected":false},"author":52,"featured_media":11170,"comment_status":"closed","ping_status":"closed","sticky":false,"template":"","format":"standard","meta":{"_lmt_disableupdate":"","_lmt_disable":"","footnotes":""},"categories":[12,22,182],"tags":[745,766],"class_list":["post-11166","post","type-post","status-publish","format-standard","has-post-thumbnail","hentry","category-hiszpania","category-majorka","category-podroze","tag-gdzie-na-wakacje","tag-wakacje-z-tui"],"home_img_url":"https:\/\/www.tui.pl\/blog\/wp-content\/uploads\/2025\/08\/shutterstock_2472822369-1-1-585x390.jpg","home_img_alt":"Co spakowa\u0107 na Majork\u0119? Sporz\u0105d\u017a list\u0119 najpotrzebniejszych rzeczy.","_links":{"self":[{"href":"https:\/\/www.tui.pl\/blog\/wp-json\/wp\/v2\/posts\/11166","targetHints":{"allow":["GET"]}}],"collection":[{"href":"https:\/\/www.tui.pl\/blog\/wp-json\/wp\/v2\/posts"}],"about":[{"href":"https:\/\/www.tui.pl\/blog\/wp-json\/wp\/v2\/types\/post"}],"author":[{"embeddable":true,"href":"https:\/\/www.tui.pl\/blog\/wp-json\/wp\/v2\/users\/52"}],"replies":[{"embeddable":true,"href":"https:\/\/www.tui.pl\/blog\/wp-json\/wp\/v2\/comments?post=11166"}],"version-history":[{"count":2,"href":"https:\/\/www.tui.pl\/blog\/wp-json\/wp\/v2\/posts\/11166\/revisions"}],"predecessor-version":[{"id":11213,"href":"https:\/\/www.tui.pl\/blog\/wp-json\/wp\/v2\/posts\/11166\/revisions\/11213"}],"wp:featuredmedia":[{"embeddable":true,"href":"https:\/\/www.tui.pl\/blog\/wp-json\/wp\/v2\/media\/11170"}],"wp:attachment":[{"href":"https:\/\/www.tui.pl\/blog\/wp-json\/wp\/v2\/media?parent=11166"}],"wp:term":[{"taxonomy":"category","embeddable":true,"href":"https:\/\/www.tui.pl\/blog\/wp-json\/wp\/v2\/categories?post=11166"},{"taxonomy":"post_tag","embeddable":true,"href":"https:\/\/www.tui.pl\/blog\/wp-json\/wp\/v2\/tags?post=11166"}],"curies":[{"name":"wp","href":"https:\/\/api.w.org\/{rel}","templated":true}]}}