{"id":11156,"date":"2025-08-06T16:07:28","date_gmt":"2025-08-06T14:07:28","guid":{"rendered":"https:\/\/www.tui.pl\/blog\/?p=11156"},"modified":"2025-08-06T16:08:09","modified_gmt":"2025-08-06T14:08:09","slug":"co-zjesc-na-majorce-te-potrawy-cie-zaskocza","status":"publish","type":"post","link":"https:\/\/www.tui.pl\/blog\/co-zjesc-na-majorce-te-potrawy-cie-zaskocza\/","title":{"rendered":"Co zje\u015b\u0107 na Majorce? Te potrawy Ci\u0119 zaskocz\u0105!"},"content":{"rendered":"\n<p>S\u0142o\u0144ce, szum fal i intensywny zapach zi\u00f3\u0142 unosz\u0105cy si\u0119 w powietrzu \u2013 tak w\u0142a\u015bnie powita Ci\u0119 Majorka, kt\u00f3ra jest rajem dla mi\u0142o\u015bnik\u00f3w pi\u0119knych pla\u017c i smakoszy szukaj\u0105cych kulinarnych niespodzianek. Je\u015bli my\u015blisz, \u017ce wyspa to tylko paella i sangria, czeka Ci\u0119 wyj\u0105tkowe zaskoczenie! Daj si\u0119 zaskoczy\u0107 i razem z nami odkryj kulinarne oblicze Majorki! Sprawd\u017a, co zje\u015b\u0107 na Majorce i otw\u00f3rz si\u0119 na niezwyk\u0142e, regionalne smaki, kt\u00f3rych nie znajdziesz nigdzie indziej.<\/p>\n\n\n\n<h2 class=\"wp-block-heading\">Kulinarna podr\u00f3\u017c po Balearach, czyli majorka\u0144skie specja\u0142y<\/h2>\n\n\n\n<p>Co warto zje\u015b\u0107 na <a target=\"_blank\" rel=\"noreferrer noopener\" href=\"https:\/\/www.tui.pl\/wypoczynek\/hiszpania\/majorka\">Majorce<\/a>? To pytanie zadaje sobie wielu turyst\u00f3w pragn\u0105cych odkry\u0107 prawdziwy smak najwi\u0119kszej wyspy Balear\u00f3w. Kuchnia majorka\u0144ska zachwyca swoj\u0105 prostot\u0105, \u015bwie\u017co\u015bci\u0105 i g\u0142\u0119bokim szacunkiem dla tradycji. Bazuje na owocach morza i rybach prosto z kutra, warzywach dojrzewaj\u0105cych w \u015br\u00f3dziemnomorskim s\u0142o\u0144cu oraz regionalnych sk\u0142adnikach, kt\u00f3re od pokole\u0144 kr\u00f3luj\u0105 na wyspiarskich sto\u0142ach.<\/p>\n\n\n\n<p>Aby naprawd\u0119 poczu\u0107 kulinarny charakter wyspy, warto jednak zboczy\u0107 z turystycznych szlak\u00f3w. W g\u00f3rskich barach ukrytych w Serra de Tramuntana, nadmorskich tawernach w Port de S\u00f3ller i wiejskich gospodarstwach w sercu wyspy mo\u017cna odkry\u0107 smaki, kt\u00f3re potrafi\u0105 zachwyci\u0107 i zaskoczy\u0107 nawet najbardziej wymagaj\u0105cych smakoszy. To w\u0142a\u015bnie tam lokalne produkty i przekazywane z pokolenia na pokolenie przepisy tworz\u0105 kuchni\u0119 prost\u0105, ale pe\u0142n\u0105 serca i historii. Ka\u017cde danie g\u0142\u00f3wne, ka\u017cda przystawka i deser jest natomiast wyrazem szacunku do produkt\u00f3w pochodz\u0105cych prosto z wyspy. W\u015br\u00f3d majorka\u0144skich specja\u0142\u00f3w na szczeg\u00f3ln\u0105 uwag\u0119 zas\u0142uguj\u0105:<\/p>\n\n\n\n<ul class=\"wp-block-list\">\n<li>pa amb oli \u2013 rustykalny chleb z oliw\u0105, dojrza\u0142ymi pomidorami i czosnkiem;<\/li>\n\n\n\n<li>arr\u00f2s brut \u2013 aromatyczny ry\u017c z mi\u0119sem, warzywami i przyprawami;<\/li>\n\n\n\n<li>tapas \u2013 ma\u0142e przek\u0105ski, idealne do dzielenia si\u0119 i odkrywania r\u00f3\u017cnorodnych smak\u00f3w w jednym posi\u0142ku;<\/li>\n\n\n\n<li>coca de tramp\u00f3 \u2013 cienki placek z oliw\u0105 i mieszank\u0105 \u015bwie\u017cych warzyw;<\/li>\n\n\n\n<li>tumbet \u2013 tradycyjna zapiekanka warzywna z bak\u0142a\u017canem, ziemniakami i papryk\u0105;<\/li>\n\n\n\n<li>\u015bwie\u017ce owoce morza \u2013 kalmary, o\u015bmiornice, krewetki i ma\u0142\u017ce serwowane prosto z patelni lub z grilla;<\/li>\n\n\n\n<li>ensaimada \u2013 lekkie, puszyste ciasto dro\u017cd\u017cowe w formie spirali, posypane cukrem pudrem.<\/li>\n<\/ul>\n\n\n\n<h2 class=\"wp-block-heading\">Pa amb oli i kuchnia domowa \u2013 smak tradycji i codzienno\u015bci na ka\u017cd\u0105 por\u0119 dnia<\/h2>\n\n\n\n<figure class=\"wp-block-image size-full\"><img loading=\"lazy\" decoding=\"async\" width=\"1000\" height=\"667\" src=\"https:\/\/www.tui.pl\/blog\/wp-content\/uploads\/2025\/08\/shutterstock_1118046422.jpg\" alt=\"Co zje\u015b\u0107 na Majorce? Spr\u00f3buj pa amb oli!\" class=\"wp-image-11163\" title=\"\" srcset=\"https:\/\/www.tui.pl\/blog\/wp-content\/uploads\/2025\/08\/shutterstock_1118046422.jpg 1000w, https:\/\/www.tui.pl\/blog\/wp-content\/uploads\/2025\/08\/shutterstock_1118046422-600x400.jpg 600w, https:\/\/www.tui.pl\/blog\/wp-content\/uploads\/2025\/08\/shutterstock_1118046422-768x512.jpg 768w, https:\/\/www.tui.pl\/blog\/wp-content\/uploads\/2025\/08\/shutterstock_1118046422-585x390.jpg 585w, https:\/\/www.tui.pl\/blog\/wp-content\/uploads\/2025\/08\/shutterstock_1118046422-263x175.jpg 263w\" sizes=\"auto, (max-width: 1000px) 100vw, 1000px\" \/><\/figure>\n\n\n\n<p>Na wyspie tradycyjne dania powstaj\u0105 cz\u0119sto z tego, co akurat jest pod r\u0119k\u0105 \u2013 tego, co rano przyniesiono z targu lub zebrano z w\u0142asnego ogrodu. Dzi\u0119ki temu kuchnia domowa Majorki jest zmienna, \u017cywa i idealnie wpisuje si\u0119 w rytm dnia oraz roku. Pa amb oli to tradycyjna majorka\u0144ska potrawa, kt\u00f3rej nazwa w dos\u0142ownym t\u0142umaczeniu oznacza \u201echleb z oliw\u0105\u201d. To proste danie jest kwintesencj\u0105 lokalnej kuchni i doskona\u0142ym przyk\u0142adem \u015br\u00f3dziemnomorskiej prostoty i smaku. Przygotowuje si\u0119 je z domowego chleba, kt\u00f3ry najpierw delikatnie naciera si\u0119 czosnkiem, a nast\u0119pnie skrapia wysokiej jako\u015bci oliw\u0105 z oliwek extra virgin. Do tego cz\u0119sto dodaje si\u0119 starte, soczyste pomidory malinowe, kt\u00f3re dzi\u0119ki swojej s\u0142odyczy \u015bwietnie komponuj\u0105 si\u0119 z ostro\u015bci\u0105 czosnku i goryczk\u0105 oliwy.<\/p>\n\n\n\n<p>To danie ma wiele wariant\u00f3w \u2013 mo\u017ce by\u0107 podawane jako szybkie \u015bniadanie z dodatkiem szynki jamon serrano, albo jako przystawka w towarzystwie lokalnych ser\u00f3w i oliwek. Jego fenomen tkwi nie tylko w smaku, ale i wszechstronno\u015bci \u2013 pa amb oli towarzyszy mieszka\u0144com Majorki przez ca\u0142y dzie\u0144: od porannej kawy, a\u017c po wieczorn\u0105, lekk\u0105 kolacj\u0119. W wielu domach jego przygotowanie staje si\u0119 ma\u0142ym rytua\u0142em \u2013 dzieci z rado\u015bci\u0105 rozgniataj\u0105 czosnek, doro\u015bli wybieraj\u0105 najdelikatniejsz\u0105 oliw\u0119, a babcie z dum\u0105 przekazuj\u0105 rodzinne sekrety najdoskonalszych kompozycji smakowych. W\u0142a\u015bnie w takich prostych gestach i codziennej celebracji kryje si\u0119 urok i tradycja majorka\u0144skiej kuchni.<\/p>\n\n\n\n<h2 class=\"wp-block-heading\">Arr\u00f2s brut \u2013 dusza majorka\u0144skiej kuchni<\/h2>\n\n\n\n<figure class=\"wp-block-image size-full\"><img loading=\"lazy\" decoding=\"async\" width=\"1000\" height=\"667\" src=\"https:\/\/www.tui.pl\/blog\/wp-content\/uploads\/2025\/08\/shutterstock_2284227819.jpg\" alt=\"Co zje\u015b\u0107 na Majorce? Wizyt\u00f3wk\u0105 wyspy jest arr\u00f2s brut.\" class=\"wp-image-11162\" title=\"\" srcset=\"https:\/\/www.tui.pl\/blog\/wp-content\/uploads\/2025\/08\/shutterstock_2284227819.jpg 1000w, https:\/\/www.tui.pl\/blog\/wp-content\/uploads\/2025\/08\/shutterstock_2284227819-600x400.jpg 600w, https:\/\/www.tui.pl\/blog\/wp-content\/uploads\/2025\/08\/shutterstock_2284227819-768x512.jpg 768w, https:\/\/www.tui.pl\/blog\/wp-content\/uploads\/2025\/08\/shutterstock_2284227819-585x390.jpg 585w, https:\/\/www.tui.pl\/blog\/wp-content\/uploads\/2025\/08\/shutterstock_2284227819-263x175.jpg 263w\" sizes=\"auto, (max-width: 1000px) 100vw, 1000px\" \/><\/figure>\n\n\n\n<p>Arr\u00f2s brut to jeden z najbardziej charakterystycznych specja\u0142\u00f3w kuchni majorka\u0144skiej, a zarazem wyj\u0105tkowe danie, kt\u00f3re doskonale wpisuje si\u0119 w bogat\u0105 i r\u00f3\u017cnorodn\u0105 tradycj\u0119 kulinarn\u0105 Hiszpanii. Jego nazwa dos\u0142ownie oznacza \u201ebrudny ry\u017c\u201d i odnosi si\u0119 do m\u0119tnego bulionu, kt\u00f3ry powstaje podczas gotowania licznych sk\u0142adnik\u00f3w i przypraw, nadaj\u0105cych potrawie intensywny aromat oraz ciemniejsz\u0105 barw\u0119. Arr\u00f2s brut to jednogarnkowe danie przypominaj\u0105ce zup\u0119 lub bardzo p\u0142ynne risotto \u2013 najcz\u0119\u015bciej przygotowuje si\u0119 je z r\u00f3\u017cnych rodzaj\u00f3w mi\u0119sa takich jak kurczak, kr\u00f3lik, wieprzowina oraz z lokaln\u0105 kie\u0142bas\u0105 sobrasada. Receptura zale\u017cy od sezonu i dost\u0119pnych produkt\u00f3w, dlatego do garnka trafiaj\u0105 te\u017c grzyby, zielony groszek, papryka, fasolka szparagowa, a czasem karczochy lub \u015blimaki.<\/p>\n\n\n\n<p>Kluczowymi dodatkami s\u0105 przyprawy: szafran, cynamon, ga\u0142ka muszkato\u0142owa, pieprz oraz papryka, kt\u00f3re nadaj\u0105 potrawie wyrazisty, korzenny smak. Arr\u00f2s brut tradycyjnie gotuje si\u0119 w glinianych naczyniach i podaje na gor\u0105co jako danie g\u0142\u00f3wne, szczeg\u00f3lnie w ch\u0142odniejsze dni. To potrawa, kt\u00f3ra symbolizuje majorka\u0144sk\u0105 go\u015bcinno\u015b\u0107, domowe ciep\u0142o i przywi\u0105zanie do sezonowych sk\u0142adnik\u00f3w.<\/p>\n\n\n\n<h2 class=\"wp-block-heading\">Tapas na Majorce \u2013 ma\u0142e przysmaki pe\u0142ne smaku i tradycji<\/h2>\n\n\n\n<p>Tapas to nieod\u0142\u0105czny element hiszpa\u0144skiej kultury kulinarnej, kt\u00f3ry na Majorce zyska\u0142 wyj\u0105tkow\u0105 lokaln\u0105 ods\u0142on\u0119, b\u0119d\u0105c zar\u00f3wno przystawk\u0105, jak i form\u0105 towarzyskiego dzielenia si\u0119 jedzeniem. Majorka\u0144skie tapas to niewielkie, wyraziste w smaku przek\u0105ski przygotowywane z lokalnych sk\u0142adnik\u00f3w takich jak \u015bwie\u017ce owoce morza, oliwki, sery, kie\u0142basa sobrasada czy chrupi\u0105cy chleb z oliw\u0105. To idealny wyb\u00f3r na rozpocz\u0119cie posi\u0142ku lub urozmaicenie wieczornego spotkania przy lampce wina.<\/p>\n\n\n\n<p>Tapas na Majorce doskonale oddaj\u0105 ducha lokalnej kuchni \u2014 s\u0105 proste, sezonowe i bazuj\u0105 na najlepszych regionalnych sk\u0142adnikach, dzi\u0119ki czemu pozwalaj\u0105 w pe\u0142ni doceni\u0107 naturalne smaki wyspy. To nie tylko jedzenie, ale i tradycja, kt\u00f3ra sprzyja rozmowom, wsp\u00f3lnemu sp\u0119dzaniu czasu oraz odkrywaniu bogactwa smak\u00f3w wyspy w ma\u0142ych, starannie przygotowanych porcjach. Dzi\u0119ki temu tapas s\u0105 dla mieszka\u0144c\u00f3w Majorki codziennym przysmakiem, a dla turyst\u00f3w \u2013 niezapomnian\u0105 kulinarn\u0105 przygod\u0105, pozwalaj\u0105c\u0105 zanurzy\u0107 si\u0119 w kulturze i atmosferze tej \u015br\u00f3dziemnomorskiej wyspy.<\/p>\n\n\n\n<h2 class=\"wp-block-heading\">Coca de tramp\u00f3 i majorka\u0144skie przysmaki z pieca<\/h2>\n\n\n\n<figure class=\"wp-block-image size-full\"><img loading=\"lazy\" decoding=\"async\" width=\"1000\" height=\"667\" src=\"https:\/\/www.tui.pl\/blog\/wp-content\/uploads\/2025\/08\/shutterstock_2453116309.jpg\" alt=\"Co zje\u015b\u0107 na Majorce? Majorka\u0144ska pizza skradnie Twoje serce.\" class=\"wp-image-11161\" title=\"\" srcset=\"https:\/\/www.tui.pl\/blog\/wp-content\/uploads\/2025\/08\/shutterstock_2453116309.jpg 1000w, https:\/\/www.tui.pl\/blog\/wp-content\/uploads\/2025\/08\/shutterstock_2453116309-600x400.jpg 600w, https:\/\/www.tui.pl\/blog\/wp-content\/uploads\/2025\/08\/shutterstock_2453116309-768x512.jpg 768w, https:\/\/www.tui.pl\/blog\/wp-content\/uploads\/2025\/08\/shutterstock_2453116309-585x390.jpg 585w, https:\/\/www.tui.pl\/blog\/wp-content\/uploads\/2025\/08\/shutterstock_2453116309-263x175.jpg 263w\" sizes=\"auto, (max-width: 1000px) 100vw, 1000px\" \/><\/figure>\n\n\n\n<p>Majorka\u0144ska kuchnia s\u0142ynie z aromatycznych, pieczonych przysmak\u00f3w, kt\u00f3rych symbolem jest coca de tramp\u00f3. To danie, kt\u00f3re przypomina cienk\u0105 pizz\u0119 lub focacci\u0119, wyr\u00f3\u017cnia si\u0119 prostot\u0105 i wykorzystaniem najlepszych, lokalnych sk\u0142adnik\u00f3w. Na chrupi\u0105cym, dro\u017cd\u017cowym cie\u015bcie rozk\u0142ada si\u0119 warstw\u0119 <em>tramp\u00f3<\/em>, czyli letniej sa\u0142atki z posiekanych pomidor\u00f3w, zielonej papryki oraz cebuli. Wszystko delikatnie skrapia si\u0119 oliw\u0105 z oliwek i posypuje szczypt\u0105 soli.<\/p>\n\n\n\n<p>Coca de tramp\u00f3 cz\u0119sto go\u015bci na sto\u0142ach jako lekki lunch, tapas lub przek\u0105ska podczas rodzinnych uroczysto\u015bci i towarzyskich spotka\u0144 na \u015bwie\u017cym powietrzu. Mo\u017cna j\u0105 spotka\u0107 zar\u00f3wno w codziennym menu, jak i podczas wi\u0119kszych \u015bwi\u0105t, kiedy mieszka\u0144cy wyspy celebruj\u0105 smak w gronie najbli\u017cszych. Wariant tej potrawy \u2013 coca de Sa Pobla \u2013 to wersja bez <em>tramp\u00f3<\/em>, w kt\u00f3rej na cie\u015bcie kr\u00f3luje s\u0142odka papryka. Na wyspie mo\u017cna tak\u017ce trafi\u0107 na coca de patata, czyli s\u0142odkie dro\u017cd\u017cowe ciasto z ziemniak\u00f3w, posypane cukrem pudrem, ale to ju\u017c zupe\u0142nie inna podr\u00f3\u017c smakowa.<\/p>\n\n\n\n<h3 class=\"wp-block-heading\">Tumbet \u2013 zapiekanka warzywna, czyli danie g\u0142\u00f3wne dla wegetarian (i nie tylko)<\/h3>\n\n\n\n<figure class=\"wp-block-image size-full\"><img loading=\"lazy\" decoding=\"async\" width=\"1000\" height=\"780\" src=\"https:\/\/www.tui.pl\/blog\/wp-content\/uploads\/2025\/08\/shutterstock_1456283639.jpg\" alt=\"Co zje\u015b\u0107 na Majorce? Na wegetarian czeka tumbet.\" class=\"wp-image-11157\" title=\"\" srcset=\"https:\/\/www.tui.pl\/blog\/wp-content\/uploads\/2025\/08\/shutterstock_1456283639.jpg 1000w, https:\/\/www.tui.pl\/blog\/wp-content\/uploads\/2025\/08\/shutterstock_1456283639-600x468.jpg 600w, https:\/\/www.tui.pl\/blog\/wp-content\/uploads\/2025\/08\/shutterstock_1456283639-768x599.jpg 768w, https:\/\/www.tui.pl\/blog\/wp-content\/uploads\/2025\/08\/shutterstock_1456283639-585x456.jpg 585w\" sizes=\"auto, (max-width: 1000px) 100vw, 1000px\" \/><\/figure>\n\n\n\n<p>Tumbet to kolejna kulinarna wizyt\u00f3wka wyspy. To warstwowa zapiekanka z bak\u0142a\u017cana, ziemniak\u00f3w, papryki i czasem cukinii, kt\u00f3re s\u0105 zapiekane z sosem pomidorowym i aromatycznymi zio\u0142ami. Danie to, cho\u0107 proste, jest pe\u0142ne smaku, a dzi\u0119ki oliwie z oliwek \u2013 r\u00f3wnie\u017c bardzo soczyste. W przeciwie\u0144stwie do francuskiego ratatouille, tumbet ma wyra\u017anie warstwow\u0105 struktur\u0119, a ka\u017cdy sk\u0142adnik zachowuje sw\u00f3j kszta\u0142t i charakter.<\/p>\n\n\n\n<p>Zwykle podawany jest jako danie stricte warzywne, ale doskonale sprawdza si\u0119 r\u00f3wnie\u017c jako dodatek do mi\u0119s i ryb. Jak wiele potraw \u015br\u00f3dziemnomorskich, tumbet najsmaczniejszy jest latem, kiedy wszystkie sk\u0142adniki s\u0105 dost\u0119pne w najlepszej postaci. To jedno z tych da\u0144, kt\u00f3re najlepiej oddaje ducha improwizacji i sezonowo\u015bci majorka\u0144skiej kuchni \u2013 mo\u017cna je bowiem przygotowa\u0107 z tego, co akurat jest pod r\u0119k\u0105 (cho\u0107 tradycyjnie bazuje na ziemniakach, bak\u0142a\u017canach, papryce i pomidorach).<\/p>\n\n\n\n<h3 class=\"wp-block-heading\">Panades \u2013 majorka\u0144skie pierogi z pieca<\/h3>\n\n\n\n<p>Nie spos\u00f3b m\u00f3wi\u0107 o majorka\u0144skich wypiekach bez wspomnienia panades, czyli ma\u0142ych, okr\u0105g\u0142ych pierogach z kruchego ciasta, przygotowywanych bez dodatku dro\u017cd\u017cy. Najcz\u0119\u015bciej nadziewa si\u0119 je jagni\u0119cin\u0105, mi\u0119sem z kr\u00f3lika, sobrasad\u0105 lub owocami morza z groszkiem. Panades tradycyjnie pojawia\u0142y si\u0119 na sto\u0142ach w okresie Wielkanocy, lecz dzi\u015b mo\u017cna je znale\u017a\u0107 na Majorce przez ca\u0142y rok. To niezwykle praktyczne danie \u2014 doskona\u0142e na piknik, w podr\u00f3\u017c, jako syc\u0105ca przek\u0105ska czy towarzysz ca\u0142odniowych w\u0119dr\u00f3wek po wyspie. Coraz wi\u0119ksz\u0105 popularno\u015bci\u0105 ciesz\u0105 si\u0119 r\u00f3wnie\u017c wersje wegetaria\u0144skie, nape\u0142niane serem lub warzywami.<\/p>\n\n\n\n<h2 class=\"wp-block-heading\">Owoce morza w kuchni Majorki \u2013 pyszne jedzenie prosto z kutra<\/h2>\n\n\n\n<p>Tradycyjna kuchnia Majorki to bogactwo da\u0144 powsta\u0142ych z naj\u015bwie\u017cszych dar\u00f3w morza. W Port de Soller, czyli mie\u015bcie, kt\u00f3re s\u0142ynie z po\u0142owu czerwonej krewetki, lokalne restauracje przy promenadzie i nadmorskie tawerny serwuj\u0105 prawdziwe kulinarne rarytasy. Kr\u00f3luj\u0105 tu przede wszystkim gambas de Soller \u2013 delikatne, soczyste krewetki podawane najcz\u0119\u015bciej z oliw\u0105 z oliwek i \u015bwie\u017cymi zio\u0142ami, w najprostszej i zarazem najsmaczniejszej ods\u0142onie. W menu znale\u017a\u0107 mo\u017cna tak\u017ce r\u00f3\u017cnorodne dania z ma\u0142\u017cami, kalmarami, o\u015bmiornicami czy lokalnymi rybami, kt\u00f3re s\u0105 podawane zar\u00f3wno w klasycznych paellach, jak i w nowoczesnych interpretacjach kuchni \u015br\u00f3dziemnomorskiej.<\/p>\n\n\n\n<p>W menu znajdziecie r\u00f3wnie\u017c wykwintne frito mallorqu\u00edn de marisco, czyli po\u0142\u0105czenie kalmar\u00f3w, krewetek oraz r\u00f3\u017cnych ryb z ziemniakami i warzywami. Wszystko to doprawione jest czosnkiem, oliw\u0105 oraz \u015bwie\u017c\u0105 zielon\u0105 papryk\u0105, nadaj\u0105c\u0105 lekko\u015bci i charakterystycznego aromatu. Innym przyk\u0142adem kuchni majorka\u0144skiej, do kt\u00f3rego warto wraca\u0107, jest caldereta de langosta, czyli g\u0119sty gulasz z homara o kremowej konsystencji, kt\u00f3ry uznawany jest za lokalny przysmak, szczeg\u00f3lnie w portowych tawernach.<\/p>\n\n\n\n<h2 class=\"wp-block-heading\">Desery, kt\u00f3re podbijaj\u0105 serca \u2013 s\u0142odkie zako\u0144czenie kulinarnej podr\u00f3\u017cy<\/h2>\n\n\n\n<figure class=\"wp-block-image size-full\"><img loading=\"lazy\" decoding=\"async\" width=\"1000\" height=\"750\" src=\"https:\/\/www.tui.pl\/blog\/wp-content\/uploads\/2025\/08\/shutterstock_2511433021.jpg\" alt=\"Co zje\u015b\u0107 na Majorce? W piekarniach czekaj\u0105 prawdziwe s\u0142odko\u015bci.\" class=\"wp-image-11159\" title=\"\" srcset=\"https:\/\/www.tui.pl\/blog\/wp-content\/uploads\/2025\/08\/shutterstock_2511433021.jpg 1000w, https:\/\/www.tui.pl\/blog\/wp-content\/uploads\/2025\/08\/shutterstock_2511433021-600x450.jpg 600w, https:\/\/www.tui.pl\/blog\/wp-content\/uploads\/2025\/08\/shutterstock_2511433021-768x576.jpg 768w, https:\/\/www.tui.pl\/blog\/wp-content\/uploads\/2025\/08\/shutterstock_2511433021-585x439.jpg 585w\" sizes=\"auto, (max-width: 1000px) 100vw, 1000px\" \/><\/figure>\n\n\n\n<p>Po syc\u0105cym posi\u0142ku na Majorce nie spos\u00f3b odm\u00f3wi\u0107 sobie deseru. S\u0142ynn\u0105 lokaln\u0105 s\u0142odko\u015bci\u0105 jest ensa\u00efmada \u2013 puszyste, lekko spiralne ciasto dro\u017cd\u017cowe, wypiekane w lokalnych piekarniach od pokole\u0144 i najcz\u0119\u015bciej posypywane cukrem pudrem. W wersji luksusowej wype\u0142niane bywa kremem waniliowym, kt\u00f3ry idealnie podkre\u015bla subtelny smak ciasta. Ensa\u00efmada doskonale sprawdza si\u0119 zar\u00f3wno jako \u015bniadanie, jak i popo\u0142udniowa przek\u0105ska, najcz\u0119\u015bciej podawana z fili\u017cank\u0105 aromatycznej kawy.<\/p>\n\n\n\n<p>Kolejn\u0105 lokaln\u0105 s\u0142odko\u015bci\u0105 jest gat\u00f3 de almendra, czyli wilgotne migda\u0142owe ciasto, przyrz\u0105dzane bez m\u0105ki. Serwuje si\u0119 je cz\u0119sto z ga\u0142k\u0105 lod\u00f3w, dzi\u0119ki czemu deser zyskuje wyj\u0105tkow\u0105 lekko\u015b\u0107 i \u015bwie\u017co\u015b\u0107. Warto te\u017c si\u0119gn\u0105\u0107 po\u202frubiols, czyli delikatne, kruche piero\u017cki o charakterystycznym p\u00f3\u0142ksi\u0119\u017cycowym kszta\u0142cie, nadziewane marmolad\u0105 z moreli, sera lub s\u0142odkiego twarogu. Tradycyjnie przygotowuje si\u0119 je g\u0142\u00f3wnie na Wielkanoc, lecz ich s\u0142odki smak mo\u017cna odkrywa\u0107 przez ca\u0142y rok w lokalnych cukierniach. Kolejnym przysmakiem, kt\u00f3ry podbija serca zar\u00f3wno mieszka\u0144c\u00f3w, jak i turyst\u00f3w, jest\u202fcoca de patata\u202f\u2013 puszyste bu\u0142eczki z dodatkiem ziemniak\u00f3w, lekko opr\u00f3szone cukrem pudrem, idealne do popo\u0142udniowej kawy. Wielbiciele \u015bmietankowych smak\u00f3w doceni\u0105 tak\u017ce\u202fgreixonera de brossat, czyli zapiekany deser z serka ricotta, doprawiony sk\u00f3rk\u0105 cytrynow\u0105 i cynamonem.<\/p>\n\n\n\n<h2 class=\"wp-block-heading\">Fenomen menu del dia i bia\u0142ego wina z regionu Palma de Mallorca<\/h2>\n\n\n\n<p>Kuchnia majorki to jednocze\u015bnie prostota i bogactwo, lekko\u015b\u0107 i kremowa konsystencja, a przede wszystkim \u2013 niezapomniany smak. Menu del dia, czyli codzienne menu restauracyjne, to idealny spos\u00f3b na poznanie wielu lokalnych da\u0144 w przyst\u0119pnej cenie. Takie menu zwykle obejmuje przystawk\u0119, danie g\u0142\u00f3wne, deser i nap\u00f3j. Na wyspie mo\u017cna znale\u017a\u0107 \u201emenu del d\u00eda\u201d zar\u00f3wno w znanych, eleganckich restauracjach, jak i kameralnych tawernach z dala od turystycznych szlak\u00f3w, gdzie kr\u00f3luj\u0105 tradycyjne przepisy i sezonowe warzywa.<\/p>\n\n\n\n<p>Szczeg\u00f3lnym uzupe\u0142nieniem tej kulinarnej podr\u00f3\u017cy jest bia\u0142e wino z regionu Palma. Wina produkowane z lokalnych szczep\u00f3w takich jak Prensal Blanc zachwycaj\u0105 \u015bwie\u017co\u015bci\u0105, delikatnym owocowym aromatem i lekko\u015bci\u0105. Idealnie komponuj\u0105 si\u0119 z rybami i owocami morza, kt\u00f3rych na Majorce nie brakuje. Do najwa\u017cniejszych region\u00f3w winiarskich nale\u017cy Binissalem s\u0142yn\u0105cy z d\u0142ugiej tradycji i rodzinnych winnic oraz Pla i Llevant, gdzie powstaj\u0105 orze\u017awiaj\u0105ce, eleganckie bia\u0142e wina doskonale oddaj\u0105ce \u015br\u00f3dziemnomorski charakter wyspy.<\/p>\n\n\n\n<h2 class=\"wp-block-heading\">Wakacje na Majorce \u2013 jak zorganizowa\u0107 kulinarn\u0105 podr\u00f3\u017c?<\/h2>\n\n\n\n<p>Planuj\u0105c kulinarn\u0105 podr\u00f3\u017c na Majork\u0119, warto podej\u015b\u0107 do tematu z otwart\u0105 g\u0142ow\u0105 i&#8230; pustym \u017co\u0142\u0105dkiem. Podczas pobytu warto odwiedzi\u0107 lokalne targi, ma\u0142e tawerny i rodzinne restauracje w miasteczkach oddalonych od g\u0142\u00f3wnych kurort\u00f3w. Dobrym pomys\u0142em jest <a target=\"_blank\" rel=\"noreferrer noopener\" href=\"https:\/\/www.tuicars.com\/pl\/\">wynaj\u0119cie samochodu<\/a>, kt\u00f3ry pozwoli dotrze\u0107 do mniej oczywistych miejsc \u2013 zw\u0142aszcza tych w g\u00f3rskich regionach Serra de Tramuntana czy w\u015br\u00f3d winnic w centralnej cz\u0119\u015bci wyspy. Warto r\u00f3wnie\u017c sprawdzi\u0107, kiedy i gdzie odbywaj\u0105 si\u0119 lokalne fiesty lub festiwale kulinarne \u2013 to \u015bwietna okazja, aby spr\u00f3bowa\u0107 regionalnych specja\u0142\u00f3w w autentycznej atmosferze. Kluczem do udanej kulinarnej wyprawy jest elastyczno\u015b\u0107 \u2013 zamiast sztywnego planu, postaw na spontaniczne odkrycia i rozmowy z mieszka\u0144cami, kt\u00f3rzy cz\u0119sto najlepiej wiedz\u0105, gdzie zje\u015b\u0107 naprawd\u0119 dobrze.<\/p>\n\n\n\n<p>Kulinarn\u0105 podr\u00f3\u017c mo\u017cna po\u0142\u0105czy\u0107 z odkrywaniem ulubionych pla\u017c, malowniczych zatoczek oraz klimatycznych miasteczek, kt\u00f3re s\u0142yn\u0105 ze \u015bwie\u017cego jedzenia. Majorka oferuje r\u00f3wnie\u017c wyj\u0105tkowe wydarzenia gastronomiczne, podczas kt\u00f3rych mo\u017cna uczestniczy\u0107 w pokazach gotowania i degustacjach regionalnych specja\u0142\u00f3w. Ka\u017cdy pobyt na tej \u015br\u00f3dziemnomorskiej wyspie to niepowtarzalna okazja do poznania nowych smak\u00f3w, kt\u00f3re na d\u0142ugo pozostaj\u0105 w pami\u0119ci.<\/p>\n\n\n\r\n<div class=\"shortcode-content\">\r\n            <div class=\"offer-header\">Polecane hotele na Majorce<\/div>\r\n    \r\n    <div class=\"js-offers-slider offers-slider\" aria-label=\"Offers slider\">\r\n                                    <div class=\"slide-item js-slide-item\">\r\n                    <div class=\"offer-item\">\r\n                        <img decoding=\"async\" class=\"offer-item__img\" loading=\"lazy\" width=\"250\" height=\"133\" src=\"https:\/\/r.cdn.redgalaxy.com\/scale\/o2\/TUI\/hotels\/PMI09005\/S21\/16761092.jpg?dstw=1157&amp;dsth=621&amp;srcw=1157&amp;srch=621&amp;srcx=1\/2&amp;srcy=1\/2&amp;srcmode=3&amp;type=1&amp;quality=80\" alt=\"\" title=\"\">\r\n                        <div class='offer-item__content'>\r\n                            <div>\r\n                                <div class=\"offer-item__standard\">\r\n                                                                                                            \r\n                                                                            <svg xmlns=\"http:\/\/www.w3.org\/2000\/svg\" width=\"16\" height=\"16\" viewBox=\"0 0 120 120\"\r\n                                            class=\"Rating_icon__5eKO5\">\r\n                                            <path fill=\"#1b115c\"\r\n                                                d=\"M34.536 105.262c-3.142 2.278-7.361-.804-6.147-4.49l9.793-29.717-25.516-18.33c-3.16-2.27-1.548-7.257 2.343-7.249l31.518.069 9.668-29.78c1.197-3.687 6.413-3.687 7.61 0l9.668 29.78 31.518-.069c3.89-.008 5.502 4.98 2.343 7.249l-25.516 18.33 9.793 29.717c1.214 3.686-3.005 6.768-6.147 4.49L60 86.801z\">\r\n                                            <\/path>\r\n                                        <\/svg>\r\n                                                                            <svg xmlns=\"http:\/\/www.w3.org\/2000\/svg\" width=\"16\" height=\"16\" viewBox=\"0 0 120 120\"\r\n                                            class=\"Rating_icon__5eKO5\">\r\n                                            <path fill=\"#1b115c\"\r\n                                                d=\"M34.536 105.262c-3.142 2.278-7.361-.804-6.147-4.49l9.793-29.717-25.516-18.33c-3.16-2.27-1.548-7.257 2.343-7.249l31.518.069 9.668-29.78c1.197-3.687 6.413-3.687 7.61 0l9.668 29.78 31.518-.069c3.89-.008 5.502 4.98 2.343 7.249l-25.516 18.33 9.793 29.717c1.214 3.686-3.005 6.768-6.147 4.49L60 86.801z\">\r\n                                            <\/path>\r\n                                        <\/svg>\r\n                                                                            <svg xmlns=\"http:\/\/www.w3.org\/2000\/svg\" width=\"16\" height=\"16\" viewBox=\"0 0 120 120\"\r\n                                            class=\"Rating_icon__5eKO5\">\r\n                                            <path fill=\"#1b115c\"\r\n                                                d=\"M34.536 105.262c-3.142 2.278-7.361-.804-6.147-4.49l9.793-29.717-25.516-18.33c-3.16-2.27-1.548-7.257 2.343-7.249l31.518.069 9.668-29.78c1.197-3.687 6.413-3.687 7.61 0l9.668 29.78 31.518-.069c3.89-.008 5.502 4.98 2.343 7.249l-25.516 18.33 9.793 29.717c1.214 3.686-3.005 6.768-6.147 4.49L60 86.801z\">\r\n                                            <\/path>\r\n                                        <\/svg>\r\n                                                                            <svg xmlns=\"http:\/\/www.w3.org\/2000\/svg\" width=\"16\" height=\"16\" viewBox=\"0 0 120 120\"\r\n                                            class=\"Rating_icon__5eKO5\">\r\n                                            <path fill=\"#1b115c\"\r\n                                                d=\"M34.536 105.262c-3.142 2.278-7.361-.804-6.147-4.49l9.793-29.717-25.516-18.33c-3.16-2.27-1.548-7.257 2.343-7.249l31.518.069 9.668-29.78c1.197-3.687 6.413-3.687 7.61 0l9.668 29.78 31.518-.069c3.89-.008 5.502 4.98 2.343 7.249l-25.516 18.33 9.793 29.717c1.214 3.686-3.005 6.768-6.147 4.49L60 86.801z\">\r\n                                            <\/path>\r\n                                        <\/svg>\r\n                                                                                                        <\/div>\r\n                                <div class=\"offer-item__title\">\r\n                                    Globales Cala Vi\u00f1as                                <\/div>\r\n                                <div class=\"offer-item__direction\">Hiszpania \/ Majorka \/ Cala Vi\u00f1as<\/div>\r\n                            <\/div>\r\n                            <div>\r\n                                <a href=\"https:\/\/tui.pl\/wypoczynek\/hiszpania\/majorka\/globales-cala-vias-pmi09005?pm_source=blog&amp;pm_name=polecane-hotele-PMI\" target=\"_blank\" class=\"offer-item__link\" rel=\"noopener\">\r\n                                    2 652                                    z\u0142\/os.\r\n                                <\/a>\r\n                            <\/div>\r\n                        <\/div>\r\n                    <\/div>\r\n                <\/div>\r\n                                                <div class=\"slide-item js-slide-item\">\r\n                    <div class=\"offer-item\">\r\n                        <img decoding=\"async\" class=\"offer-item__img\" loading=\"lazy\" width=\"250\" height=\"133\" src=\"https:\/\/r.cdn.redgalaxy.com\/scale\/o2\/TUI\/hotels\/PMI55070\/S20\/14263086.jpg?dstw=1157&amp;dsth=621&amp;srcw=1157&amp;srch=621&amp;srcx=1\/2&amp;srcy=1\/2&amp;srcmode=3&amp;type=1&amp;quality=80\" alt=\"\" title=\"\">\r\n                        <div class='offer-item__content'>\r\n                            <div>\r\n                                <div class=\"offer-item__standard\">\r\n                                                                                                            \r\n                                                                            <svg xmlns=\"http:\/\/www.w3.org\/2000\/svg\" width=\"16\" height=\"16\" viewBox=\"0 0 120 120\"\r\n                                            class=\"Rating_icon__5eKO5\">\r\n                                            <path fill=\"#1b115c\"\r\n                                                d=\"M34.536 105.262c-3.142 2.278-7.361-.804-6.147-4.49l9.793-29.717-25.516-18.33c-3.16-2.27-1.548-7.257 2.343-7.249l31.518.069 9.668-29.78c1.197-3.687 6.413-3.687 7.61 0l9.668 29.78 31.518-.069c3.89-.008 5.502 4.98 2.343 7.249l-25.516 18.33 9.793 29.717c1.214 3.686-3.005 6.768-6.147 4.49L60 86.801z\">\r\n                                            <\/path>\r\n                                        <\/svg>\r\n                                                                            <svg xmlns=\"http:\/\/www.w3.org\/2000\/svg\" width=\"16\" height=\"16\" viewBox=\"0 0 120 120\"\r\n                                            class=\"Rating_icon__5eKO5\">\r\n                                            <path fill=\"#1b115c\"\r\n                                                d=\"M34.536 105.262c-3.142 2.278-7.361-.804-6.147-4.49l9.793-29.717-25.516-18.33c-3.16-2.27-1.548-7.257 2.343-7.249l31.518.069 9.668-29.78c1.197-3.687 6.413-3.687 7.61 0l9.668 29.78 31.518-.069c3.89-.008 5.502 4.98 2.343 7.249l-25.516 18.33 9.793 29.717c1.214 3.686-3.005 6.768-6.147 4.49L60 86.801z\">\r\n                                            <\/path>\r\n                                        <\/svg>\r\n                                                                            <svg xmlns=\"http:\/\/www.w3.org\/2000\/svg\" width=\"16\" height=\"16\" viewBox=\"0 0 120 120\"\r\n                                            class=\"Rating_icon__5eKO5\">\r\n                                            <path fill=\"#1b115c\"\r\n                                                d=\"M34.536 105.262c-3.142 2.278-7.361-.804-6.147-4.49l9.793-29.717-25.516-18.33c-3.16-2.27-1.548-7.257 2.343-7.249l31.518.069 9.668-29.78c1.197-3.687 6.413-3.687 7.61 0l9.668 29.78 31.518-.069c3.89-.008 5.502 4.98 2.343 7.249l-25.516 18.33 9.793 29.717c1.214 3.686-3.005 6.768-6.147 4.49L60 86.801z\">\r\n                                            <\/path>\r\n                                        <\/svg>\r\n                                                                            <svg xmlns=\"http:\/\/www.w3.org\/2000\/svg\" width=\"16\" height=\"16\" viewBox=\"0 0 120 120\"\r\n                                            class=\"Rating_icon__5eKO5\">\r\n                                            <path fill=\"#1b115c\"\r\n                                                d=\"M34.536 105.262c-3.142 2.278-7.361-.804-6.147-4.49l9.793-29.717-25.516-18.33c-3.16-2.27-1.548-7.257 2.343-7.249l31.518.069 9.668-29.78c1.197-3.687 6.413-3.687 7.61 0l9.668 29.78 31.518-.069c3.89-.008 5.502 4.98 2.343 7.249l-25.516 18.33 9.793 29.717c1.214 3.686-3.005 6.768-6.147 4.49L60 86.801z\">\r\n                                            <\/path>\r\n                                        <\/svg>\r\n                                                                                                        <\/div>\r\n                                <div class=\"offer-item__title\">\r\n                                    Iberostar Waves Club Cala Barca                                <\/div>\r\n                                <div class=\"offer-item__direction\">Hiszpania \/ Majorka \/ Cala Barca<\/div>\r\n                            <\/div>\r\n                            <div>\r\n                                <a href=\"https:\/\/tui.pl\/wypoczynek\/hiszpania\/majorka\/iberostar-waves-club-cala-barca-pmi55070?pm_source=blog&amp;pm_name=polecane-hotele-PMI\" target=\"_blank\" class=\"offer-item__link\" rel=\"noopener\">\r\n                                    4 589                                    z\u0142\/os.\r\n                                <\/a>\r\n                            <\/div>\r\n                        <\/div>\r\n                    <\/div>\r\n                <\/div>\r\n                                                <div class=\"slide-item js-slide-item\">\r\n                    <div class=\"offer-item\">\r\n                        <img decoding=\"async\" class=\"offer-item__img\" loading=\"lazy\" width=\"250\" height=\"133\" src=\"https:\/\/r.cdn.redgalaxy.com\/scale\/o2\/TUI\/hotels\/PMI83035\/S25\/31737802.jpg?dstw=1157&amp;dsth=621&amp;srcw=1157&amp;srch=621&amp;srcx=1\/2&amp;srcy=1\/2&amp;srcmode=3&amp;type=1&amp;quality=80\" alt=\"\" title=\"\">\r\n                        <div class='offer-item__content'>\r\n                            <div>\r\n                                <div class=\"offer-item__standard\">\r\n                                                                                                            \r\n                                                                            <svg xmlns=\"http:\/\/www.w3.org\/2000\/svg\" width=\"16\" height=\"16\" viewBox=\"0 0 120 120\"\r\n                                            class=\"Rating_icon__5eKO5\">\r\n                                            <path fill=\"#1b115c\"\r\n                                                d=\"M34.536 105.262c-3.142 2.278-7.361-.804-6.147-4.49l9.793-29.717-25.516-18.33c-3.16-2.27-1.548-7.257 2.343-7.249l31.518.069 9.668-29.78c1.197-3.687 6.413-3.687 7.61 0l9.668 29.78 31.518-.069c3.89-.008 5.502 4.98 2.343 7.249l-25.516 18.33 9.793 29.717c1.214 3.686-3.005 6.768-6.147 4.49L60 86.801z\">\r\n                                            <\/path>\r\n                                        <\/svg>\r\n                                                                            <svg xmlns=\"http:\/\/www.w3.org\/2000\/svg\" width=\"16\" height=\"16\" viewBox=\"0 0 120 120\"\r\n                                            class=\"Rating_icon__5eKO5\">\r\n                                            <path fill=\"#1b115c\"\r\n                                                d=\"M34.536 105.262c-3.142 2.278-7.361-.804-6.147-4.49l9.793-29.717-25.516-18.33c-3.16-2.27-1.548-7.257 2.343-7.249l31.518.069 9.668-29.78c1.197-3.687 6.413-3.687 7.61 0l9.668 29.78 31.518-.069c3.89-.008 5.502 4.98 2.343 7.249l-25.516 18.33 9.793 29.717c1.214 3.686-3.005 6.768-6.147 4.49L60 86.801z\">\r\n                                            <\/path>\r\n                                        <\/svg>\r\n                                                                            <svg xmlns=\"http:\/\/www.w3.org\/2000\/svg\" width=\"16\" height=\"16\" viewBox=\"0 0 120 120\"\r\n                                            class=\"Rating_icon__5eKO5\">\r\n                                            <path fill=\"#1b115c\"\r\n                                                d=\"M34.536 105.262c-3.142 2.278-7.361-.804-6.147-4.49l9.793-29.717-25.516-18.33c-3.16-2.27-1.548-7.257 2.343-7.249l31.518.069 9.668-29.78c1.197-3.687 6.413-3.687 7.61 0l9.668 29.78 31.518-.069c3.89-.008 5.502 4.98 2.343 7.249l-25.516 18.33 9.793 29.717c1.214 3.686-3.005 6.768-6.147 4.49L60 86.801z\">\r\n                                            <\/path>\r\n                                        <\/svg>\r\n                                                                            <svg xmlns=\"http:\/\/www.w3.org\/2000\/svg\" width=\"16\" height=\"16\" viewBox=\"0 0 120 120\"\r\n                                            class=\"Rating_icon__5eKO5\">\r\n                                            <path fill=\"#1b115c\"\r\n                                                d=\"M34.536 105.262c-3.142 2.278-7.361-.804-6.147-4.49l9.793-29.717-25.516-18.33c-3.16-2.27-1.548-7.257 2.343-7.249l31.518.069 9.668-29.78c1.197-3.687 6.413-3.687 7.61 0l9.668 29.78 31.518-.069c3.89-.008 5.502 4.98 2.343 7.249l-25.516 18.33 9.793 29.717c1.214 3.686-3.005 6.768-6.147 4.49L60 86.801z\">\r\n                                            <\/path>\r\n                                        <\/svg>\r\n                                                                                                        <\/div>\r\n                                <div class=\"offer-item__title\">\r\n                                    Playa Garden                                <\/div>\r\n                                <div class=\"offer-item__direction\">Hiszpania \/ Majorka \/ Zatoka Alkudyjska<\/div>\r\n                            <\/div>\r\n                            <div>\r\n                                <a href=\"https:\/\/tui.pl\/wypoczynek\/hiszpania\/majorka\/playa-garden-pmi83035?pm_source=blog&amp;pm_name=polecane-hotele-PMI\" target=\"_blank\" class=\"offer-item__link\" rel=\"noopener\">\r\n                                    2 781                                    z\u0142\/os.\r\n                                <\/a>\r\n                            <\/div>\r\n                        <\/div>\r\n                    <\/div>\r\n                <\/div>\r\n                        <\/div>\r\n<\/div>\n\n\n\n<p><\/p>\n","protected":false},"excerpt":{"rendered":"<p>S\u0142o\u0144ce, szum fal i intensywny zapach zi\u00f3\u0142 unosz\u0105cy si\u0119 w powietrzu \u2013 tak w\u0142a\u015bnie powita Ci\u0119 Majorka, kt\u00f3ra jest rajem dla mi\u0142o\u015bnik\u00f3w pi\u0119knych pla\u017c i smakoszy szukaj\u0105cych kulinarnych niespodzianek. Je\u015bli&hellip;<\/p>\n","protected":false},"author":52,"featured_media":11158,"comment_status":"closed","ping_status":"closed","sticky":false,"template":"","format":"standard","meta":{"_lmt_disableupdate":"","_lmt_disable":"","footnotes":""},"categories":[12,22,182],"tags":[735,745,766],"class_list":["post-11156","post","type-post","status-publish","format-standard","has-post-thumbnail","hentry","category-hiszpania","category-majorka","category-podroze","tag-ciekawostki","tag-gdzie-na-wakacje","tag-wakacje-z-tui"],"home_img_url":"https:\/\/www.tui.pl\/blog\/wp-content\/uploads\/2025\/08\/shutterstock_2020055843-585x390.jpg","home_img_alt":"Co zje\u015b\u0107 na Majorce? Spr\u00f3buj wszystkich specja\u0142\u00f3w wyspy!","_links":{"self":[{"href":"https:\/\/www.tui.pl\/blog\/wp-json\/wp\/v2\/posts\/11156","targetHints":{"allow":["GET"]}}],"collection":[{"href":"https:\/\/www.tui.pl\/blog\/wp-json\/wp\/v2\/posts"}],"about":[{"href":"https:\/\/www.tui.pl\/blog\/wp-json\/wp\/v2\/types\/post"}],"author":[{"embeddable":true,"href":"https:\/\/www.tui.pl\/blog\/wp-json\/wp\/v2\/users\/52"}],"replies":[{"embeddable":true,"href":"https:\/\/www.tui.pl\/blog\/wp-json\/wp\/v2\/comments?post=11156"}],"version-history":[{"count":3,"href":"https:\/\/www.tui.pl\/blog\/wp-json\/wp\/v2\/posts\/11156\/revisions"}],"predecessor-version":[{"id":11178,"href":"https:\/\/www.tui.pl\/blog\/wp-json\/wp\/v2\/posts\/11156\/revisions\/11178"}],"wp:featuredmedia":[{"embeddable":true,"href":"https:\/\/www.tui.pl\/blog\/wp-json\/wp\/v2\/media\/11158"}],"wp:attachment":[{"href":"https:\/\/www.tui.pl\/blog\/wp-json\/wp\/v2\/media?parent=11156"}],"wp:term":[{"taxonomy":"category","embeddable":true,"href":"https:\/\/www.tui.pl\/blog\/wp-json\/wp\/v2\/categories?post=11156"},{"taxonomy":"post_tag","embeddable":true,"href":"https:\/\/www.tui.pl\/blog\/wp-json\/wp\/v2\/tags?post=11156"}],"curies":[{"name":"wp","href":"https:\/\/api.w.org\/{rel}","templated":true}]}}