{"id":10874,"date":"2025-07-03T14:07:40","date_gmt":"2025-07-03T12:07:40","guid":{"rendered":"https:\/\/www.tui.pl\/blog\/?p=10874"},"modified":"2025-07-03T14:07:41","modified_gmt":"2025-07-03T12:07:41","slug":"pamiatki-z-madery-co-warto-przywiezc-z-wyspy-wiecznej-wiosny","status":"publish","type":"post","link":"https:\/\/www.tui.pl\/blog\/pamiatki-z-madery-co-warto-przywiezc-z-wyspy-wiecznej-wiosny\/","title":{"rendered":"Pami\u0105tki z Madery \u2013 co warto przywie\u017a\u0107 z wyspy wiecznej wiosny?"},"content":{"rendered":"\n<p>Wystarczy jeden spacer po targu Mercado dos Lavradores w Funchal, aby zrozumie\u0107, \u017ce z Madery nie da si\u0119 wyjecha\u0107 z pustymi r\u0119kami. Kolorowe stragany uginaj\u0105 si\u0119 pod ci\u0119\u017carem egzotycznych owoc\u00f3w, a w bocznych alejkach rzemie\u015blnicy z dum\u0105 prezentuj\u0105 wiklinowe dzie\u0142a i butelki lokalnych trunk\u00f3w. Jak zamkn\u0105\u0107 w walizce esencj\u0119 wyspy wiecznej wiosny? To pytanie zadaje sobie ka\u017cdy, kto cho\u0107 raz poczu\u0142 na sk\u00f3rze ciep\u0142o maderskiego s\u0142o\u0144ca i da\u0142 si\u0119 ponie\u015b\u0107 zapachom kwitn\u0105cych strelicji. Podpowiadamy, jakie pami\u0105tki warto przywie\u017a\u0107 z Madery, by zatrzyma\u0107 jej wyj\u0105tkowy klimat na d\u0142u\u017cej.<\/p>\n\n\n\n<h2 class=\"wp-block-heading\">Najpopularniejsze pami\u0105tki z Madery<\/h2>\n\n\n\n<p>Madera jest miejscem, w kt\u00f3rym poszukiwanie pami\u0105tek jest czym\u015b wi\u0119cej ni\u017c tylko wakacyjnym rytua\u0142em \u2013 to odkrywanie duszy wyspy, zakl\u0119tej w smakach, zapachach i kunszcie lokalnych rzemie\u015blnik\u00f3w. Ka\u017cda wizyta na tutejszych targach czy w niewielkich sklepikach staje si\u0119 okazj\u0105 do spotkania z tradycj\u0105 piel\u0119gnowan\u0105 od pokole\u0144. W\u0119dr\u00f3wka przez r\u00f3\u017cnorodne zak\u0105tki wyspy pozwala dostrzec, jak g\u0142\u0119boko sztuka r\u0119kodzie\u0142a i lokalne zwyczaje s\u0105 wpisane w codzienne \u017cycie mieszka\u0144c\u00f3w. To w\u0142a\u015bnie tutaj w\u015br\u00f3d zapachu \u015bwie\u017co wypiekanego bolo de mel i d\u017awi\u0119ku pracuj\u0105cych warsztat\u00f3w rodz\u0105 si\u0119 przedmioty, kt\u00f3re nios\u0105 w sobie histori\u0119 i ciep\u0142o r\u0105k swoich tw\u00f3rc\u00f3w.<\/p>\n\n\n\n<p>W\u015br\u00f3d pami\u0105tek z Madery nie brakuje tak\u017ce przedmiot\u00f3w codziennego u\u017cytku, kt\u00f3re zachwycaj\u0105 jako\u015bci\u0105 wykonania. Wiklinowe kosze, torebki i haftowane serwetki to przyk\u0142ady rzemios\u0142a, kt\u00f3re kontynuuje wielowiekowe tradycje wyspy. Wyj\u0105tkow\u0105 pami\u0105tk\u0105 mog\u0105 by\u0107 r\u00f3wnie\u017c poczt\u00f3wki z wizerunkami rajskich ptak\u00f3w i malowniczych widok\u00f3w wyspy \u2013 to drobne, ale niezwykle osobiste upominki, kt\u00f3re pozwalaj\u0105 zatrzyma\u0107 wspomnienia z podr\u00f3\u017cy i podzieli\u0107 si\u0119 nimi z bliskimi. Przy wyborze pami\u0105tek z <a target=\"_blank\" rel=\"noreferrer noopener\" href=\"https:\/\/www.tui.pl\/wypoczynek\/portugalia\/madera\">Madery<\/a> szczeg\u00f3ln\u0105 uwag\u0119 warto zwr\u00f3ci\u0107 na:<\/p>\n\n\n\n<ul class=\"wp-block-list\">\n<li>lokalne przysmaki: bolo de mel, mel de cana, suszone owoce, przyprawy;<\/li>\n\n\n\n<li>wino madera: r\u00f3\u017cne odmiany i roczniki, dost\u0119pne w lokalnych winiarniach;<\/li>\n\n\n\n<li>tradycyjne r\u0119kodzie\u0142o: haftowane obrusy, serwetki, wyroby wiklinowe, ceramika;<\/li>\n\n\n\n<li>produkty z korka: torebki, portfele, bi\u017cuteria;<\/li>\n\n\n\n<li>kosmetyki na bazie aloesu: kremy, balsamy, \u017cele;<\/li>\n\n\n\n<li>drobne pami\u0105tki: poczt\u00f3wki, magnesy, figurki, albumy fotograficzne.<\/li>\n<\/ul>\n\n\n\n<h2 class=\"wp-block-heading\">Tradycyjne r\u0119kodzie\u0142o \u2013 pami\u0105tki z dusz\u0105 i histori\u0105<\/h2>\n\n\n\n<figure class=\"wp-block-image size-full\"><img loading=\"lazy\" decoding=\"async\" width=\"1000\" height=\"667\" src=\"https:\/\/www.tui.pl\/blog\/wp-content\/uploads\/2025\/07\/shutterstock_1263851782.jpg\" alt=\"Pami\u0105tki z Madery obejmuj\u0105 lokalne r\u0119kodzie\u0142o.\" class=\"wp-image-10879\" title=\"\" srcset=\"https:\/\/www.tui.pl\/blog\/wp-content\/uploads\/2025\/07\/shutterstock_1263851782.jpg 1000w, https:\/\/www.tui.pl\/blog\/wp-content\/uploads\/2025\/07\/shutterstock_1263851782-600x400.jpg 600w, https:\/\/www.tui.pl\/blog\/wp-content\/uploads\/2025\/07\/shutterstock_1263851782-768x512.jpg 768w, https:\/\/www.tui.pl\/blog\/wp-content\/uploads\/2025\/07\/shutterstock_1263851782-585x390.jpg 585w, https:\/\/www.tui.pl\/blog\/wp-content\/uploads\/2025\/07\/shutterstock_1263851782-263x175.jpg 263w\" sizes=\"auto, (max-width: 1000px) 100vw, 1000px\" \/><\/figure>\n\n\n\n<p>Madera s\u0142ynie z mistrzowskiego r\u0119kodzie\u0142a, a prawdziw\u0105 dum\u0105 wyspy s\u0105 maderskie hafty (<em>Bordado da Madeira<\/em>), kt\u00f3re od pokole\u0144 zachwycaj\u0105 precyzj\u0105 i subtelnym pi\u0119knem. Sztuka haftu przekazywana jest tu z matki na c\u00f3rk\u0119, a do pracy u\u017cywa si\u0119 wy\u0142\u0105cznie najwy\u017cszej jako\u015bci lnu, jedwabiu i organdyny. R\u0119cznie zdobione obrusy, serwetki, po\u015bciel oraz elementy garderoby zachwycaj\u0105 elegancj\u0105 i kunsztem wykonania. Te wyj\u0105tkowe dzie\u0142a sztuki u\u017cytkowej zdoby\u0142y mi\u0119dzynarodowe uznanie \u2013 ich kolekcje trafia\u0142y nawet do presti\u017cowych dom\u00f3w mody takich jak Chanel. Aby mie\u0107 pewno\u015b\u0107, \u017ce wybrany haft jest autentyczny, warto zwraca\u0107 uwag\u0119 na produkty oznaczone specjalnym hologramowym certyfikatem.<\/p>\n\n\n\n<p>R\u00f3wnie silnie z wysp\u0105 zwi\u0105zana jest tradycja wyrob\u00f3w wiklinowych, kt\u00f3rej centrum stanowi miejscowo\u015b\u0107 Camacha. To w\u0142a\u015bnie tutaj od XIX wieku rzemie\u015blnicy z pasj\u0105 przekszta\u0142caj\u0105 lokaln\u0105 wiklin\u0119 w kosze, meble, torebki i dekoracje, kt\u00f3re po starannej obr\u00f3bce zyskuj\u0105 szlachetny odcie\u0144 oraz imponuj\u0105c\u0105 trwa\u0142o\u015b\u0107. Zakup haft\u00f3w lub wikliny to pi\u0119kna pami\u0105tka z podr\u00f3\u017cy, a jednocze\u015bnie realne wsparcie dla lokalnych artyst\u00f3w, kt\u00f3rzy piel\u0119gnuj\u0105 unikalne tradycje wyspy.<\/p>\n\n\n\n<h3 class=\"wp-block-heading\">Co\u015b dla mi\u0142o\u015bnik\u00f3w nietypowych pami\u0105tek<\/h3>\n\n\n\n<figure class=\"wp-block-image size-full\"><img loading=\"lazy\" decoding=\"async\" width=\"1000\" height=\"753\" src=\"https:\/\/www.tui.pl\/blog\/wp-content\/uploads\/2025\/07\/shutterstock_2278826993.jpg\" alt=\"Najlepsze pami\u0105tki z Madery to tak\u017ce tradycyjne czapki z we\u0142ny.\" class=\"wp-image-10881\" title=\"\" srcset=\"https:\/\/www.tui.pl\/blog\/wp-content\/uploads\/2025\/07\/shutterstock_2278826993.jpg 1000w, https:\/\/www.tui.pl\/blog\/wp-content\/uploads\/2025\/07\/shutterstock_2278826993-600x452.jpg 600w, https:\/\/www.tui.pl\/blog\/wp-content\/uploads\/2025\/07\/shutterstock_2278826993-768x578.jpg 768w, https:\/\/www.tui.pl\/blog\/wp-content\/uploads\/2025\/07\/shutterstock_2278826993-585x441.jpg 585w\" sizes=\"auto, (max-width: 1000px) 100vw, 1000px\" \/><\/figure>\n\n\n\n<p>Poszukuj\u0105c czego\u015b wi\u0119cej ni\u017c najpopularniejsze pami\u0105tki, warto zwr\u00f3ci\u0107 uwag\u0119 na lokaln\u0105 ceramik\u0119. W Funchal znajduje si\u0119 wytw\u00f3rnia, w kt\u00f3rej naczynia wci\u0105\u017c tworzone s\u0105 tradycyjnymi metodami na kole garncarskim, a nast\u0119pnie r\u0119cznie zdobione motywami inspirowanymi lokaln\u0105 flor\u0105 i faun\u0105. Urocze dzbanki, kubki czy wazony to unikalne pami\u0105tki, kt\u00f3re b\u0119d\u0105 pi\u0119kn\u0105 ozdob\u0105 ka\u017cdego wn\u0119trza i wnios\u0105 do domu ciep\u0142o maderskiego s\u0142o\u0144ca. Warto r\u00f3wnie\u017c zwr\u00f3ci\u0107 uwag\u0119 na tradycyjny maderski kapelusz, czyli \u201eCarapu\u00e7a\u201d. To charakterystyczne sto\u017ckowate nakrycie g\u0142owy z we\u0142ny, kt\u00f3re jest wa\u017cnym elementem stroju ludowego i oryginaln\u0105 pami\u0105tk\u0105 o silnym kulturowym znaczeniu.<\/p>\n\n\n\n<p>Wyspa s\u0142ynie r\u00f3wnie\u017c z niezwyk\u0142ej ro\u015blinno\u015bci, dlatego doskona\u0142\u0105 pami\u0105tk\u0105 mog\u0105 by\u0107 nasiona lub sadzonki egzotycznych kwiat\u00f3w. Strelicja kr\u00f3lewska, znana jako rajski ptak, sta\u0142a si\u0119 jednym z najbardziej rozpoznawalnych symboli Madery, a jej nasiona s\u0105 \u0142atwo dost\u0119pne w wielu sklepach i na lokalnych targach. Du\u017c\u0105 popularno\u015bci\u0105 ciesz\u0105 si\u0119 tak\u017ce nasiona agapant\u00f3w, protei kr\u00f3lewskiej oraz r\u00f3\u017cnych odmian orchidei. Warto jednak pami\u0119ta\u0107, \u017ce transport nasion i ro\u015blin mo\u017ce podlega\u0107 pewnym ograniczeniom, dlatego przed zakupem nale\u017cy sprawdzi\u0107 obowi\u0105zuj\u0105ce przepisy. Nasiona i sadzonki przywiezione z Madery pozwalaj\u0105 przenie\u015b\u0107 do w\u0142asnego ogrodu fragment \u201ep\u0142ywaj\u0105cego ogrodu Atlantyku\u201d i cieszy\u0107 si\u0119 jego pi\u0119knem jeszcze d\u0142ugo po powrocie z podr\u00f3\u017cy.<\/p>\n\n\n\n<h3 class=\"wp-block-heading\">Festiwale i wydarzenia promuj\u0105ce lokalne r\u0119kodzie\u0142o<\/h3>\n\n\n\n<figure class=\"wp-block-image size-full\"><img loading=\"lazy\" decoding=\"async\" width=\"1000\" height=\"667\" src=\"https:\/\/www.tui.pl\/blog\/wp-content\/uploads\/2025\/07\/shutterstock_2553015353.jpg\" alt=\"Pami\u0105tki z Madery to tak\u017ce pi\u0119kne wyroby z korka.\" class=\"wp-image-10878\" title=\"\" srcset=\"https:\/\/www.tui.pl\/blog\/wp-content\/uploads\/2025\/07\/shutterstock_2553015353.jpg 1000w, https:\/\/www.tui.pl\/blog\/wp-content\/uploads\/2025\/07\/shutterstock_2553015353-600x400.jpg 600w, https:\/\/www.tui.pl\/blog\/wp-content\/uploads\/2025\/07\/shutterstock_2553015353-768x512.jpg 768w, https:\/\/www.tui.pl\/blog\/wp-content\/uploads\/2025\/07\/shutterstock_2553015353-585x390.jpg 585w, https:\/\/www.tui.pl\/blog\/wp-content\/uploads\/2025\/07\/shutterstock_2553015353-263x175.jpg 263w\" sizes=\"auto, (max-width: 1000px) 100vw, 1000px\" \/><\/figure>\n\n\n\n<p>W Funchal oraz innych miastach wyspy nie brakuje wydarze\u0144 promuj\u0105cych lokalnych tw\u00f3rc\u00f3w. Sobotni pchli targ Feira da Lagartixa przyci\u0105ga mi\u0142o\u015bnik\u00f3w oryginalnych pami\u0105tek i kolekcjoner\u00f3w niebanalnych przedmiot\u00f3w. Stragany uginaj\u0105 si\u0119 tu od haft\u00f3w, ceramiki, wyrob\u00f3w z korka, tekstyli\u00f3w oraz recyklingowanych gad\u017cet\u00f3w, a cz\u0119\u015b\u0107 dochod\u00f3w ze sprzeda\u017cy przeznaczana jest na wsparcie lokalnych inicjatyw spo\u0142ecznych. W miejscowo\u015bci Camacha odbywaj\u0105 si\u0119 natomiast liczne festiwale i warsztaty, podczas kt\u00f3rych odwiedzaj\u0105cy mog\u0105 pozna\u0107 sekrety wikliniarstwa i spr\u00f3bowa\u0107 swoich si\u0142 w wyplataniu koszy czy tworzeniu ozd\u00f3b. To wyj\u0105tkowa okazja, by z bliska przyjrze\u0107 si\u0119 procesowi powstawania wiklinowych wyrob\u00f3w i osobi\u015bcie wesprze\u0107 lokalnych artyst\u00f3w, kt\u00f3rzy z pasj\u0105 kontynuuj\u0105 tradycje swoich przodk\u00f3w.<\/p>\n\n\n\n<p>Szczeg\u00f3lnym wydarzeniem jest tak\u017ce coroczny Festiwal Kwiat\u00f3w, podczas kt\u00f3rego Madera zamienia si\u0119 w barwny ogr\u00f3d. Ulice wype\u0142niaj\u0105 si\u0119 paradami, wystawami ro\u015blin i stoiskami z r\u0119kodzie\u0142em, a tury\u015bci maj\u0105 okazj\u0119 podziwia\u0107 florystyczne kompozycje i kupi\u0107 oryginalne wyroby lokalnych artyst\u00f3w. Takie wydarzenia stanowi\u0105 doskona\u0142\u0105 okazj\u0119 do poznania wyspiarskiej kultury od podszewki, wsparcia rzemie\u015blnik\u00f3w i przywiezienia do domu pami\u0105tek, kt\u00f3re nios\u0105 w sobie autentyczn\u0105 histori\u0119 Madery.<\/p>\n\n\n\n<h2 class=\"wp-block-heading\">Lokalne kosmetyki \u2013 naturalne produkty, kt\u00f3re warto przywie\u017a\u0107 z Madery<\/h2>\n\n\n\n<p>Z Madery warto przywie\u017a\u0107 naturalne kosmetyki, kt\u00f3re idealnie wpisuj\u0105 si\u0119 w trend \u015bwiadomej piel\u0119gnacji. Wyspa s\u0142ynie z produkt\u00f3w na bazie aloesu, lawendy i rozmarynu \u2013 ro\u015blin, kt\u00f3re rosn\u0105 tu w wyj\u0105tkowo sprzyjaj\u0105cym klimacie. Kremy, balsamy i \u017cele aloesowe s\u0105 cenione za swoj\u0105 skuteczno\u015b\u0107 i naturalny sk\u0142ad, a ich stosowanie pozwala zadba\u0107 o sk\u00f3r\u0119 po s\u0142onecznych dniach sp\u0119dzonych na wyspie.<\/p>\n\n\n\n<p>Na lokalnych targach i w butikach mo\u017cna znale\u017a\u0107 szeroki wyb\u00f3r kosmetyk\u00f3w tworzonych przez rodzinne manufaktury, kt\u00f3re dbaj\u0105 o ekologiczne receptury i wykorzystuj\u0105 wy\u0142\u0105cznie naturalne sk\u0142adniki. Warto si\u0119gn\u0105\u0107 po produkty wzbogacone o lokalne zio\u0142a i kwiaty \u2013 ich wyj\u0105tkowy aromat przywo\u0142uje wspomnienia z Madery jeszcze d\u0142ugo po powrocie do domu.<\/p>\n\n\n\n<h2 class=\"wp-block-heading\">Skarby kulinarne Madery \u2013 lokalne przysmaki, kt\u00f3re zachwycaj\u0105 smakiem<\/h2>\n\n\n\n<figure class=\"wp-block-image size-full\"><img loading=\"lazy\" decoding=\"async\" width=\"1000\" height=\"667\" src=\"https:\/\/www.tui.pl\/blog\/wp-content\/uploads\/2025\/07\/shutterstock_2604488707.jpg\" alt=\"Pami\u0105tki z Madery mog\u0105 zachwyci\u0107 najwi\u0119kszych smakoszy.\" class=\"wp-image-10877\" title=\"\" srcset=\"https:\/\/www.tui.pl\/blog\/wp-content\/uploads\/2025\/07\/shutterstock_2604488707.jpg 1000w, https:\/\/www.tui.pl\/blog\/wp-content\/uploads\/2025\/07\/shutterstock_2604488707-600x400.jpg 600w, https:\/\/www.tui.pl\/blog\/wp-content\/uploads\/2025\/07\/shutterstock_2604488707-768x512.jpg 768w, https:\/\/www.tui.pl\/blog\/wp-content\/uploads\/2025\/07\/shutterstock_2604488707-585x390.jpg 585w, https:\/\/www.tui.pl\/blog\/wp-content\/uploads\/2025\/07\/shutterstock_2604488707-263x175.jpg 263w\" sizes=\"auto, (max-width: 1000px) 100vw, 1000px\" \/><\/figure>\n\n\n\n<p>Wyspa s\u0142ynie z niezwyk\u0142ego bogactwa kulinarnego, a s\u0142odkie przysmaki to doskona\u0142y spos\u00f3b na zachowanie wspomnie\u0144 z podr\u00f3\u017cy. Na Maderze tradycyjne receptury spotykaj\u0105 si\u0119 z egzotycznymi inspiracjami, czego najlepszym przyk\u0142adem s\u0105 s\u0142odko\u015bci tworzone na bazie trzciny cukrowej. Aromatyczny i g\u0119sty mi\u00f3d trzcinowy, znany jako mel de cana, jest podstaw\u0105 wielu ciast i ciasteczek. Najbardziej znanym wypiekiem jest bolo de mel \u2013 ciemny, wilgotny piernik o g\u0142\u0119bokim, korzennym aromacie, kt\u00f3rego historia si\u0119ga czas\u00f3w, gdy Madera by\u0142a \u015bwiatowym centrum produkcji cukru. Do jego przygotowania u\u017cywa si\u0119 melasy z trzciny cukrowej oraz bogatej mieszanki bakalii: orzech\u00f3w w\u0142oskich, migda\u0142\u00f3w, rodzynek i kandyzowanych sk\u00f3rek cytrusowych. Ca\u0142o\u015b\u0107 dope\u0142niaj\u0105 przyprawy korzenne \u2013 cynamon, go\u017adziki, any\u017c, ga\u0142ka muszkato\u0142owa i pieprz \u2013 oraz odrobina s\u0142odkiego wina madera i soku z pomara\u0144czy. Warto si\u0119gn\u0105\u0107 tak\u017ce po broas de mel, czyli kruche ciasteczka, w kt\u00f3rych smak melasy trzcinowej \u0142\u0105czy si\u0119 z cynamonem, ga\u0142k\u0105 muszkato\u0142ow\u0105 i orzechami.<\/p>\n\n\n\n<p>Madera zachwyca r\u00f3wnie\u017c r\u00f3\u017cnorodno\u015bci\u0105 owoc\u00f3w tropikalnych. Na s\u0142ynnym Mercado dos Lavradores w Funchal kr\u00f3luj\u0105 niezliczone odmiany marakui \u2013 od tych o smaku cytrus\u00f3w, przez truskawkowe, a\u017c po te przypominaj\u0105ce limonk\u0119 czy pomidora. Na stoiskach mo\u017cna znale\u017a\u0107 r\u00f3wnie\u017c kremow\u0105 anon\u0119, soczyste mango, bananoananas oraz papaj\u0119, a sprzedawcy ch\u0119tnie zapraszaj\u0105 do degustacji. Opr\u00f3cz \u015bwie\u017cych owoc\u00f3w ogromn\u0105 popularno\u015bci\u0105 ciesz\u0105 si\u0119 tak\u017ce suszone owoce, kt\u00f3re dzi\u0119ki swojej trwa\u0142o\u015bci doskonale sprawdzaj\u0105 si\u0119 jako przek\u0105ska w podr\u00f3\u017cy lub oryginalny prezent dla bliskich. Warto zwr\u00f3ci\u0107 uwag\u0119 na mieszanki wzbogacone lokalnymi orzechami i przyprawami, kt\u00f3re podkre\u015blaj\u0105 wyj\u0105tkowy smak maderskich produkt\u00f3w.<\/p>\n\n\n\n<h3 class=\"wp-block-heading\">Wino madera \u2013 symbol wyspy i prawdziwa gratka dla koneser\u00f3w<\/h3>\n\n\n\n<p>Wino madeira to nieod\u0142\u0105czny element dziedzictwa wyspy i jeden z najbardziej rozpoznawalnych trunk\u00f3w na \u015bwiecie. Jego wyj\u0105tkowo\u015b\u0107 tkwi w unikalnym procesie produkcji, podczas kt\u00f3rego wino jest podgrzewane i stopniowo utleniane, co nadaje mu charakterystyczny, z\u0142o\u017cony smak z nutami karmelu, orzech\u00f3w, suszonych owoc\u00f3w, a nawet przypraw. Wyst\u0119puje w r\u00f3\u017cnych odmianach \u2013 od wytrawnych po bardzo s\u0142odkie, co sprawia, \u017ce ka\u017cdy mi\u0142o\u015bnik wina znajdzie tu co\u015b dla siebie. Warto przywie\u017a\u0107 butelk\u0119 tego trunku, aby m\u00f3c wr\u00f3ci\u0107 do smak\u00f3w wyspy w domowym zaciszu.<\/p>\n\n\n\n<p>Aby w pe\u0142ni doceni\u0107 z\u0142o\u017cono\u015b\u0107 maderskiego wina, warto odwiedzi\u0107 lokalne winiarnie. S\u0105 to bowiem miejsca, w kt\u00f3rych mo\u017cna zakupi\u0107 oryginalne roczniki oraz wzi\u0105\u0107 udzia\u0142 w profesjonalnych degustacjach. Poznanie historii, procesu produkcji oraz r\u00f3\u017cnic mi\u0119dzy odmianami pozwala lepiej zrozumie\u0107 z\u0142o\u017cono\u015b\u0107 i wyj\u0105tkowo\u015b\u0107 tego alkoholu. Zakupy bezpo\u015brednio u producenta to gwarancja autentyczno\u015bci i mo\u017cliwo\u015b\u0107 odkrycia innych lokalnych alkoholi takich jak poncha lub inne likiery.<\/p>\n\n\n\n<h2 class=\"wp-block-heading\">Zakupy na Maderze \u2013 gdzie szuka\u0107 najlepszych pami\u0105tek?<\/h2>\n\n\n\n<figure class=\"wp-block-image size-full\"><img loading=\"lazy\" decoding=\"async\" width=\"1000\" height=\"667\" src=\"https:\/\/www.tui.pl\/blog\/wp-content\/uploads\/2025\/07\/shutterstock_2512977439.jpg\" alt=\"Pi\u0119kne pami\u0105tki z Madery mo\u017cna znale\u017a\u0107 w wiosce Santana.\" class=\"wp-image-10875\" title=\"\" srcset=\"https:\/\/www.tui.pl\/blog\/wp-content\/uploads\/2025\/07\/shutterstock_2512977439.jpg 1000w, https:\/\/www.tui.pl\/blog\/wp-content\/uploads\/2025\/07\/shutterstock_2512977439-600x400.jpg 600w, https:\/\/www.tui.pl\/blog\/wp-content\/uploads\/2025\/07\/shutterstock_2512977439-768x512.jpg 768w, https:\/\/www.tui.pl\/blog\/wp-content\/uploads\/2025\/07\/shutterstock_2512977439-585x390.jpg 585w, https:\/\/www.tui.pl\/blog\/wp-content\/uploads\/2025\/07\/shutterstock_2512977439-263x175.jpg 263w\" sizes=\"auto, (max-width: 1000px) 100vw, 1000px\" \/><\/figure>\n\n\n\n<p>Aby znale\u017a\u0107 naprawd\u0119 wyj\u0105tkowe pami\u0105tki z Madery, warto wybra\u0107 si\u0119 poza utarte szlaki turystyczne i odwiedzi\u0107 mniejsze, rodzinne sklepy oraz warsztaty rzemie\u015blnicze rozsiane po ca\u0142ej wyspie. W takich miejscach mo\u017cna liczy\u0107 na autentyczno\u015b\u0107 wyrob\u00f3w, osobisty kontakt z tw\u00f3rcami oraz opowie\u015bci o historii i tradycji danego produktu. Warto r\u00f3wnie\u017c zwr\u00f3ci\u0107 uwag\u0119 na niewielkie galerie i butiki z ceramik\u0105 oraz sklepy z lokalnymi winami i s\u0142odyczami, gdzie mo\u017cna znale\u017a\u0107 lokalne produkty niedost\u0119pne w du\u017cych marketach i centrach handlowych.<\/p>\n\n\n\n<p>W turystycznych miejscowo\u015bciach i na ulicach w centrum Funchal znajdziesz tak\u017ce liczne stragany i stoiska z tekstyliami, ceramik\u0105 oraz drobnymi upominkami. Szczeg\u00f3ln\u0105 popularno\u015bci\u0105 ciesz\u0105 si\u0119 poczt\u00f3wki z malowniczymi widokami wyspy i figurki przedstawiaj\u0105ce charakterystyczne tr\u00f3jk\u0105tne domki z Santany \u2013 to w\u0142a\u015bnie te kolorowe, strzech\u0105 kryte chatki sta\u0142y si\u0119 jednym z najbardziej rozpoznawalnych symboli Madery. Opr\u00f3cz tego na stoiskach znajdziesz szeroki wyb\u00f3r magnes\u00f3w, brelok\u00f3w, ceramiki z motywami wyspiarskiej flory i fauny, a nawet kopie drewnianych znak\u00f3w szlak\u00f3w turystycznych, kt\u00f3re stanowi\u0105 oryginaln\u0105 pami\u0105tk\u0119 dla mi\u0142o\u015bnik\u00f3w g\u00f3rskich w\u0119dr\u00f3wek.<\/p>\n\n\n\r\n<div class=\"shortcode-content\">\r\n            <div class=\"offer-header\">Polecane hotele na Maderze<\/div>\r\n    \r\n    <div class=\"js-offers-slider offers-slider\" aria-label=\"Offers slider\">\r\n                                    <div class=\"slide-item js-slide-item\">\r\n                    <div class=\"offer-item\">\r\n                        <img decoding=\"async\" class=\"offer-item__img\" loading=\"lazy\" width=\"250\" height=\"133\" src=\"https:\/\/r.cdn.redgalaxy.com\/scale\/o2\/TUI\/hotels\/FNC11083\/w2021\/15399943.jpg?dstw=1157&amp;dsth=621&amp;srcw=1157&amp;srch=621&amp;srcx=1\/2&amp;srcy=1\/2&amp;srcmode=3&amp;type=1&amp;quality=80\" alt=\"\" title=\"\">\r\n                        <div class='offer-item__content'>\r\n                            <div>\r\n                                <div class=\"offer-item__standard\">\r\n                                                                                                            \r\n                                                                            <svg xmlns=\"http:\/\/www.w3.org\/2000\/svg\" width=\"16\" height=\"16\" viewBox=\"0 0 120 120\"\r\n                                            class=\"Rating_icon__5eKO5\">\r\n                                            <path fill=\"#1b115c\"\r\n                                                d=\"M34.536 105.262c-3.142 2.278-7.361-.804-6.147-4.49l9.793-29.717-25.516-18.33c-3.16-2.27-1.548-7.257 2.343-7.249l31.518.069 9.668-29.78c1.197-3.687 6.413-3.687 7.61 0l9.668 29.78 31.518-.069c3.89-.008 5.502 4.98 2.343 7.249l-25.516 18.33 9.793 29.717c1.214 3.686-3.005 6.768-6.147 4.49L60 86.801z\">\r\n                                            <\/path>\r\n                                        <\/svg>\r\n                                                                            <svg xmlns=\"http:\/\/www.w3.org\/2000\/svg\" width=\"16\" height=\"16\" viewBox=\"0 0 120 120\"\r\n                                            class=\"Rating_icon__5eKO5\">\r\n                                            <path fill=\"#1b115c\"\r\n                                                d=\"M34.536 105.262c-3.142 2.278-7.361-.804-6.147-4.49l9.793-29.717-25.516-18.33c-3.16-2.27-1.548-7.257 2.343-7.249l31.518.069 9.668-29.78c1.197-3.687 6.413-3.687 7.61 0l9.668 29.78 31.518-.069c3.89-.008 5.502 4.98 2.343 7.249l-25.516 18.33 9.793 29.717c1.214 3.686-3.005 6.768-6.147 4.49L60 86.801z\">\r\n                                            <\/path>\r\n                                        <\/svg>\r\n                                                                            <svg xmlns=\"http:\/\/www.w3.org\/2000\/svg\" width=\"16\" height=\"16\" viewBox=\"0 0 120 120\"\r\n                                            class=\"Rating_icon__5eKO5\">\r\n                                            <path fill=\"#1b115c\"\r\n                                                d=\"M34.536 105.262c-3.142 2.278-7.361-.804-6.147-4.49l9.793-29.717-25.516-18.33c-3.16-2.27-1.548-7.257 2.343-7.249l31.518.069 9.668-29.78c1.197-3.687 6.413-3.687 7.61 0l9.668 29.78 31.518-.069c3.89-.008 5.502 4.98 2.343 7.249l-25.516 18.33 9.793 29.717c1.214 3.686-3.005 6.768-6.147 4.49L60 86.801z\">\r\n                                            <\/path>\r\n                                        <\/svg>\r\n                                                                            <svg xmlns=\"http:\/\/www.w3.org\/2000\/svg\" width=\"16\" height=\"16\" viewBox=\"0 0 120 120\"\r\n                                            class=\"Rating_icon__5eKO5\">\r\n                                            <path fill=\"#1b115c\"\r\n                                                d=\"M34.536 105.262c-3.142 2.278-7.361-.804-6.147-4.49l9.793-29.717-25.516-18.33c-3.16-2.27-1.548-7.257 2.343-7.249l31.518.069 9.668-29.78c1.197-3.687 6.413-3.687 7.61 0l9.668 29.78 31.518-.069c3.89-.008 5.502 4.98 2.343 7.249l-25.516 18.33 9.793 29.717c1.214 3.686-3.005 6.768-6.147 4.49L60 86.801z\">\r\n                                            <\/path>\r\n                                        <\/svg>\r\n                                                                                                        <\/div>\r\n                                <div class=\"offer-item__title\">\r\n                                    Alto Lido                                <\/div>\r\n                                <div class=\"offer-item__direction\">Portugalia \/ Madera \/ Funchal<\/div>\r\n                            <\/div>\r\n                            <div>\r\n                                <a href=\"https:\/\/tui.pl\/wypoczynek\/portugalia\/madera\/alto-lido-fnc11083?pm_source=blog&amp;pm_name=polecane-hotele-FNC\" target=\"_blank\" class=\"offer-item__link\" rel=\"noopener\">\r\n                                    2 768                                    z\u0142\/os.\r\n                                <\/a>\r\n                            <\/div>\r\n                        <\/div>\r\n                    <\/div>\r\n                <\/div>\r\n                                                <div class=\"slide-item js-slide-item\">\r\n                    <div class=\"offer-item\">\r\n                        <img decoding=\"async\" class=\"offer-item__img\" loading=\"lazy\" width=\"250\" height=\"133\" src=\"https:\/\/r.cdn.redgalaxy.com\/scale\/o2\/TUI\/hotels\/FNC20020\/S23\/21356515.jpg?dstw=1157&amp;dsth=621&amp;srcw=1157&amp;srch=621&amp;srcx=1\/2&amp;srcy=1\/2&amp;srcmode=3&amp;type=1&amp;quality=80\" alt=\"\" title=\"\">\r\n                        <div class='offer-item__content'>\r\n                            <div>\r\n                                <div class=\"offer-item__standard\">\r\n                                                                                                            \r\n                                                                            <svg xmlns=\"http:\/\/www.w3.org\/2000\/svg\" width=\"16\" height=\"16\" viewBox=\"0 0 120 120\"\r\n                                            class=\"Rating_icon__5eKO5\">\r\n                                            <path fill=\"#1b115c\"\r\n                                                d=\"M34.536 105.262c-3.142 2.278-7.361-.804-6.147-4.49l9.793-29.717-25.516-18.33c-3.16-2.27-1.548-7.257 2.343-7.249l31.518.069 9.668-29.78c1.197-3.687 6.413-3.687 7.61 0l9.668 29.78 31.518-.069c3.89-.008 5.502 4.98 2.343 7.249l-25.516 18.33 9.793 29.717c1.214 3.686-3.005 6.768-6.147 4.49L60 86.801z\">\r\n                                            <\/path>\r\n                                        <\/svg>\r\n                                                                            <svg xmlns=\"http:\/\/www.w3.org\/2000\/svg\" width=\"16\" height=\"16\" viewBox=\"0 0 120 120\"\r\n                                            class=\"Rating_icon__5eKO5\">\r\n                                            <path fill=\"#1b115c\"\r\n                                                d=\"M34.536 105.262c-3.142 2.278-7.361-.804-6.147-4.49l9.793-29.717-25.516-18.33c-3.16-2.27-1.548-7.257 2.343-7.249l31.518.069 9.668-29.78c1.197-3.687 6.413-3.687 7.61 0l9.668 29.78 31.518-.069c3.89-.008 5.502 4.98 2.343 7.249l-25.516 18.33 9.793 29.717c1.214 3.686-3.005 6.768-6.147 4.49L60 86.801z\">\r\n                                            <\/path>\r\n                                        <\/svg>\r\n                                                                            <svg xmlns=\"http:\/\/www.w3.org\/2000\/svg\" width=\"16\" height=\"16\" viewBox=\"0 0 120 120\"\r\n                                            class=\"Rating_icon__5eKO5\">\r\n                                            <path fill=\"#1b115c\"\r\n                                                d=\"M34.536 105.262c-3.142 2.278-7.361-.804-6.147-4.49l9.793-29.717-25.516-18.33c-3.16-2.27-1.548-7.257 2.343-7.249l31.518.069 9.668-29.78c1.197-3.687 6.413-3.687 7.61 0l9.668 29.78 31.518-.069c3.89-.008 5.502 4.98 2.343 7.249l-25.516 18.33 9.793 29.717c1.214 3.686-3.005 6.768-6.147 4.49L60 86.801z\">\r\n                                            <\/path>\r\n                                        <\/svg>\r\n                                                                            <svg xmlns=\"http:\/\/www.w3.org\/2000\/svg\" width=\"16\" height=\"16\" viewBox=\"0 0 120 120\"\r\n                                            class=\"Rating_icon__5eKO5\">\r\n                                            <path fill=\"#1b115c\"\r\n                                                d=\"M34.536 105.262c-3.142 2.278-7.361-.804-6.147-4.49l9.793-29.717-25.516-18.33c-3.16-2.27-1.548-7.257 2.343-7.249l31.518.069 9.668-29.78c1.197-3.687 6.413-3.687 7.61 0l9.668 29.78 31.518-.069c3.89-.008 5.502 4.98 2.343 7.249l-25.516 18.33 9.793 29.717c1.214 3.686-3.005 6.768-6.147 4.49L60 86.801z\">\r\n                                            <\/path>\r\n                                        <\/svg>\r\n                                                                                                        <\/div>\r\n                                <div class=\"offer-item__title\">\r\n                                    Riu Madeira                                <\/div>\r\n                                <div class=\"offer-item__direction\">Portugalia \/ Madera \/ Canico de Baixo<\/div>\r\n                            <\/div>\r\n                            <div>\r\n                                <a href=\"https:\/\/tui.pl\/wypoczynek\/portugalia\/madera\/riu-madeira-fnc20020?pm_source=blog&amp;pm_name=polecane-hotele-FNC\" target=\"_blank\" class=\"offer-item__link\" rel=\"noopener\">\r\n                                    4 319                                    z\u0142\/os.\r\n                                <\/a>\r\n                            <\/div>\r\n                        <\/div>\r\n                    <\/div>\r\n                <\/div>\r\n                                                <div class=\"slide-item js-slide-item\">\r\n                    <div class=\"offer-item\">\r\n                        <img decoding=\"async\" class=\"offer-item__img\" loading=\"lazy\" width=\"250\" height=\"133\" src=\"https:\/\/r.cdn.redgalaxy.com\/scale\/o2\/TUI\/hotels\/FNC11209\/S26\/35406802.jpg?dstw=1157&amp;dsth=621&amp;srcw=1157&amp;srch=621&amp;srcx=1\/2&amp;srcy=1\/2&amp;srcmode=3&amp;type=1&amp;quality=80\" alt=\"\" title=\"\">\r\n                        <div class='offer-item__content'>\r\n                            <div>\r\n                                <div class=\"offer-item__standard\">\r\n                                                                                                            \r\n                                                                            <svg xmlns=\"http:\/\/www.w3.org\/2000\/svg\" width=\"16\" height=\"16\" viewBox=\"0 0 120 120\"\r\n                                            class=\"Rating_icon__5eKO5\">\r\n                                            <path fill=\"#1b115c\"\r\n                                                d=\"M34.536 105.262c-3.142 2.278-7.361-.804-6.147-4.49l9.793-29.717-25.516-18.33c-3.16-2.27-1.548-7.257 2.343-7.249l31.518.069 9.668-29.78c1.197-3.687 6.413-3.687 7.61 0l9.668 29.78 31.518-.069c3.89-.008 5.502 4.98 2.343 7.249l-25.516 18.33 9.793 29.717c1.214 3.686-3.005 6.768-6.147 4.49L60 86.801z\">\r\n                                            <\/path>\r\n                                        <\/svg>\r\n                                                                            <svg xmlns=\"http:\/\/www.w3.org\/2000\/svg\" width=\"16\" height=\"16\" viewBox=\"0 0 120 120\"\r\n                                            class=\"Rating_icon__5eKO5\">\r\n                                            <path fill=\"#1b115c\"\r\n                                                d=\"M34.536 105.262c-3.142 2.278-7.361-.804-6.147-4.49l9.793-29.717-25.516-18.33c-3.16-2.27-1.548-7.257 2.343-7.249l31.518.069 9.668-29.78c1.197-3.687 6.413-3.687 7.61 0l9.668 29.78 31.518-.069c3.89-.008 5.502 4.98 2.343 7.249l-25.516 18.33 9.793 29.717c1.214 3.686-3.005 6.768-6.147 4.49L60 86.801z\">\r\n                                            <\/path>\r\n                                        <\/svg>\r\n                                                                            <svg xmlns=\"http:\/\/www.w3.org\/2000\/svg\" width=\"16\" height=\"16\" viewBox=\"0 0 120 120\"\r\n                                            class=\"Rating_icon__5eKO5\">\r\n                                            <path fill=\"#1b115c\"\r\n                                                d=\"M34.536 105.262c-3.142 2.278-7.361-.804-6.147-4.49l9.793-29.717-25.516-18.33c-3.16-2.27-1.548-7.257 2.343-7.249l31.518.069 9.668-29.78c1.197-3.687 6.413-3.687 7.61 0l9.668 29.78 31.518-.069c3.89-.008 5.502 4.98 2.343 7.249l-25.516 18.33 9.793 29.717c1.214 3.686-3.005 6.768-6.147 4.49L60 86.801z\">\r\n                                            <\/path>\r\n                                        <\/svg>\r\n                                                                            <svg xmlns=\"http:\/\/www.w3.org\/2000\/svg\" width=\"16\" height=\"16\" viewBox=\"0 0 120 120\"\r\n                                            class=\"Rating_icon__5eKO5\">\r\n                                            <path fill=\"#1b115c\"\r\n                                                d=\"M34.536 105.262c-3.142 2.278-7.361-.804-6.147-4.49l9.793-29.717-25.516-18.33c-3.16-2.27-1.548-7.257 2.343-7.249l31.518.069 9.668-29.78c1.197-3.687 6.413-3.687 7.61 0l9.668 29.78 31.518-.069c3.89-.008 5.502 4.98 2.343 7.249l-25.516 18.33 9.793 29.717c1.214 3.686-3.005 6.768-6.147 4.49L60 86.801z\">\r\n                                            <\/path>\r\n                                        <\/svg>\r\n                                                                            <svg xmlns=\"http:\/\/www.w3.org\/2000\/svg\" width=\"16\" height=\"16\" viewBox=\"0 0 120 120\"\r\n                                            class=\"Rating_icon__5eKO5\">\r\n                                            <path fill=\"#1b115c\"\r\n                                                d=\"M34.536 105.262c-3.142 2.278-7.361-.804-6.147-4.49l9.793-29.717-25.516-18.33c-3.16-2.27-1.548-7.257 2.343-7.249l31.518.069 9.668-29.78c1.197-3.687 6.413-3.687 7.61 0l9.668 29.78 31.518-.069c3.89-.008 5.502 4.98 2.343 7.249l-25.516 18.33 9.793 29.717c1.214 3.686-3.005 6.768-6.147 4.49L60 86.801z\">\r\n                                            <\/path>\r\n                                        <\/svg>\r\n                                                                                                        <\/div>\r\n                                <div class=\"offer-item__title\">\r\n                                    Enotel Lido                                 <\/div>\r\n                                <div class=\"offer-item__direction\">Portugalia \/ Madera \/ Funchal<\/div>\r\n                            <\/div>\r\n                            <div>\r\n                                <a href=\"https:\/\/tui.pl\/wypoczynek\/portugalia\/madera\/enotel-lido-fnc11209?pm_source=blog&amp;pm_name=polecane-hotele-FNC\" target=\"_blank\" class=\"offer-item__link\" rel=\"noopener\">\r\n                                    5 415                                    z\u0142\/os.\r\n                                <\/a>\r\n                            <\/div>\r\n                        <\/div>\r\n                    <\/div>\r\n                <\/div>\r\n                        <\/div>\r\n<\/div>\n\n\n\n<p><\/p>\n","protected":false},"excerpt":{"rendered":"<p>Wystarczy jeden spacer po targu Mercado dos Lavradores w Funchal, aby zrozumie\u0107, \u017ce z Madery nie da si\u0119 wyjecha\u0107 z pustymi r\u0119kami. Kolorowe stragany uginaj\u0105 si\u0119 pod ci\u0119\u017carem egzotycznych owoc\u00f3w,&hellip;<\/p>\n","protected":false},"author":52,"featured_media":10876,"comment_status":"closed","ping_status":"closed","sticky":false,"template":"","format":"standard","meta":{"_lmt_disableupdate":"","_lmt_disable":"","footnotes":""},"categories":[21],"tags":[735,745,766],"class_list":["post-10874","post","type-post","status-publish","format-standard","has-post-thumbnail","hentry","category-madera","tag-ciekawostki","tag-gdzie-na-wakacje","tag-wakacje-z-tui"],"home_img_url":"https:\/\/www.tui.pl\/blog\/wp-content\/uploads\/2025\/07\/shutterstock_2580050491-585x390.jpg","home_img_alt":"","_links":{"self":[{"href":"https:\/\/www.tui.pl\/blog\/wp-json\/wp\/v2\/posts\/10874","targetHints":{"allow":["GET"]}}],"collection":[{"href":"https:\/\/www.tui.pl\/blog\/wp-json\/wp\/v2\/posts"}],"about":[{"href":"https:\/\/www.tui.pl\/blog\/wp-json\/wp\/v2\/types\/post"}],"author":[{"embeddable":true,"href":"https:\/\/www.tui.pl\/blog\/wp-json\/wp\/v2\/users\/52"}],"replies":[{"embeddable":true,"href":"https:\/\/www.tui.pl\/blog\/wp-json\/wp\/v2\/comments?post=10874"}],"version-history":[{"count":1,"href":"https:\/\/www.tui.pl\/blog\/wp-json\/wp\/v2\/posts\/10874\/revisions"}],"predecessor-version":[{"id":10885,"href":"https:\/\/www.tui.pl\/blog\/wp-json\/wp\/v2\/posts\/10874\/revisions\/10885"}],"wp:featuredmedia":[{"embeddable":true,"href":"https:\/\/www.tui.pl\/blog\/wp-json\/wp\/v2\/media\/10876"}],"wp:attachment":[{"href":"https:\/\/www.tui.pl\/blog\/wp-json\/wp\/v2\/media?parent=10874"}],"wp:term":[{"taxonomy":"category","embeddable":true,"href":"https:\/\/www.tui.pl\/blog\/wp-json\/wp\/v2\/categories?post=10874"},{"taxonomy":"post_tag","embeddable":true,"href":"https:\/\/www.tui.pl\/blog\/wp-json\/wp\/v2\/tags?post=10874"}],"curies":[{"name":"wp","href":"https:\/\/api.w.org\/{rel}","templated":true}]}}