{"id":10860,"date":"2025-07-03T13:23:32","date_gmt":"2025-07-03T11:23:32","guid":{"rendered":"https:\/\/www.tui.pl\/blog\/?p=10860"},"modified":"2025-07-03T14:06:03","modified_gmt":"2025-07-03T12:06:03","slug":"pamiatki-z-majorki-co-kupic-aby-zatrzymac-wspomnienia-z-wyspy-slonca","status":"publish","type":"post","link":"https:\/\/www.tui.pl\/blog\/pamiatki-z-majorki-co-kupic-aby-zatrzymac-wspomnienia-z-wyspy-slonca\/","title":{"rendered":"Pami\u0105tki z Majorki \u2013 co kupi\u0107, aby zatrzyma\u0107 wspomnienia z wyspy s\u0142o\u0144ca?"},"content":{"rendered":"\n<p>Majorka to wyspa, kt\u00f3ra smakuje s\u0142o\u0144cem i pachnie morzem \u2013 a wspomnienia z niej mo\u017cna zamkn\u0105\u0107 nie tylko w sercu, ale i\u2026 w walizce. Co wybra\u0107, aby po powrocie do domu zn\u00f3w poczu\u0107 klimat Balear\u00f3w? R\u0119cznie malowana ceramika z Valldemossy, s\u0142odka ensaimada, aromatyczna s\u00f3l z Es Trenc, per\u0142y z Manacor i wiklinowe kosze \u2013 ka\u017cda z tych pami\u0105tek opowiada w\u0142asn\u0105 histori\u0119 wyspy i pozwala zabra\u0107 ze sob\u0105 kawa\u0142ek jej magii. Sprawd\u017a, co warto kupi\u0107 na Majorce, aby na d\u0142ugo zatrzyma\u0107 s\u0142o\u0144ce, smaki i kolory tej niezwyk\u0142ej wyspy!<\/p>\n\n\n\n<h2 class=\"wp-block-heading\">Unikalne pami\u0105tki z Majorki, kt\u00f3re warto zabra\u0107 do walizki<\/h2>\n\n\n\n<p>Majorka zachwyca krajobrazami sk\u0105panymi w s\u0142o\u0144cu, lazurowymi wodami Morza \u015ar\u00f3dziemnego oraz bogactwem smak\u00f3w, zapach\u00f3w i tradycji rzemie\u015blniczych. Wyb\u00f3r najlepszej pami\u0105tki to sztuka wykraczaj\u0105ca poza proste zakupy. To \u015bwiadoma decyzja o znalezieniu przedmiotu, kt\u00f3ry b\u0119dzie opowiada\u0107 histori\u0119 i przywo\u0142ywa\u0107 atmosfer\u0119 wyspy d\u0142ugo po zako\u0144czeniu podr\u00f3\u017cy. Zamiast si\u0119ga\u0107 po masowe produkty, warto zanurzy\u0107 si\u0119 w \u015bwiat lokalnego rzemios\u0142a i kulinarnych tradycji, gdzie kryj\u0105 si\u0119 wyj\u0105tkowe przedmioty, kt\u00f3re zachwyc\u0105 ka\u017cdego mi\u0142o\u015bnika podr\u00f3\u017cy. Podobnie jak na s\u0105siednich wyspach Hiszpanii, na przyk\u0142ad <a target=\"_blank\" rel=\"noreferrer noopener\" href=\"https:\/\/www.tui.pl\/wypoczynek\/hiszpania\/minorka\">Minorce<\/a> i <a target=\"_blank\" rel=\"noreferrer noopener\" href=\"https:\/\/www.tui.pl\/wypoczynek\/hiszpania\/ibiza\">Ibizie<\/a>, na Majorce mo\u017cna znale\u017a\u0107 autentyczne wyroby, kt\u00f3re doskonale oddaj\u0105 ducha regionu.<\/p>\n\n\n\n<p>A wyb\u00f3r pami\u0105tek z Majorki jest naprawd\u0119 szeroki. Oto najciekawsze propozycje, kt\u00f3re warto przywie\u017a\u0107 z tej pi\u0119knej wyspy:<\/p>\n\n\n\n<ul class=\"wp-block-list\">\n<li>R\u0119cznie malowane talerze \u2013 ceramika z Pollen\u00e7a i Valldemossy, ozdobiona tradycyjnymi wzorami.<\/li>\n\n\n\n<li>Bi\u017cuteria z czerwonego koralowca \u2013 wyj\u0105tkowe naszyjniki, bransolety i pier\u015bcionki, produkowane w sklepach jubilerskich Palma de Mallorca i Port de S\u00f3ller.<\/li>\n\n\n\n<li>Oliwa z oliwek Aceite de Mallorca \u2013 w wersji extra virgin, produkowana z lokalnych odmian oliwek.<\/li>\n\n\n\n<li>Sobrassada \u2013 tradycyjna kie\u0142basa.<\/li>\n\n\n\n<li>Likiery lokalne \u2013 Hierbas Mallorquinas i Angel d&#8217;Or, produkowane z zi\u00f3\u0142 i owoc\u00f3w z wyspy.<\/li>\n\n\n\n<li>S\u00f3l morska z Salinas d\u2019Es Trenc \u2013 produkowana tradycyjnymi metodami, doskona\u0142y wyb\u00f3r do kuchni i na prezent.<\/li>\n\n\n\n<li>Kosze z trzciny \u2013 wyroby rzemie\u015blnicze, produkowane przez miejscowych rzemie\u015blnik\u00f3w.<\/li>\n\n\n\n<li>Pieczone ciasto ensaimada \u2013 tradycyjne majorka\u0144skie ciasto dro\u017cd\u017cowe.<\/li>\n<\/ul>\n\n\n\n<h2 class=\"wp-block-heading\">Ceramika, bi\u017cuteria i tkaniny \u2013 wyroby rzemie\u015blnicze z Majorki<\/h2>\n\n\n\n<figure class=\"wp-block-image size-full\"><img loading=\"lazy\" decoding=\"async\" width=\"1000\" height=\"696\" src=\"https:\/\/www.tui.pl\/blog\/wp-content\/uploads\/2025\/07\/shutterstock_2275496367.jpg\" alt=\"Pami\u0105tki z Majorki obejmuj\u0105 ceramiczne figurki siurell\" class=\"wp-image-10867\" title=\"\" srcset=\"https:\/\/www.tui.pl\/blog\/wp-content\/uploads\/2025\/07\/shutterstock_2275496367.jpg 1000w, https:\/\/www.tui.pl\/blog\/wp-content\/uploads\/2025\/07\/shutterstock_2275496367-600x418.jpg 600w, https:\/\/www.tui.pl\/blog\/wp-content\/uploads\/2025\/07\/shutterstock_2275496367-768x535.jpg 768w, https:\/\/www.tui.pl\/blog\/wp-content\/uploads\/2025\/07\/shutterstock_2275496367-585x407.jpg 585w\" sizes=\"auto, (max-width: 1000px) 100vw, 1000px\" \/><\/figure>\n\n\n\n<p>Ceramika z <a href=\"https:\/\/www.tui.pl\/wypoczynek\/hiszpania\/majorka\" target=\"_blank\" rel=\"noreferrer noopener\">Majorki<\/a> przyci\u0105ga uwag\u0119 intensywnymi barwami i tradycyjnymi motywami ro\u015blinnymi, kt\u00f3re odzwierciedlaj\u0105 bogactwo wyspiarskiej przyrody. R\u0119cznie malowane talerze, misy i kafelki powstaj\u0105 g\u0142\u00f3wnie w Pollen\u00e7a. W miasteczku mo\u017cna odwiedzi\u0107 lokalne warsztaty i zobaczy\u0107 proces tworzenia tych wyj\u0105tkowych przedmiot\u00f3w. W\u015br\u00f3d najbardziej charakterystycznych ceramicznych pami\u0105tek z Majorki znajduj\u0105 si\u0119 gwizdki siurell, czyli niewielkie figurki z gliny pokryte barwnymi paskami w odcieniach zieleni i czerwieni. Figurki od wiek\u00f3w s\u0105 symbolem majorka\u0144skiej tradycji, uwa\u017cane za talizmany przynosz\u0105ce szcz\u0119\u015bcie i chroni\u0105ce dom przed z\u0142em. Ka\u017cdy element majorka\u0144skiej ceramiki to ma\u0142e dzie\u0142o sztuki, kt\u00f3re niesie w sobie cz\u0119\u015b\u0107 lokalnej historii i kultury. Warto wybra\u0107 kilka mniejszych element\u00f3w \u2013 bez trudu zmieszcz\u0105 si\u0119 w walizce i b\u0119d\u0105 trwa\u0142ym przypomnieniem o wakacjach na hiszpa\u0144skiej wyspie.<\/p>\n\n\n\n<h3 class=\"wp-block-heading\">Tkaniny znane na ca\u0142ym \u015bwiecie<\/h3>\n\n\n\n<figure class=\"wp-block-image size-full\"><img loading=\"lazy\" decoding=\"async\" width=\"1000\" height=\"665\" src=\"https:\/\/www.tui.pl\/blog\/wp-content\/uploads\/2025\/07\/shutterstock_2008419269-1.jpg\" alt=\"Pami\u0105tki z Majorki - tkaniny Tela de Llengues\" class=\"wp-image-10865\" title=\"\" srcset=\"https:\/\/www.tui.pl\/blog\/wp-content\/uploads\/2025\/07\/shutterstock_2008419269-1.jpg 1000w, https:\/\/www.tui.pl\/blog\/wp-content\/uploads\/2025\/07\/shutterstock_2008419269-1-600x399.jpg 600w, https:\/\/www.tui.pl\/blog\/wp-content\/uploads\/2025\/07\/shutterstock_2008419269-1-768x511.jpg 768w, https:\/\/www.tui.pl\/blog\/wp-content\/uploads\/2025\/07\/shutterstock_2008419269-1-585x389.jpg 585w, https:\/\/www.tui.pl\/blog\/wp-content\/uploads\/2025\/07\/shutterstock_2008419269-1-263x175.jpg 263w\" sizes=\"auto, (max-width: 1000px) 100vw, 1000px\" \/><\/figure>\n\n\n\n<p>R\u00f3wnie wa\u017cnym elementem majorka\u0144skiej kultury s\u0105 tkaniny \u201eTela de Llengues\u201d, kt\u00f3re nazywane s\u0105 \u201etkaninami j\u0119zyk\u00f3w\u201d ze wzgl\u0119du na charakterystyczne, rozmyte wzory przypominaj\u0105ce p\u0142omienie lub j\u0119zyki ognia. Te wytrzyma\u0142e, bawe\u0142niane lub lniane materia\u0142y powstaj\u0105 w warsztatach w Santa Maria i Pollen\u00e7a, a ich produkcja opiera si\u0119 na tradycyjnej technice barwienia nici jeszcze przed utkaniem. \u201eTela de Llengues\u201d wykorzystuje si\u0119 do tworzenia poszewek na poduszki, obrus\u00f3w, toreb, a nawet but\u00f3w. Ka\u017cdy metr tej tkaniny to oryginalna pami\u0105tka, kt\u00f3ra pozwala zachowa\u0107 wspomnienia z Majorki w codziennym \u017cyciu.<\/p>\n\n\n\n<h3 class=\"wp-block-heading\">Pami\u0105tki z koralowca<\/h3>\n\n\n\n<p>Bi\u017cuteria z czerwonego koralowca to natomiast propozycja dla tych, kt\u00f3rzy szukaj\u0105 pami\u0105tek o g\u0142\u0119bokiej symbolice. W sklepach jubilerskich w Palma de Mallorca czy Port de S\u00f3ller mo\u017cna znale\u017a\u0107 pier\u015bcionki, naszyjniki i bransolety wykonane przez lokalnych rzemie\u015blnik\u00f3w. Koralowiec od wiek\u00f3w uznawany jest za talizman przynosz\u0105cy szcz\u0119\u015bcie, dlatego wykonana z niego bi\u017cuteria doskonale sprawdza si\u0119 jako prezent dla bliskich.<\/p>\n\n\n\n<h2 class=\"wp-block-heading\">Tradycyjne przysmaki i lokalne specja\u0142y \u2013 jakie pami\u0105tki przywie\u017a\u0107 z Majorki?<\/h2>\n\n\n\n<figure class=\"wp-block-image size-full\"><img loading=\"lazy\" decoding=\"async\" width=\"1000\" height=\"667\" src=\"https:\/\/www.tui.pl\/blog\/wp-content\/uploads\/2025\/07\/shutterstock_2068542917.jpg\" alt=\"Pami\u0105tki z Majorki mog\u0105 by\u0107 tak\u017ce produktami spo\u017cywczymi\" class=\"wp-image-10868\" title=\"\" srcset=\"https:\/\/www.tui.pl\/blog\/wp-content\/uploads\/2025\/07\/shutterstock_2068542917.jpg 1000w, https:\/\/www.tui.pl\/blog\/wp-content\/uploads\/2025\/07\/shutterstock_2068542917-600x400.jpg 600w, https:\/\/www.tui.pl\/blog\/wp-content\/uploads\/2025\/07\/shutterstock_2068542917-768x512.jpg 768w, https:\/\/www.tui.pl\/blog\/wp-content\/uploads\/2025\/07\/shutterstock_2068542917-585x390.jpg 585w, https:\/\/www.tui.pl\/blog\/wp-content\/uploads\/2025\/07\/shutterstock_2068542917-263x175.jpg 263w\" sizes=\"auto, (max-width: 1000px) 100vw, 1000px\" \/><\/figure>\n\n\n\n<p>Kulinarna to\u017csamo\u015b\u0107 Majorki jest r\u00f3wnie bogata i fascynuj\u0105ca jak jej krajobrazy. Odwiedzaj\u0105cych witaj\u0105 zapachy \u015bwie\u017cych owoc\u00f3w morza, aromatycznych zi\u00f3\u0142 i dojrza\u0142ych oliwek, kt\u00f3re s\u0105 podstaw\u0105 wielu regionalnych da\u0144. Lokalne targowiska i ma\u0142e sklepy spo\u017cywcze to idealne miejsca, aby zaopatrzy\u0107 si\u0119 w autentyczne produkty, kt\u00f3re stanowi\u0105 dusz\u0119 majorka\u0144skiej kuchni. Przywiezienie ich do domu to doskona\u0142y spos\u00f3b na przed\u0142u\u017cenie wakacyjnych wspomnie\u0144 i zaserwowanie bliskim prawdziwego smaku <a target=\"_blank\" rel=\"noreferrer noopener\" href=\"https:\/\/www.tui.pl\/wypoczynek\/hiszpania\">Hiszpanii<\/a>.<\/p>\n\n\n\n<h3 class=\"wp-block-heading\">Sobrassada, oliwa z oliwek i lokalne sery \u2013 kulinarne skarby Majorki<\/h3>\n\n\n\n<p>Tradycyjna kie\u0142basa sobrassada to produkt, kt\u00f3ry zachwyca smakiem i jest obowi\u0105zkowym punktem na li\u015bcie zakup\u00f3w ka\u017cdego turysty. To tradycyjna kie\u0142basa o mi\u0119kkiej konsystencji i wyrazistym, lekko pikantnym smaku. Doskonale smakuje rozsmarowana na wiejskim chlebie, cz\u0119sto w towarzystwie miodu, kt\u00f3ry r\u00f3wnowa\u017cy jej s\u0142on\u0105 nut\u0119. Jest r\u00f3wnie\u017c baz\u0105 do sos\u00f3w i dodatkiem do da\u0144 jednogarnkowych. Obok tego mi\u0119snego specja\u0142u na uwag\u0119 z pewno\u015bci\u0105 zas\u0142uguj\u0105 majorka\u0144skie sery, na czele kt\u00f3rych stoi Formatge Mallorqu\u00ed. Ten tradycyjny produkt powstaje z mleka kr\u00f3w, k\u00f3z lub owiec wypasanych na wyspie, a jego smak i konsystencja r\u00f3\u017cni\u0105 si\u0119 w zale\u017cno\u015bci od regionu i sposobu dojrzewania.<\/p>\n\n\n\n<figure class=\"wp-block-image size-full\"><img loading=\"lazy\" decoding=\"async\" width=\"1000\" height=\"667\" src=\"https:\/\/www.tui.pl\/blog\/wp-content\/uploads\/2025\/07\/shutterstock_248863735.jpg\" alt=\"Pami\u0105tki z Majorki - sery  i oliwa z oliwek\" class=\"wp-image-10869\" title=\"\" srcset=\"https:\/\/www.tui.pl\/blog\/wp-content\/uploads\/2025\/07\/shutterstock_248863735.jpg 1000w, https:\/\/www.tui.pl\/blog\/wp-content\/uploads\/2025\/07\/shutterstock_248863735-600x400.jpg 600w, https:\/\/www.tui.pl\/blog\/wp-content\/uploads\/2025\/07\/shutterstock_248863735-768x512.jpg 768w, https:\/\/www.tui.pl\/blog\/wp-content\/uploads\/2025\/07\/shutterstock_248863735-585x390.jpg 585w, https:\/\/www.tui.pl\/blog\/wp-content\/uploads\/2025\/07\/shutterstock_248863735-263x175.jpg 263w\" sizes=\"auto, (max-width: 1000px) 100vw, 1000px\" \/><\/figure>\n\n\n\n<p>\u017badna kulinarna podr\u00f3\u017c po Majorce nie by\u0142aby kompletna bez degustacji jej p\u0142ynnego z\u0142ota \u2013 oliwy z oliwek Aceite de Mallorca D.O.P. T\u0142oczona z lokalnych odmian oliwek takich jak Mallorquina, Arbequina i Picual, charakteryzuje si\u0119 delikatnym, lekko owocowym bukietem z wyczuwalnymi nutami migda\u0142\u00f3w i zielonych jab\u0142ek. Jej wyj\u0105tkowy smak najlepiej doceni\u0107 na \u015bwie\u017co, polewaj\u0105c ni\u0105 sa\u0142atki, warzywa lub po prostu maczaj\u0105c w niej kawa\u0142ek chleba. Warto poszuka\u0107 oliwy extra virgin w butelkach z ciemnego szk\u0142a, kt\u00f3re chroni\u0105 jej cenne w\u0142a\u015bciwo\u015bci.<\/p>\n\n\n\n<p>W\u015br\u00f3d innych kulinarnych pami\u0105tek z Majorki warto wymieni\u0107 migda\u0142y i figi, kt\u00f3re s\u0105 szeroko wykorzystywane w lokalnej kuchni i stanowi\u0105 doskona\u0142y dodatek do pieczonego ciasta lub deser\u00f3w. Migda\u0142y z Majorki uchodz\u0105 za jedne z najs\u0142odszych i najbardziej aromatycznych na \u015bwiecie, a suszone figi s\u0105 sk\u0142adnikiem wielu tradycyjnych s\u0142odko\u015bci i przek\u0105sek.<\/p>\n\n\n\n<h2 class=\"wp-block-heading\">Majorka\u0144skie wina, likiery i s\u0142odko\u015bci \u2013 poznaj unikalne pami\u0105tki<\/h2>\n\n\n\n<p>Majorka\u0144skie wina to kolejny obowi\u0105zkowy punkt na li\u015bcie pami\u0105tek, kt\u00f3re warto zabra\u0107 do domu. Wyspa rozs\u0142awia si\u0119 w\u0142asnymi odmianami winoro\u015bli \u2013 Manto Negro, Callet i Prensal Blanc. Odwiedziny w lokalnych winnicach pozwalaj\u0105 pozna\u0107 szerok\u0105 gam\u0119 smak\u00f3w i wybra\u0107 butelk\u0119, kt\u00f3ra b\u0119dzie d\u0142ugo przypomina\u0107 o podr\u00f3\u017cy oraz stanie si\u0119 idealnym prezentem dla bliskich. R\u00f3wnie wa\u017cne miejsce w\u015br\u00f3d majorka\u0144skich wyrob\u00f3w zajmuj\u0105 lokalne alkohole. W\u015br\u00f3d nich na szczeg\u00f3ln\u0105 uwag\u0119 zas\u0142uguje likier Hierbas Mallorquinas, kt\u00f3ry wytwarzany jest z mieszanki zi\u00f3\u0142 i ro\u015blin rosn\u0105cych na ca\u0142ej wyspie. Jego orze\u017awiaj\u0105cy, lekko cytrusowy smak sprawia, \u017ce idealnie sprawdzi si\u0119 jako aperitif lub sk\u0142adnik drink\u00f3w.<\/p>\n\n\n\n<p>Do domu warto zabra\u0107 ze sob\u0105 tak\u017ce likier Angel d&#8217;Or, kt\u00f3ry jest produkowany na bazie pomara\u0144czy z doliny S\u00f3ller. Likier ten zachwyca naturalnym, owocowym smakiem i jest doskona\u0142ym prezentem dla mi\u0142o\u015bnik\u00f3w s\u0142odkich alkoholi. Butelka Angel d&#8217;Or przywo\u0142uje wspomnienie aromatycznych sad\u00f3w Majorki i pozwala podzieli\u0107 si\u0119 atmosfer\u0105 wyspy z bliskimi podczas wsp\u00f3lnego degustowania nowych smak\u00f3w.<\/p>\n\n\n\n<p>W\u015br\u00f3d s\u0142odkich pami\u0105tek nie mo\u017ce zabrakn\u0105\u0107 ensaimady, czyli tradycyjnego majorka\u0144skiego ciasta dro\u017cd\u017cowego w kszta\u0142cie spirali. Jego lekka, niemal puszysta struktura i delikatna s\u0142odycz sprawiaj\u0105, \u017ce jest to wypiek jedyny w swoim rodzaju. Ensaimada wyst\u0119puje w wersji klasycznej, czyli bez nadzienia, oraz w bogatszych wariantach z kremem, czekolad\u0105 lub tradycyjnym nadzieniem z karmelizowanego mi\u0105\u017cszu dyni. Ciasto pakowane jest w charakterystyczne, o\u015bmiok\u0105tne pude\u0142ka. To prawdziwa wizyt\u00f3wka wyspy i najcz\u0119\u015bciej przewo\u017cona pami\u0105tk\u0105 kulinarna.<\/p>\n\n\n\n<h2 class=\"wp-block-heading\">Kosmetyki naturalne, s\u00f3l morska i inne wyj\u0105tkowe produkty<\/h2>\n\n\n\n<p>Kosmetyki naturalne z Majorki to wyroby, kt\u00f3re zachwycaj\u0105 jako\u015bci\u0105 i naturalnym sk\u0142adem. W sklepach z pami\u0105tkami i na targach mo\u017cna znale\u017a\u0107 kremy, myd\u0142a i perfumy, kt\u00f3re s\u0105 produkowane na bazie lokalnych sk\u0142adnik\u00f3w. Kosmetyki naturalne to doskona\u0142y prezent dla bliskich i idealna pami\u0105tka z Majorki. R\u00f3wnie cenionym produktem jest s\u00f3l morska z Salinas d\u2019Es Trenc, powstaj\u0105ca tradycyjnymi metodami i doceniana zar\u00f3wno przez turyst\u00f3w, jak i mieszka\u0144c\u00f3w. Delikatna w smaku, bogata w minera\u0142y, stanowi doskona\u0142y dodatek do kuchni i \u015bwietny prezent dla mi\u0142o\u015bnik\u00f3w kulinari\u00f3w.<\/p>\n\n\n\n<p>Majorka s\u0142ynie te\u017c z r\u0119cznie wyplatanych koszy wiklinowych. Na targach i w ma\u0142ych warsztatach mo\u017cna znale\u017a\u0107 je w niezliczonych kszta\u0142tach i rozmiarach \u2013 od eleganckich torebek po pojemne kosze pla\u017cowe. Ka\u017cdy z nich jest \u015bwiadectwem kunsztu i tradycji przekazywanej z pokolenia na pokolenie. Taki kosz to idealna, pi\u0119kna pami\u0105tka, kt\u00f3ra po powrocie do domu b\u0119dzie stylowym elementem dekoracyjnym lub praktycznym pojemnikiem. W\u015br\u00f3d unikalnych produkt\u00f3w, kt\u00f3re warto przywie\u017a\u0107 z podr\u00f3\u017cy, na szczeg\u00f3ln\u0105 uwag\u0119 zas\u0142uguj\u0105 ozdobne korki do wina, kt\u00f3re mo\u017cna odnale\u017a\u0107 w urokliwych butikach i na gwarnych targach. Cz\u0119sto zdobione s\u0105 charakterystycznymi dla wyspy motywami \u2013 miniaturow\u0105 figurk\u0105 siurell, wzorem tkaniny Tela de Llengues czy ga\u0142\u0105zk\u0105 oliwn\u0105. Taki drobiazg to pi\u0119kna pami\u0105tka, dzi\u0119ki kt\u00f3rej przy ka\u017cdej otwieranej butelce mo\u017cna chocia\u017c na chwil\u0119 powr\u00f3ci\u0107 wspomnieniami na s\u0142oneczn\u0105 wysp\u0119.<\/p>\n\n\n\n<h2 class=\"wp-block-heading\">Gdzie szuka\u0107 oryginalnych wyrob\u00f3w?<\/h2>\n\n\n\n<figure class=\"wp-block-image size-full\"><img loading=\"lazy\" decoding=\"async\" width=\"1000\" height=\"667\" src=\"https:\/\/www.tui.pl\/blog\/wp-content\/uploads\/2025\/07\/shutterstock_1136136887-1.jpg\" alt=\"Pami\u0105tki z Majorki - gdzie ich szuka\u0107?\" class=\"wp-image-10861\" title=\"\" srcset=\"https:\/\/www.tui.pl\/blog\/wp-content\/uploads\/2025\/07\/shutterstock_1136136887-1.jpg 1000w, https:\/\/www.tui.pl\/blog\/wp-content\/uploads\/2025\/07\/shutterstock_1136136887-1-600x400.jpg 600w, https:\/\/www.tui.pl\/blog\/wp-content\/uploads\/2025\/07\/shutterstock_1136136887-1-768x512.jpg 768w, https:\/\/www.tui.pl\/blog\/wp-content\/uploads\/2025\/07\/shutterstock_1136136887-1-585x390.jpg 585w, https:\/\/www.tui.pl\/blog\/wp-content\/uploads\/2025\/07\/shutterstock_1136136887-1-263x175.jpg 263w\" sizes=\"auto, (max-width: 1000px) 100vw, 1000px\" \/><\/figure>\n\n\n\n<p>Lokalne targi na Majorce to miejsca, gdzie spotykaj\u0105 si\u0119 mieszka\u0144cy i tury\u015bci, aby kupi\u0107 \u015bwie\u017ce produkty spo\u017cywcze, wyroby rzemie\u015blnicze i lokalne specja\u0142y. Najstarszy targ w Sineu, odbywaj\u0105cy si\u0119 w \u015brody, to obowi\u0105zkowy punkt dla os\u00f3b, kt\u00f3re chc\u0105 pozna\u0107 tradycyjn\u0105 kuchni\u0119 i rzemios\u0142o. Inca s\u0142ynie z wyrob\u00f3w sk\u00f3rzanych, a Santa Maria del Cam\u00ed przyci\u0105ga mi\u0142o\u015bnik\u00f3w ekologicznej \u017cywno\u015bci i lokalnych win. Wybieraj\u0105c lokalne produkty, wspierasz lokalnych rzemie\u015blnik\u00f3w, kupuj\u0105c na miejscowych targach, a jednocze\u015bnie masz pewno\u015b\u0107, \u017ce nabywasz wyroby o g\u0142\u0119bokim znaczeniu kulturowym.<\/p>\n\n\n\n<p>Warto odwiedzi\u0107 tak\u017ce lokalne sklepy w Palma de Mallorca, gdzie znajdziemy szeroki wyb\u00f3r kosmetyk\u00f3w naturalnych, lokalnych alkoholi i tradycyjnych przysmak\u00f3w. W sezonie turystycznym na Majorce pojawiaj\u0105 si\u0119 dodatkowe stoiska z pami\u0105tkami, ale najwi\u0119ksze wra\u017cenie robi\u0105 te prowadzone przez miejscowych artyst\u00f3w. Warto pami\u0119ta\u0107, \u017ce na targach cz\u0119sto mo\u017cna negocjowa\u0107 cen\u0119, a zakupy s\u0105 \u015bwietn\u0105 okazj\u0105 do rozmowy z mieszka\u0144cami i poznania lokalnych historii.<\/p>\n\n\n\n<h2 class=\"wp-block-heading\">Jak bezpiecznie przewozi\u0107 pami\u0105tki z Majorki? Praktyczne wskaz\u00f3wki<\/h2>\n\n\n\n<p>Bezpieczny transport pami\u0105tek z Majorki to podstawa, aby zakupione skarby dotar\u0142y do domu w nienaruszonym stanie i mog\u0142y d\u0142ugo przypomina\u0107 o wakacjach na wyspie s\u0142o\u0144ca. Najlepszym sposobem ochrony delikatnych przedmiot\u00f3w takich jak ceramika, bi\u017cuteria czy r\u0119cznie malowane talerze jest owini\u0119cie ka\u017cdego z nich w foli\u0119 b\u0105belkow\u0105, kt\u00f3ra skutecznie amortyzuje wszelkie wstrz\u0105sy i chroni przed uszkodzeniami podczas podr\u00f3\u017cy. Dodatkowo warto wykorzysta\u0107 specjalne etui lub pude\u0142ka dopasowane do kszta\u0142tu i rozmiaru przewo\u017conych pami\u0105tek \u2013 dzi\u0119ki temu nawet najbardziej kruche wyroby rzemie\u015blnicze bezpiecznie przetrwaj\u0105 transport.<\/p>\n\n\n\n<p>Odpowiednie zabezpieczenie wolnych przestrzeni w walizce czy plecaku pozwala zminimalizowa\u0107 przemieszczanie si\u0119 przedmiot\u00f3w podczas lotu. Dzi\u0119ki temu unika si\u0119 zarysowa\u0144 i p\u0119kni\u0119\u0107, a wszystkie pami\u0105tki docieraj\u0105 do celu w takim stanie, w jakim zosta\u0142y zakupione. W przypadku przewo\u017cenia lokalnych produkt\u00f3w spo\u017cywczych kluczowe jest zastosowanie folii termokurczliwej lub specjalnych opakowa\u0144, kt\u00f3re skutecznie zabezpiecz\u0105 je przed przeciekaniem i zepsuciem. Dzi\u0119ki starannemu pakowaniu mo\u017cna by\u0107 pewnym, \u017ce zar\u00f3wno smaki, jak i wspomnienia z Majorki pozostan\u0105 z nami na d\u0142ugo, pozwalaj\u0105c cieszy\u0107 si\u0119 nimi w domowym zaciszu.<\/p>\n\n\n\r\n<div class=\"shortcode-content\">\r\n            <div class=\"offer-header\">Polecane hotele na Majorce<\/div>\r\n    \r\n    <div class=\"js-offers-slider offers-slider\" aria-label=\"Offers slider\">\r\n                                    <div class=\"slide-item js-slide-item\">\r\n                    <div class=\"offer-item\">\r\n                        <img decoding=\"async\" class=\"offer-item__img\" loading=\"lazy\" width=\"250\" height=\"133\" src=\"https:\/\/r.cdn.redgalaxy.com\/scale\/o2\/TUI\/hotels\/PMI83035\/S25\/31737802.jpg?dstw=1157&amp;dsth=621&amp;srcw=1157&amp;srch=621&amp;srcx=1\/2&amp;srcy=1\/2&amp;srcmode=3&amp;type=1&amp;quality=80\" alt=\"\" title=\"\">\r\n                        <div class='offer-item__content'>\r\n                            <div>\r\n                                <div class=\"offer-item__standard\">\r\n                                                                                                            \r\n                                                                            <svg xmlns=\"http:\/\/www.w3.org\/2000\/svg\" width=\"16\" height=\"16\" viewBox=\"0 0 120 120\"\r\n                                            class=\"Rating_icon__5eKO5\">\r\n                                            <path fill=\"#1b115c\"\r\n                                                d=\"M34.536 105.262c-3.142 2.278-7.361-.804-6.147-4.49l9.793-29.717-25.516-18.33c-3.16-2.27-1.548-7.257 2.343-7.249l31.518.069 9.668-29.78c1.197-3.687 6.413-3.687 7.61 0l9.668 29.78 31.518-.069c3.89-.008 5.502 4.98 2.343 7.249l-25.516 18.33 9.793 29.717c1.214 3.686-3.005 6.768-6.147 4.49L60 86.801z\">\r\n                                            <\/path>\r\n                                        <\/svg>\r\n                                                                            <svg xmlns=\"http:\/\/www.w3.org\/2000\/svg\" width=\"16\" height=\"16\" viewBox=\"0 0 120 120\"\r\n                                            class=\"Rating_icon__5eKO5\">\r\n                                            <path fill=\"#1b115c\"\r\n                                                d=\"M34.536 105.262c-3.142 2.278-7.361-.804-6.147-4.49l9.793-29.717-25.516-18.33c-3.16-2.27-1.548-7.257 2.343-7.249l31.518.069 9.668-29.78c1.197-3.687 6.413-3.687 7.61 0l9.668 29.78 31.518-.069c3.89-.008 5.502 4.98 2.343 7.249l-25.516 18.33 9.793 29.717c1.214 3.686-3.005 6.768-6.147 4.49L60 86.801z\">\r\n                                            <\/path>\r\n                                        <\/svg>\r\n                                                                            <svg xmlns=\"http:\/\/www.w3.org\/2000\/svg\" width=\"16\" height=\"16\" viewBox=\"0 0 120 120\"\r\n                                            class=\"Rating_icon__5eKO5\">\r\n                                            <path fill=\"#1b115c\"\r\n                                                d=\"M34.536 105.262c-3.142 2.278-7.361-.804-6.147-4.49l9.793-29.717-25.516-18.33c-3.16-2.27-1.548-7.257 2.343-7.249l31.518.069 9.668-29.78c1.197-3.687 6.413-3.687 7.61 0l9.668 29.78 31.518-.069c3.89-.008 5.502 4.98 2.343 7.249l-25.516 18.33 9.793 29.717c1.214 3.686-3.005 6.768-6.147 4.49L60 86.801z\">\r\n                                            <\/path>\r\n                                        <\/svg>\r\n                                                                            <svg xmlns=\"http:\/\/www.w3.org\/2000\/svg\" width=\"16\" height=\"16\" viewBox=\"0 0 120 120\"\r\n                                            class=\"Rating_icon__5eKO5\">\r\n                                            <path fill=\"#1b115c\"\r\n                                                d=\"M34.536 105.262c-3.142 2.278-7.361-.804-6.147-4.49l9.793-29.717-25.516-18.33c-3.16-2.27-1.548-7.257 2.343-7.249l31.518.069 9.668-29.78c1.197-3.687 6.413-3.687 7.61 0l9.668 29.78 31.518-.069c3.89-.008 5.502 4.98 2.343 7.249l-25.516 18.33 9.793 29.717c1.214 3.686-3.005 6.768-6.147 4.49L60 86.801z\">\r\n                                            <\/path>\r\n                                        <\/svg>\r\n                                                                                                        <\/div>\r\n                                <div class=\"offer-item__title\">\r\n                                    Playa Garden                                <\/div>\r\n                                <div class=\"offer-item__direction\">Hiszpania \/ Majorka \/ Zatoka Alkudyjska<\/div>\r\n                            <\/div>\r\n                            <div>\r\n                                <a href=\"https:\/\/tui.pl\/wypoczynek\/hiszpania\/majorka\/playa-garden-pmi83035?pm_source=blog&amp;pm_name=polecane-hotele-PMI\" target=\"_blank\" class=\"offer-item__link\" rel=\"noopener\">\r\n                                    2 781                                    z\u0142\/os.\r\n                                <\/a>\r\n                            <\/div>\r\n                        <\/div>\r\n                    <\/div>\r\n                <\/div>\r\n                                                <div class=\"slide-item js-slide-item\">\r\n                    <div class=\"offer-item\">\r\n                        <img decoding=\"async\" class=\"offer-item__img\" loading=\"lazy\" width=\"250\" height=\"133\" src=\"https:\/\/r.cdn.redgalaxy.com\/scale\/o2\/TUI\/hotels\/PMI55070\/S20\/14263086.jpg?dstw=1157&amp;dsth=621&amp;srcw=1157&amp;srch=621&amp;srcx=1\/2&amp;srcy=1\/2&amp;srcmode=3&amp;type=1&amp;quality=80\" alt=\"\" title=\"\">\r\n                        <div class='offer-item__content'>\r\n                            <div>\r\n                                <div class=\"offer-item__standard\">\r\n                                                                                                            \r\n                                                                            <svg xmlns=\"http:\/\/www.w3.org\/2000\/svg\" width=\"16\" height=\"16\" viewBox=\"0 0 120 120\"\r\n                                            class=\"Rating_icon__5eKO5\">\r\n                                            <path fill=\"#1b115c\"\r\n                                                d=\"M34.536 105.262c-3.142 2.278-7.361-.804-6.147-4.49l9.793-29.717-25.516-18.33c-3.16-2.27-1.548-7.257 2.343-7.249l31.518.069 9.668-29.78c1.197-3.687 6.413-3.687 7.61 0l9.668 29.78 31.518-.069c3.89-.008 5.502 4.98 2.343 7.249l-25.516 18.33 9.793 29.717c1.214 3.686-3.005 6.768-6.147 4.49L60 86.801z\">\r\n                                            <\/path>\r\n                                        <\/svg>\r\n                                                                            <svg xmlns=\"http:\/\/www.w3.org\/2000\/svg\" width=\"16\" height=\"16\" viewBox=\"0 0 120 120\"\r\n                                            class=\"Rating_icon__5eKO5\">\r\n                                            <path fill=\"#1b115c\"\r\n                                                d=\"M34.536 105.262c-3.142 2.278-7.361-.804-6.147-4.49l9.793-29.717-25.516-18.33c-3.16-2.27-1.548-7.257 2.343-7.249l31.518.069 9.668-29.78c1.197-3.687 6.413-3.687 7.61 0l9.668 29.78 31.518-.069c3.89-.008 5.502 4.98 2.343 7.249l-25.516 18.33 9.793 29.717c1.214 3.686-3.005 6.768-6.147 4.49L60 86.801z\">\r\n                                            <\/path>\r\n                                        <\/svg>\r\n                                                                            <svg xmlns=\"http:\/\/www.w3.org\/2000\/svg\" width=\"16\" height=\"16\" viewBox=\"0 0 120 120\"\r\n                                            class=\"Rating_icon__5eKO5\">\r\n                                            <path fill=\"#1b115c\"\r\n                                                d=\"M34.536 105.262c-3.142 2.278-7.361-.804-6.147-4.49l9.793-29.717-25.516-18.33c-3.16-2.27-1.548-7.257 2.343-7.249l31.518.069 9.668-29.78c1.197-3.687 6.413-3.687 7.61 0l9.668 29.78 31.518-.069c3.89-.008 5.502 4.98 2.343 7.249l-25.516 18.33 9.793 29.717c1.214 3.686-3.005 6.768-6.147 4.49L60 86.801z\">\r\n                                            <\/path>\r\n                                        <\/svg>\r\n                                                                            <svg xmlns=\"http:\/\/www.w3.org\/2000\/svg\" width=\"16\" height=\"16\" viewBox=\"0 0 120 120\"\r\n                                            class=\"Rating_icon__5eKO5\">\r\n                                            <path fill=\"#1b115c\"\r\n                                                d=\"M34.536 105.262c-3.142 2.278-7.361-.804-6.147-4.49l9.793-29.717-25.516-18.33c-3.16-2.27-1.548-7.257 2.343-7.249l31.518.069 9.668-29.78c1.197-3.687 6.413-3.687 7.61 0l9.668 29.78 31.518-.069c3.89-.008 5.502 4.98 2.343 7.249l-25.516 18.33 9.793 29.717c1.214 3.686-3.005 6.768-6.147 4.49L60 86.801z\">\r\n                                            <\/path>\r\n                                        <\/svg>\r\n                                                                                                        <\/div>\r\n                                <div class=\"offer-item__title\">\r\n                                    Iberostar Waves Club Cala Barca                                <\/div>\r\n                                <div class=\"offer-item__direction\">Hiszpania \/ Majorka \/ Cala Barca<\/div>\r\n                            <\/div>\r\n                            <div>\r\n                                <a href=\"https:\/\/tui.pl\/wypoczynek\/hiszpania\/majorka\/iberostar-waves-club-cala-barca-pmi55070?pm_source=blog&amp;pm_name=polecane-hotele-PMI\" target=\"_blank\" class=\"offer-item__link\" rel=\"noopener\">\r\n                                    4 589                                    z\u0142\/os.\r\n                                <\/a>\r\n                            <\/div>\r\n                        <\/div>\r\n                    <\/div>\r\n                <\/div>\r\n                                                <div class=\"slide-item js-slide-item\">\r\n                    <div class=\"offer-item\">\r\n                        <img decoding=\"async\" class=\"offer-item__img\" loading=\"lazy\" width=\"250\" height=\"133\" src=\"https:\/\/r.cdn.redgalaxy.com\/scale\/o2\/TUI\/hotels\/PMI09005\/S21\/16761092.jpg?dstw=1157&amp;dsth=621&amp;srcw=1157&amp;srch=621&amp;srcx=1\/2&amp;srcy=1\/2&amp;srcmode=3&amp;type=1&amp;quality=80\" alt=\"\" title=\"\">\r\n                        <div class='offer-item__content'>\r\n                            <div>\r\n                                <div class=\"offer-item__standard\">\r\n                                                                                                            \r\n                                                                            <svg xmlns=\"http:\/\/www.w3.org\/2000\/svg\" width=\"16\" height=\"16\" viewBox=\"0 0 120 120\"\r\n                                            class=\"Rating_icon__5eKO5\">\r\n                                            <path fill=\"#1b115c\"\r\n                                                d=\"M34.536 105.262c-3.142 2.278-7.361-.804-6.147-4.49l9.793-29.717-25.516-18.33c-3.16-2.27-1.548-7.257 2.343-7.249l31.518.069 9.668-29.78c1.197-3.687 6.413-3.687 7.61 0l9.668 29.78 31.518-.069c3.89-.008 5.502 4.98 2.343 7.249l-25.516 18.33 9.793 29.717c1.214 3.686-3.005 6.768-6.147 4.49L60 86.801z\">\r\n                                            <\/path>\r\n                                        <\/svg>\r\n                                                                            <svg xmlns=\"http:\/\/www.w3.org\/2000\/svg\" width=\"16\" height=\"16\" viewBox=\"0 0 120 120\"\r\n                                            class=\"Rating_icon__5eKO5\">\r\n                                            <path fill=\"#1b115c\"\r\n                                                d=\"M34.536 105.262c-3.142 2.278-7.361-.804-6.147-4.49l9.793-29.717-25.516-18.33c-3.16-2.27-1.548-7.257 2.343-7.249l31.518.069 9.668-29.78c1.197-3.687 6.413-3.687 7.61 0l9.668 29.78 31.518-.069c3.89-.008 5.502 4.98 2.343 7.249l-25.516 18.33 9.793 29.717c1.214 3.686-3.005 6.768-6.147 4.49L60 86.801z\">\r\n                                            <\/path>\r\n                                        <\/svg>\r\n                                                                            <svg xmlns=\"http:\/\/www.w3.org\/2000\/svg\" width=\"16\" height=\"16\" viewBox=\"0 0 120 120\"\r\n                                            class=\"Rating_icon__5eKO5\">\r\n                                            <path fill=\"#1b115c\"\r\n                                                d=\"M34.536 105.262c-3.142 2.278-7.361-.804-6.147-4.49l9.793-29.717-25.516-18.33c-3.16-2.27-1.548-7.257 2.343-7.249l31.518.069 9.668-29.78c1.197-3.687 6.413-3.687 7.61 0l9.668 29.78 31.518-.069c3.89-.008 5.502 4.98 2.343 7.249l-25.516 18.33 9.793 29.717c1.214 3.686-3.005 6.768-6.147 4.49L60 86.801z\">\r\n                                            <\/path>\r\n                                        <\/svg>\r\n                                                                            <svg xmlns=\"http:\/\/www.w3.org\/2000\/svg\" width=\"16\" height=\"16\" viewBox=\"0 0 120 120\"\r\n                                            class=\"Rating_icon__5eKO5\">\r\n                                            <path fill=\"#1b115c\"\r\n                                                d=\"M34.536 105.262c-3.142 2.278-7.361-.804-6.147-4.49l9.793-29.717-25.516-18.33c-3.16-2.27-1.548-7.257 2.343-7.249l31.518.069 9.668-29.78c1.197-3.687 6.413-3.687 7.61 0l9.668 29.78 31.518-.069c3.89-.008 5.502 4.98 2.343 7.249l-25.516 18.33 9.793 29.717c1.214 3.686-3.005 6.768-6.147 4.49L60 86.801z\">\r\n                                            <\/path>\r\n                                        <\/svg>\r\n                                                                                                        <\/div>\r\n                                <div class=\"offer-item__title\">\r\n                                    Globales Cala Vi\u00f1as                                <\/div>\r\n                                <div class=\"offer-item__direction\">Hiszpania \/ Majorka \/ Cala Vi\u00f1as<\/div>\r\n                            <\/div>\r\n                            <div>\r\n                                <a href=\"https:\/\/tui.pl\/wypoczynek\/hiszpania\/majorka\/globales-cala-vias-pmi09005?pm_source=blog&amp;pm_name=polecane-hotele-PMI\" target=\"_blank\" class=\"offer-item__link\" rel=\"noopener\">\r\n                                    2 652                                    z\u0142\/os.\r\n                                <\/a>\r\n                            <\/div>\r\n                        <\/div>\r\n                    <\/div>\r\n                <\/div>\r\n                        <\/div>\r\n<\/div>\n\n\n\n<p><\/p>\n","protected":false},"excerpt":{"rendered":"<p>Majorka to wyspa, kt\u00f3ra smakuje s\u0142o\u0144cem i pachnie morzem \u2013 a wspomnienia z niej mo\u017cna zamkn\u0105\u0107 nie tylko w sercu, ale i\u2026 w walizce. Co wybra\u0107, aby po powrocie do&hellip;<\/p>\n","protected":false},"author":52,"featured_media":10866,"comment_status":"closed","ping_status":"closed","sticky":false,"template":"","format":"standard","meta":{"_lmt_disableupdate":"","_lmt_disable":"","footnotes":""},"categories":[22],"tags":[735,745,766],"class_list":["post-10860","post","type-post","status-publish","format-standard","has-post-thumbnail","hentry","category-majorka","tag-ciekawostki","tag-gdzie-na-wakacje","tag-wakacje-z-tui"],"home_img_url":"https:\/\/www.tui.pl\/blog\/wp-content\/uploads\/2025\/07\/shutterstock_2472822369-585x390.jpg","home_img_alt":"Pami\u0105tki z Majorki - odkryjmy najwi\u0119ksze skarby wyspy!","_links":{"self":[{"href":"https:\/\/www.tui.pl\/blog\/wp-json\/wp\/v2\/posts\/10860","targetHints":{"allow":["GET"]}}],"collection":[{"href":"https:\/\/www.tui.pl\/blog\/wp-json\/wp\/v2\/posts"}],"about":[{"href":"https:\/\/www.tui.pl\/blog\/wp-json\/wp\/v2\/types\/post"}],"author":[{"embeddable":true,"href":"https:\/\/www.tui.pl\/blog\/wp-json\/wp\/v2\/users\/52"}],"replies":[{"embeddable":true,"href":"https:\/\/www.tui.pl\/blog\/wp-json\/wp\/v2\/comments?post=10860"}],"version-history":[{"count":4,"href":"https:\/\/www.tui.pl\/blog\/wp-json\/wp\/v2\/posts\/10860\/revisions"}],"predecessor-version":[{"id":10909,"href":"https:\/\/www.tui.pl\/blog\/wp-json\/wp\/v2\/posts\/10860\/revisions\/10909"}],"wp:featuredmedia":[{"embeddable":true,"href":"https:\/\/www.tui.pl\/blog\/wp-json\/wp\/v2\/media\/10866"}],"wp:attachment":[{"href":"https:\/\/www.tui.pl\/blog\/wp-json\/wp\/v2\/media?parent=10860"}],"wp:term":[{"taxonomy":"category","embeddable":true,"href":"https:\/\/www.tui.pl\/blog\/wp-json\/wp\/v2\/categories?post=10860"},{"taxonomy":"post_tag","embeddable":true,"href":"https:\/\/www.tui.pl\/blog\/wp-json\/wp\/v2\/tags?post=10860"}],"curies":[{"name":"wp","href":"https:\/\/api.w.org\/{rel}","templated":true}]}}