{"id":10731,"date":"2025-05-30T10:00:00","date_gmt":"2025-05-30T08:00:00","guid":{"rendered":"https:\/\/www.tui.pl\/blog\/?p=10731"},"modified":"2026-02-27T09:50:26","modified_gmt":"2026-02-27T08:50:26","slug":"start-sezonu-lato-2026-first-minute","status":"publish","type":"post","link":"https:\/\/www.tui.pl\/blog\/start-sezonu-lato-2026-first-minute\/","title":{"rendered":"Start sezonu Lato 2026 First Minute\u00ae!"},"content":{"rendered":"\n<p><em>Oferta Lato 2026 First Minute\u00ae zosta\u0142a zako\u0144czona. Sprawd\u017a aktualne warunki promocji <a href=\"https:\/\/www.tui.pl\/lato\" target=\"_blank\" rel=\"noreferrer noopener\">tutaj<\/a>.<\/em><\/p>\n\n\n\n<p>Oferta na sezon <strong>Lato 2026 First Minute\u00ae<\/strong> wystartowa\u0142a! Z tej okazji przygotowali\u015bmy bogaty wyb\u00f3r hoteli w najpopularniejszych wakacyjnych destynacjach, aby ka\u017cdy m\u00f3g\u0142 znale\u017a\u0107 co\u015b dla siebie. Na wszystkich klient\u00f3w czeka wiele atrakcyjnych propozycji, a dla os\u00f3b, kt\u00f3re maj\u0105 co najmniej jedn\u0105 historyczn\u0105 lub nadchodz\u0105c\u0105 rezerwacj\u0119 w myTUI, przewidzieli\u015bmy dodatkowy benefit!<\/p>\n\n\n\n<p>W ofercie znajduje si\u0119 ponad 2000 hoteli na ca\u0142ym \u015bwiecie, a rezerwacji mo\u017cna dokona\u0107 w najwygodniejszy dla siebie spos\u00f3b \u2013 przez stron\u0119 internetow\u0105, aplikacj\u0119 mobiln\u0105, Telefoniczne Centrum Rezerwacji lub w jednym z biur TUI na terenie ca\u0142ej Polski. Dost\u0119pne kierunki obejmuj\u0105: <strong><a href=\"https:\/\/www.tui.pl\/wypoczynek\/grecja\">Grecj\u0119<\/a>, Baleary, <a href=\"https:\/\/www.tui.pl\/wypoczynek\/hiszpania\">Hiszpani\u0119 kontynentaln\u0105<\/a> i <a href=\"https:\/\/www.tui.pl\/wypoczynek\/wyspy-kanaryjskie\">Wyspy Kanaryjskie<\/a>, <a href=\"https:\/\/www.tui.pl\/wypoczynek\/bulgaria\">Bu\u0142gari\u0119<\/a>, <a href=\"https:\/\/www.tui.pl\/wypoczynek\/egipt\">Egipt<\/a>, <a href=\"https:\/\/www.tui.pl\/wypoczynek\/maroko\">Maroko<\/a>, <a href=\"https:\/\/www.tui.pl\/wypoczynek\/portugalia\">Portugali\u0119<\/a>, <a href=\"https:\/\/www.tui.pl\/wypoczynek\/portugalia\/madera\">Mader\u0119<\/a>, <a href=\"https:\/\/www.tui.pl\/wypoczynek\/turcja\">Turcj\u0119<\/a>, <a href=\"https:\/\/www.tui.pl\/wypoczynek\/tunezja\">Tunezj\u0119<\/a>, <a href=\"https:\/\/www.tui.pl\/wypoczynek\/cypr\">Cypr<\/a>, <a href=\"https:\/\/www.tui.pl\/wypoczynek\/wyspy-zielonego-przyladka\">Wyspy Zielonego Przyl\u0105dka<\/a> oraz <a href=\"https:\/\/www.tui.pl\/wypoczynek\/zanzibar\">Zanzibar<\/a>.<\/strong><\/p>\n\n\n\n<h3 class=\"wp-block-heading\">Dlaczego warto kupowa\u0107 w First Minute w TUI?<\/h3>\n\n\n\n<p>Rezerwacja wakacji w ofercie First Minute to gwarancja wielu korzy\u015bci. Planowanie podr\u00f3\u017cy z wyprzedzeniem umo\u017cliwia skorzystanie z najatrakcyjniejszych cen oraz dodatkowych udogodnie\u0144 takich jak wp\u0142ata niskiej zaliczki.<\/p>\n\n\n\n<p>Najwi\u0119ksz\u0105 zalet\u0105 oferty First Minute jest r\u00f3\u017cnorodno\u015b\u0107 kierunk\u00f3w, elastyczno\u015b\u0107 termin\u00f3w oraz dost\u0119pno\u015b\u0107 najlepszych hoteli. Takie rozwi\u0105zanie szczeg\u00f3lnie doceniaj\u0105 rodziny z dzie\u0107mi oraz podr\u00f3\u017cni, kt\u00f3rym zale\u017cy na wysokim standardzie zakwaterowania i dogodnych godzinach lot\u00f3w. First Minute zapewnia tak\u017ce poczucie spokoju i komfortu \u2013 wymarzony urlop zostaje zarezerwowany z wyprzedzeniem, a wszystkie koszty s\u0105 jasno okre\u015blone i nie zmieniaj\u0105 si\u0119 a\u017c do dnia wyjazdu.<\/p>\n\n\n\n<p><strong>Zach\u0119camy do regularnego \u015bledzenia naszej oferty First Minute, kt\u00f3r\u0105 nieustannie poszerzamy o nowe, ekscytuj\u0105ce kierunki oraz starannie wyselekcjonowane hotele.<\/strong><\/p>\n","protected":false},"excerpt":{"rendered":"<p>Oferta Lato 2026 First Minute\u00ae zosta\u0142a zako\u0144czona. Sprawd\u017a aktualne warunki promocji tutaj. Oferta na sezon Lato 2026 First Minute\u00ae wystartowa\u0142a! Z tej okazji przygotowali\u015bmy bogaty wyb\u00f3r hoteli w najpopularniejszych wakacyjnych&hellip;<\/p>\n","protected":false},"author":31,"featured_media":10735,"comment_status":"closed","ping_status":"closed","sticky":false,"template":"","format":"standard","meta":{"_lmt_disableupdate":"","_lmt_disable":"","footnotes":""},"categories":[182],"tags":[],"class_list":["post-10731","post","type-post","status-publish","format-standard","has-post-thumbnail","hentry","category-podroze"],"home_img_url":"https:\/\/www.tui.pl\/blog\/wp-content\/uploads\/2025\/05\/shutterstock_2463213987-585x390.jpg","home_img_alt":"start sezonu lato 2026","_links":{"self":[{"href":"https:\/\/www.tui.pl\/blog\/wp-json\/wp\/v2\/posts\/10731","targetHints":{"allow":["GET"]}}],"collection":[{"href":"https:\/\/www.tui.pl\/blog\/wp-json\/wp\/v2\/posts"}],"about":[{"href":"https:\/\/www.tui.pl\/blog\/wp-json\/wp\/v2\/types\/post"}],"author":[{"embeddable":true,"href":"https:\/\/www.tui.pl\/blog\/wp-json\/wp\/v2\/users\/31"}],"replies":[{"embeddable":true,"href":"https:\/\/www.tui.pl\/blog\/wp-json\/wp\/v2\/comments?post=10731"}],"version-history":[{"count":5,"href":"https:\/\/www.tui.pl\/blog\/wp-json\/wp\/v2\/posts\/10731\/revisions"}],"predecessor-version":[{"id":12766,"href":"https:\/\/www.tui.pl\/blog\/wp-json\/wp\/v2\/posts\/10731\/revisions\/12766"}],"wp:featuredmedia":[{"embeddable":true,"href":"https:\/\/www.tui.pl\/blog\/wp-json\/wp\/v2\/media\/10735"}],"wp:attachment":[{"href":"https:\/\/www.tui.pl\/blog\/wp-json\/wp\/v2\/media?parent=10731"}],"wp:term":[{"taxonomy":"category","embeddable":true,"href":"https:\/\/www.tui.pl\/blog\/wp-json\/wp\/v2\/categories?post=10731"},{"taxonomy":"post_tag","embeddable":true,"href":"https:\/\/www.tui.pl\/blog\/wp-json\/wp\/v2\/tags?post=10731"}],"curies":[{"name":"wp","href":"https:\/\/api.w.org\/{rel}","templated":true}]}}