{"id":10541,"date":"2026-02-23T15:10:00","date_gmt":"2026-02-23T14:10:00","guid":{"rendered":"https:\/\/www.tui.pl\/blog\/?p=10541"},"modified":"2026-02-24T15:45:10","modified_gmt":"2026-02-24T14:45:10","slug":"wielkanoc-pod-palmami-jak-wygladaja-swieta-za-granica","status":"publish","type":"post","link":"https:\/\/www.tui.pl\/blog\/wielkanoc-pod-palmami-jak-wygladaja-swieta-za-granica\/","title":{"rendered":"Wielkanocne inspiracje \u2013 jak wygl\u0105daj\u0105 \u015bwi\u0119ta za granic\u0105?"},"content":{"rendered":"\n<p>Wielkanoc to dla wielu os\u00f3b jedno z najwa\u017cniejszych \u015bwi\u0105t w roku. Jest to czas refleksji, rodzinnych spotka\u0144 i chwila wytchnienia po d\u0142ugiej zimie. To r\u00f3wnie\u017c moment, gdy przyroda budzi si\u0119 do \u017cycia, a wraz z nadej\u015bciem wiosny pojawia si\u0119 potrzeba zmiany i nowych do\u015bwiadcze\u0144. Coraz cz\u0119\u015bciej zastanawiamy si\u0119 wi\u0119c, jak sp\u0119dzi\u0107 \u015bwi\u0119ta wielkanocne inaczej ni\u017c zwykle.<\/p>\n\n\n\n<p>Du\u017c\u0105 popularno\u015bci\u0105 cieszy si\u0119 \u015bwi\u0119ta za granic\u0105, kt\u00f3ra \u0142\u0105czy wiosenny urlop, poznawanie nowych tradycji wielkanocnych oraz wypoczynek w ciep\u0142ych krajach. Wyjazdy wielkanocne to doskona\u0142a okazja, by zobaczy\u0107, jak Wielkanoc obchodzona jest w r\u00f3\u017cnych zak\u0105tkach ca\u0142ego \u015bwiata. <a href=\"https:\/\/www.tui.pl\/wypoczynek\/grecja\" target=\"_blank\" rel=\"noreferrer noopener\">Grecja<\/a>,<a href=\"https:\/\/www.tui.pl\/wypoczynek\/cypr\" target=\"_blank\" rel=\"noreferrer noopener\">Cypr<\/a> czy <a href=\"https:\/\/www.tui.pl\/wypoczynek\/wyspy-kanaryjskie\" target=\"_blank\" rel=\"noreferrer noopener\">Wyspy Kanaryjskie<\/a> kusz\u0105 barwnymi obrz\u0119dami, muzyk\u0105 i radosnym \u015bwi\u0119towaniem. Razem z TUI mo\u017cesz w tym roku prze\u017cy\u0107 wielkanocne \u015bwi\u0119ta w wyj\u0105tkowy spos\u00f3b. Poznaj nasze wielkanocne inspiracje i zaplanuj \u015bwi\u0119ta pe\u0142ne s\u0142o\u0144ca, emocji i niezapomnianych wra\u017ce\u0144!<\/p>\n\n\n\n<h2 class=\"wp-block-heading has-medium-font-size\">Wielkanoc w Grecji \u2013 \u015bwiat\u0142o, ogie\u0144 i rozbijanie garnk\u00f3w!<\/h2>\n\n\n\n<figure class=\"wp-block-image size-full\"><img loading=\"lazy\" decoding=\"async\" width=\"1000\" height=\"667\" src=\"https:\/\/www.tui.pl\/blog\/wp-content\/uploads\/2025\/03\/shutterstock_1215854839.jpg\" alt=\"Wielkanocne inspiracje czekaj\u0105 na turyst\u00f3w w Grecji!\" class=\"wp-image-10567\" title=\"\" srcset=\"https:\/\/www.tui.pl\/blog\/wp-content\/uploads\/2025\/03\/shutterstock_1215854839.jpg 1000w, https:\/\/www.tui.pl\/blog\/wp-content\/uploads\/2025\/03\/shutterstock_1215854839-600x400.jpg 600w, https:\/\/www.tui.pl\/blog\/wp-content\/uploads\/2025\/03\/shutterstock_1215854839-768x512.jpg 768w, https:\/\/www.tui.pl\/blog\/wp-content\/uploads\/2025\/03\/shutterstock_1215854839-585x390.jpg 585w, https:\/\/www.tui.pl\/blog\/wp-content\/uploads\/2025\/03\/shutterstock_1215854839-263x175.jpg 263w\" sizes=\"auto, (max-width: 1000px) 100vw, 1000px\" \/><\/figure>\n\n\n\n<p>Wielkanoc w Grecji to jedno z najbardziej widowiskowych \u015bwi\u0105t w Europie i jednocze\u015bnie najwa\u017cniejsze \u015bwi\u0119to religijne w kraju. Obchody trwaj\u0105 przez ca\u0142y Wielki Tydzie\u0144, kt\u00f3ry rozpoczyna si\u0119 w Niedziel\u0119 Palmow\u0105. Ka\u017cdy dzie\u0144 ma tu swoje znaczenie i wyj\u0105tkow\u0105 opraw\u0119, a tradycja przeplata si\u0119 z radosnym \u015bwi\u0119towaniem.<\/p>\n\n\n\n<p>W Wielki Czwartek Grecy przygotowuj\u0105 tradycyjne potrawy, wypiekaj\u0105 <strong>tsoureki <\/strong>i barwi\u0105 pisanki. Wielki Pi\u0105tek to czas refleksji i uroczystych procesji w ko\u015bcio\u0142ach. Jednak\u017ce najbardziej poruszaj\u0105cym momentem jest Wielka Sobota, kiedy podczas nocnej liturgii \u015bwiat\u0142a, \u015bwi\u0105tynie roz\u015bwietla p\u0142omie\u0144 symbolizuj\u0105cy zmartwychwstanie. Wierni przekazuj\u0105 p\u0142omie\u0144 z r\u0119ki do r\u0119ki, zapalaj\u0105c swoje \u015bwiece i nios\u0105c go do domu. Po nocnych obchodach wszyscy zasiadaj\u0105 do wsp\u00f3lnego posi\u0142ku, gdzie kr\u00f3luje <strong>mageritsa<\/strong>, czyli tradycyjna zupa z jagni\u0119cych podrob\u00f3w. Niedziela Wielkanocna to ju\u017c czas rado\u015bci i wsp\u00f3lnego \u015bwi\u0119towania przy suto zastawionym stole.<\/p>\n\n\n\n<p>W Grecji Wielkanoc wyr\u00f3\u017cniaj\u0105 tak\u017ce niezwyk\u0142e zwyczaje wielkanocne. Na Korfu mieszka\u0144cy rozbijaj\u0105 gliniane naczynia, a w ca\u0142ym kraju popularne jest symboliczne stukanie czerwonymi jajkami, kt\u00f3re oznaczaj\u0105 \u017cycie i odrodzenie.<\/p>\n\n\n\n<h2 class=\"wp-block-heading has-medium-font-size\">Wielkanoc na Cyprze \u2013 ogniska i zabawy na \u015bwie\u017cym powietrzu<\/h2>\n\n\n\n<figure class=\"wp-block-image size-large\"><img loading=\"lazy\" decoding=\"async\" width=\"1024\" height=\"683\" src=\"https:\/\/www.tui.pl\/blog\/wp-content\/uploads\/2025\/03\/Obraz3-1024x683.jpg\" alt=\"\" class=\"wp-image-10546\" title=\"\" srcset=\"https:\/\/www.tui.pl\/blog\/wp-content\/uploads\/2025\/03\/Obraz3-1024x683.jpg 1024w, https:\/\/www.tui.pl\/blog\/wp-content\/uploads\/2025\/03\/Obraz3-600x400.jpg 600w, https:\/\/www.tui.pl\/blog\/wp-content\/uploads\/2025\/03\/Obraz3-768x513.jpg 768w, https:\/\/www.tui.pl\/blog\/wp-content\/uploads\/2025\/03\/Obraz3-1170x781.jpg 1170w, https:\/\/www.tui.pl\/blog\/wp-content\/uploads\/2025\/03\/Obraz3-585x390.jpg 585w, https:\/\/www.tui.pl\/blog\/wp-content\/uploads\/2025\/03\/Obraz3-263x175.jpg 263w, https:\/\/www.tui.pl\/blog\/wp-content\/uploads\/2025\/03\/Obraz3.jpg 1413w\" sizes=\"auto, (max-width: 1024px) 100vw, 1024px\" \/><\/figure>\n\n\n\n<p>Na Cyprze Wielkanoc to nie tylko \u015bwi\u0119to religijne, ale przede wszystkim czas rado\u015bci, blisko\u015bci i wsp\u00f3lnego \u015bwi\u0119towania. W okresie wielkanocnym, od Wielkiego Pi\u0105tku a\u017c po Niedziel\u0119 Wielkanocn\u0105, w ca\u0142ym kraju odbywaj\u0105 si\u0119 procesje, lokalne wydarzenia i liczne spotkania rodzinne, kt\u00f3re s\u0105 wa\u017cn\u0105 cz\u0119\u015bci\u0105 lokalnych zwyczaj\u00f3w \u015bwi\u0105tecznych.<\/p>\n\n\n\n<p>Jednym z najbardziej charakterystycznych zwyczaj\u00f3w wielkanocnych na Cyprze s\u0105 ogniska zwane lambradija. Przez ca\u0142y tydzie\u0144 m\u0142odzi mieszka\u0144cy zbieraj\u0105 drewno, by w Wielk\u0105 Sobot\u0119, rozpali\u0107 przed ko\u015bcio\u0142ami ogromne stosy. P\u0142omienie roz\u015bwietlaj\u0105 noc, a wok\u00f3\u0142 unosi si\u0119 atmosfera rado\u015bci, emocji i prawdziwego poczucia wsp\u00f3lnoty.<\/p>\n\n\n\n<figure class=\"wp-block-image size-full\"><img loading=\"lazy\" decoding=\"async\" width=\"1000\" height=\"665\" src=\"https:\/\/www.tui.pl\/blog\/wp-content\/uploads\/2025\/03\/shutterstock_2500312809.jpg\" alt=\"Wielkanocne inspiracje mo\u017cna znale\u017a\u0107 tak\u017ce w cypryjskiej kuchni.\" class=\"wp-image-10566\" title=\"\" srcset=\"https:\/\/www.tui.pl\/blog\/wp-content\/uploads\/2025\/03\/shutterstock_2500312809.jpg 1000w, https:\/\/www.tui.pl\/blog\/wp-content\/uploads\/2025\/03\/shutterstock_2500312809-600x399.jpg 600w, https:\/\/www.tui.pl\/blog\/wp-content\/uploads\/2025\/03\/shutterstock_2500312809-768x511.jpg 768w, https:\/\/www.tui.pl\/blog\/wp-content\/uploads\/2025\/03\/shutterstock_2500312809-585x389.jpg 585w, https:\/\/www.tui.pl\/blog\/wp-content\/uploads\/2025\/03\/shutterstock_2500312809-263x175.jpg 263w\" sizes=\"auto, (max-width: 1000px) 100vw, 1000px\" \/><\/figure>\n\n\n\n<p>\u015awi\u0119ta Wielkanocne na Cyprze to tak\u017ce czas wsp\u00f3lnego biesiadowania i radosnych spotka\u0144 na \u015bwie\u017cym powietrzu. Cypryjczycy ch\u0119tnie organizuj\u0105 pikniki, podczas kt\u00f3rych delektuj\u0105 si\u0119 lokalnymi specja\u0142ami. Najpopularniejszymi \u015bwi\u0105tecznymi potrawami s\u0105 <strong>souvla<\/strong>, czyli grillowane kawa\u0142ki mi\u0119sa oraz <strong>flaounes<\/strong>, tradycyjne bu\u0142eczki z serem i mi\u0119t\u0105, cz\u0119sto przygotowywane z r\u00f3\u017cnego rodzaju nadzieniem. Podczas piknik\u00f3w nie brakuje tak\u017ce wsp\u00f3lnych zabaw, kt\u00f3re sprzyjaj\u0105 integracji i radosnej atmosferze. Proste gry, takie jak wy\u015bcigi w workach, przeci\u0105ganie liny czy tradycyjne stukanie jajek, staj\u0105 si\u0119 okazj\u0105 do wsp\u00f3lnej zabawy dla ca\u0142ych rodzin.<\/p>\n\n\n\n<h2 class=\"wp-block-heading has-medium-font-size\">Wielkanoc na Wyspach Kanaryjskich \u2013 mistyczne procesje i s\u0142odkie smako\u0142yki<\/h2>\n\n\n\n<figure class=\"wp-block-image size-full\"><img loading=\"lazy\" decoding=\"async\" width=\"1000\" height=\"666\" src=\"https:\/\/www.tui.pl\/blog\/wp-content\/uploads\/2025\/03\/shutterstock_1328678807.jpg\" alt=\"Wielkanocne inspiracje mo\u017cna znale\u017a\u0107 nawet w kanaryjskich dekoracjach ulicznych.\" class=\"wp-image-10565\" title=\"\" srcset=\"https:\/\/www.tui.pl\/blog\/wp-content\/uploads\/2025\/03\/shutterstock_1328678807.jpg 1000w, https:\/\/www.tui.pl\/blog\/wp-content\/uploads\/2025\/03\/shutterstock_1328678807-600x400.jpg 600w, https:\/\/www.tui.pl\/blog\/wp-content\/uploads\/2025\/03\/shutterstock_1328678807-768x511.jpg 768w, https:\/\/www.tui.pl\/blog\/wp-content\/uploads\/2025\/03\/shutterstock_1328678807-585x390.jpg 585w, https:\/\/www.tui.pl\/blog\/wp-content\/uploads\/2025\/03\/shutterstock_1328678807-263x175.jpg 263w\" sizes=\"auto, (max-width: 1000px) 100vw, 1000px\" \/><\/figure>\n\n\n\n<p>Wielkanoc na Wyspach Kanaryjskich, znana jako Semana Santa, \u0142\u0105czy refleksyjny charakter \u015bwi\u0105t z radosnym, po\u0142udniowym klimatem. W Hiszpanii Wielkanoc to wa\u017cne \u015bwi\u0119to religijne, a na Kanarach obchodzone jest w bardzo nastrojowy spos\u00f3b. Ulicami miast przechodz\u0105 procesje, podczas kt\u00f3rych wierni nios\u0105 figury Chrystusa i Matki Boskiej, tworz\u0105c wyj\u0105tkow\u0105, pe\u0142n\u0105 emocji atmosfer\u0119.<\/p>\n\n\n\n<p>Ka\u017cda z wysp celebruje \u015bwi\u0119ta nieco inaczej. Na Teneryfie, w La Lagunie, odbywa si\u0119 jedna z najbardziej widowiskowych procesji w Hiszpanii. Natomiast na Gran Canarii religijne obchody cz\u0119sto \u0142\u0105cz\u0105 si\u0119 z lokalnymi fiestami, muzyk\u0105 i ta\u0144cami.<\/p>\n\n\n\n<p>Po procesjach przychodzi czas na fiest\u0119! Kanaryjczycy spotykaj\u0105 si\u0119 z bliskimi, by wsp\u00f3lnie celebrowa\u0107 \u015bwi\u0119ta. Spotykaj\u0105 si\u0119 na placach, rozmawiaj\u0105, ta\u0144cz\u0105 i spo\u017cywaj\u0105 \u015bwi\u0105teczne posi\u0142ki. Na sto\u0142ach pojawia si\u0119 <strong>potaje de vigilia<\/strong>, czyli aromatyczna zupa z ciecierzycy i szpinaku oraz s\u0142odkie <strong>torrijas <\/strong>(tosty) sma\u017cone w mleku i jajku, podawane z miodem lub cynamonem.<\/p>\n\n\n\n<figure class=\"wp-block-image size-full\"><img loading=\"lazy\" decoding=\"async\" width=\"1000\" height=\"745\" src=\"https:\/\/www.tui.pl\/blog\/wp-content\/uploads\/2025\/03\/shutterstock_1944422896.jpg\" alt=\"Kuchenne wielkanocne inspiracje na Wyspach Kanaryjskich zachwyc\u0105 nawet najwi\u0119kszych smakoszy.\" class=\"wp-image-10564\" title=\"\" srcset=\"https:\/\/www.tui.pl\/blog\/wp-content\/uploads\/2025\/03\/shutterstock_1944422896.jpg 1000w, https:\/\/www.tui.pl\/blog\/wp-content\/uploads\/2025\/03\/shutterstock_1944422896-600x447.jpg 600w, https:\/\/www.tui.pl\/blog\/wp-content\/uploads\/2025\/03\/shutterstock_1944422896-768x572.jpg 768w, https:\/\/www.tui.pl\/blog\/wp-content\/uploads\/2025\/03\/shutterstock_1944422896-585x436.jpg 585w\" sizes=\"auto, (max-width: 1000px) 100vw, 1000px\" \/><\/figure>\n\n\n\n<h2 class=\"wp-block-heading has-medium-font-size\"><strong>\u015awi\u0119ta Wielkanocne za granic\u0105 \u2013 wyj\u0105tkowy spos\u00f3b na wiosenny wyjazd<\/strong><\/h2>\n\n\n\n<p>Wyjazdy wielkanocne to coraz ch\u0119tniej wybierany spos\u00f3b na wykorzystanie wielkanocnej przerwy. To idealny moment, by zwolni\u0107 tempo, odpocz\u0105\u0107 i na chwil\u0119 oderwa\u0107 si\u0119 od codziennych obowi\u0105zk\u00f3w. Podr\u00f3\u017c w tym czasie daje tak\u017ce mo\u017cliwo\u015b\u0107 poznania lokalnych zwyczaj\u00f3w i spojrzenia na wielkanocne tradycje z zupe\u0142nie nowej perspektywy. <\/p>\n\n\n\n<p>\u015awi\u0119ta Wielkanocne sp\u0119dzone na Wyspach Kanaryjskich, Cyprze czy w Grecji pozwalaj\u0105 po\u0142\u0105czy\u0107 \u015bwi\u0105teczn\u0105 atmosfer\u0119 z wypoczynkiem w ciep\u0142ych krajach i cieszy\u0107 si\u0119 mn\u00f3stwem s\u0142o\u0144ca ju\u017c wczesn\u0105 wiosn\u0105. Niezale\u017cnie od wybranego kierunku, Wielkanoc za granic\u0105 to wyj\u0105tkowe do\u015bwiadczenie i doskona\u0142y pomys\u0142 na spokojny, inspiruj\u0105cy wiosenny wyjazd. Sprawd\u017a <a href=\"https:\/\/www.tui.pl\/wielkanoc\" target=\"_blank\" rel=\"noreferrer noopener\">dost\u0119pne oferty<\/a> i zaplanuj sw\u00f3j wielkanocny wyjazd za granic\u0105!<\/p>\n","protected":false},"excerpt":{"rendered":"<p>Wielkanoc to dla wielu os\u00f3b jedno z najwa\u017cniejszych \u015bwi\u0105t w roku. Jest to czas refleksji, rodzinnych spotka\u0144 i chwila wytchnienia po d\u0142ugiej zimie. To r\u00f3wnie\u017c moment, gdy przyroda budzi si\u0119&hellip;<\/p>\n","protected":false},"author":51,"featured_media":12751,"comment_status":"closed","ping_status":"closed","sticky":false,"template":"","format":"standard","meta":{"_lmt_disableupdate":"","_lmt_disable":"","footnotes":""},"categories":[182],"tags":[],"class_list":["post-10541","post","type-post","status-publish","format-standard","has-post-thumbnail","hentry","category-podroze"],"home_img_url":"https:\/\/www.tui.pl\/blog\/wp-content\/uploads\/2026\/02\/wielkanocne-inspiracje-jak-wygladaja-swieta-za-granica-585x390.jpg","home_img_alt":"Wielkanocne inspiracje \u2013 jak wygl\u0105daj\u0105 \u015bwi\u0119ta za granic\u0105?","_links":{"self":[{"href":"https:\/\/www.tui.pl\/blog\/wp-json\/wp\/v2\/posts\/10541","targetHints":{"allow":["GET"]}}],"collection":[{"href":"https:\/\/www.tui.pl\/blog\/wp-json\/wp\/v2\/posts"}],"about":[{"href":"https:\/\/www.tui.pl\/blog\/wp-json\/wp\/v2\/types\/post"}],"author":[{"embeddable":true,"href":"https:\/\/www.tui.pl\/blog\/wp-json\/wp\/v2\/users\/51"}],"replies":[{"embeddable":true,"href":"https:\/\/www.tui.pl\/blog\/wp-json\/wp\/v2\/comments?post=10541"}],"version-history":[{"count":8,"href":"https:\/\/www.tui.pl\/blog\/wp-json\/wp\/v2\/posts\/10541\/revisions"}],"predecessor-version":[{"id":12753,"href":"https:\/\/www.tui.pl\/blog\/wp-json\/wp\/v2\/posts\/10541\/revisions\/12753"}],"wp:featuredmedia":[{"embeddable":true,"href":"https:\/\/www.tui.pl\/blog\/wp-json\/wp\/v2\/media\/12751"}],"wp:attachment":[{"href":"https:\/\/www.tui.pl\/blog\/wp-json\/wp\/v2\/media?parent=10541"}],"wp:term":[{"taxonomy":"category","embeddable":true,"href":"https:\/\/www.tui.pl\/blog\/wp-json\/wp\/v2\/categories?post=10541"},{"taxonomy":"post_tag","embeddable":true,"href":"https:\/\/www.tui.pl\/blog\/wp-json\/wp\/v2\/tags?post=10541"}],"curies":[{"name":"wp","href":"https:\/\/api.w.org\/{rel}","templated":true}]}}